{"id":7290,"date":"2026-02-06T22:01:25","date_gmt":"2026-02-06T21:01:25","guid":{"rendered":"https:\/\/site.ac-martinique.fr\/circonscription-trinite\/?p=7290"},"modified":"2026-02-06T22:01:25","modified_gmt":"2026-02-06T21:01:25","slug":"parade-des-ecoles-dans-les-rues-de-trinite-et-du-robert","status":"publish","type":"post","link":"https:\/\/site.ac-martinique.fr\/circonscription-trinite\/?p=7290","title":{"rendered":"Parade des \u00e9coles dans les rues de Trinit\u00e9 et du Robert"},"content":{"rendered":"\n<p class=\"wp-block-paragraph\"><\/p>\n\n\n\n<p class=\"wp-block-paragraph\">Dans le cadre du <strong>Carnaval<\/strong>, les \u00e9coles ont particip\u00e9 \u00e0 une <strong>parade festive<\/strong> dans les rues de <strong>Trinit\u00e9 et du Robert<\/strong>, offrant aux \u00e9l\u00e8ves l\u2019occasion de vivre pleinement cet \u00e9v\u00e9nement culturel embl\u00e9matique.<\/p>\n\n\n\n<p class=\"wp-block-paragraph\">Costumes color\u00e9s, musiques, danses et sourires ont rythm\u00e9 cette sortie, plac\u00e9e sous le signe du <strong>partage<\/strong>, de la <strong>cr\u00e9ativit\u00e9<\/strong> et de la <strong>tradition<\/strong>. Les \u00e9l\u00e8ves ont pu d\u00e9filer dans une ambiance joyeuse, accompagn\u00e9s des \u00e9quipes p\u00e9dagogiques et des partenaires mobilis\u00e9s pour l\u2019\u00e9v\u00e9nement.<\/p>\n\n\n\n<figure class=\"wp-block-gallery has-nested-images columns-default is-cropped wp-block-gallery-1 is-layout-flex wp-block-gallery-is-layout-flex\">\n<figure class=\"wp-block-image size-large\"><img loading=\"lazy\" decoding=\"async\" width=\"1024\" height=\"768\" data-id=\"7301\" src=\"https:\/\/site.ac-martinique.fr\/circonscription-trinite\/wp-content\/uploads\/sites\/87\/2026\/02\/JPEG_20260206_170011_7100228455750368942-1024x768.jpg\" alt=\"\" class=\"wp-image-7301\" srcset=\"https:\/\/site.ac-martinique.fr\/circonscription-trinite\/wp-content\/uploads\/sites\/87\/2026\/02\/JPEG_20260206_170011_7100228455750368942-1024x768.jpg 1024w, https:\/\/site.ac-martinique.fr\/circonscription-trinite\/wp-content\/uploads\/sites\/87\/2026\/02\/JPEG_20260206_170011_7100228455750368942-300x225.jpg 300w, https:\/\/site.ac-martinique.fr\/circonscription-trinite\/wp-content\/uploads\/sites\/87\/2026\/02\/JPEG_20260206_170011_7100228455750368942-768x576.jpg 768w, https:\/\/site.ac-martinique.fr\/circonscription-trinite\/wp-content\/uploads\/sites\/87\/2026\/02\/JPEG_20260206_170011_7100228455750368942-1536x1152.jpg 1536w, https:\/\/site.ac-martinique.fr\/circonscription-trinite\/wp-content\/uploads\/sites\/87\/2026\/02\/JPEG_20260206_170011_7100228455750368942-1568x1176.jpg 1568w, https:\/\/site.ac-martinique.fr\/circonscription-trinite\/wp-content\/uploads\/sites\/87\/2026\/02\/JPEG_20260206_170011_7100228455750368942.jpg 1600w\" sizes=\"auto, (max-width: 1024px) 100vw, 1024px\" \/><\/figure>\n<\/figure>\n\n\n\n<p class=\"wp-block-paragraph\">Cette parade a permis de valoriser le travail men\u00e9 en classe autour du Carnaval, tout en renfor\u00e7ant le lien entre l\u2019\u00e9cole et son territoire.<\/p>\n\n\n\n<p class=\"wp-block-paragraph\">\ud83d\udcf8 <strong>Retour en images sur ces temps forts<\/strong>, t\u00e9moins d\u2019un moment convivial et f\u00e9d\u00e9rateur pour l\u2019ensemble des participants.<\/p>\n\n\n\n<figure class=\"wp-block-gallery has-nested-images columns-3 is-cropped wp-block-gallery-2 is-layout-flex wp-block-gallery-is-layout-flex\">\n<figure class=\"wp-block-image size-large\"><img loading=\"lazy\" decoding=\"async\" width=\"1024\" height=\"768\" data-id=\"7293\" src=\"https:\/\/site.ac-martinique.fr\/circonscription-trinite\/wp-content\/uploads\/sites\/87\/2026\/02\/JPEG_20260206_165851_5785788248971182767-1024x768.jpg\" alt=\"\" class=\"wp-image-7293\" srcset=\"https:\/\/site.ac-martinique.fr\/circonscription-trinite\/wp-content\/uploads\/sites\/87\/2026\/02\/JPEG_20260206_165851_5785788248971182767-1024x768.jpg 1024w, https:\/\/site.ac-martinique.fr\/circonscription-trinite\/wp-content\/uploads\/sites\/87\/2026\/02\/JPEG_20260206_165851_5785788248971182767-300x225.jpg 300w, https:\/\/site.ac-martinique.fr\/circonscription-trinite\/wp-content\/uploads\/sites\/87\/2026\/02\/JPEG_20260206_165851_5785788248971182767-768x576.jpg 768w, https:\/\/site.ac-martinique.fr\/circonscription-trinite\/wp-content\/uploads\/sites\/87\/2026\/02\/JPEG_20260206_165851_5785788248971182767.jpg 1280w\" sizes=\"auto, (max-width: 1024px) 100vw, 1024px\" \/><\/figure>\n\n\n\n<figure class=\"wp-block-image size-large\"><img loading=\"lazy\" decoding=\"async\" width=\"1024\" height=\"768\" data-id=\"7295\" src=\"https:\/\/site.ac-martinique.fr\/circonscription-trinite\/wp-content\/uploads\/sites\/87\/2026\/02\/JPEG_20260206_165816_5377474515213802808-1024x768.jpg\" alt=\"\" class=\"wp-image-7295\" srcset=\"https:\/\/site.ac-martinique.fr\/circonscription-trinite\/wp-content\/uploads\/sites\/87\/2026\/02\/JPEG_20260206_165816_5377474515213802808-1024x768.jpg 1024w, https:\/\/site.ac-martinique.fr\/circonscription-trinite\/wp-content\/uploads\/sites\/87\/2026\/02\/JPEG_20260206_165816_5377474515213802808-300x225.jpg 300w, https:\/\/site.ac-martinique.fr\/circonscription-trinite\/wp-content\/uploads\/sites\/87\/2026\/02\/JPEG_20260206_165816_5377474515213802808-768x576.jpg 768w, https:\/\/site.ac-martinique.fr\/circonscription-trinite\/wp-content\/uploads\/sites\/87\/2026\/02\/JPEG_20260206_165816_5377474515213802808.jpg 1280w\" sizes=\"auto, (max-width: 1024px) 100vw, 1024px\" \/><\/figure>\n\n\n\n<figure class=\"wp-block-image size-large\"><img loading=\"lazy\" decoding=\"async\" width=\"1024\" height=\"768\" data-id=\"7294\" src=\"https:\/\/site.ac-martinique.fr\/circonscription-trinite\/wp-content\/uploads\/sites\/87\/2026\/02\/JPEG_20260206_165803_6297384342880447936-1024x768.jpg\" alt=\"\" class=\"wp-image-7294\" srcset=\"https:\/\/site.ac-martinique.fr\/circonscription-trinite\/wp-content\/uploads\/sites\/87\/2026\/02\/JPEG_20260206_165803_6297384342880447936-1024x768.jpg 1024w, https:\/\/site.ac-martinique.fr\/circonscription-trinite\/wp-content\/uploads\/sites\/87\/2026\/02\/JPEG_20260206_165803_6297384342880447936-300x225.jpg 300w, https:\/\/site.ac-martinique.fr\/circonscription-trinite\/wp-content\/uploads\/sites\/87\/2026\/02\/JPEG_20260206_165803_6297384342880447936-768x576.jpg 768w, https:\/\/site.ac-martinique.fr\/circonscription-trinite\/wp-content\/uploads\/sites\/87\/2026\/02\/JPEG_20260206_165803_6297384342880447936.jpg 1280w\" sizes=\"auto, (max-width: 1024px) 100vw, 1024px\" \/><\/figure>\n\n\n\n<figure class=\"wp-block-image size-large\"><img loading=\"lazy\" decoding=\"async\" width=\"768\" height=\"1024\" data-id=\"7296\" src=\"https:\/\/site.ac-martinique.fr\/circonscription-trinite\/wp-content\/uploads\/sites\/87\/2026\/02\/JPEG_20260206_165711_7346443863830020436-768x1024.jpg\" alt=\"\" class=\"wp-image-7296\" srcset=\"https:\/\/site.ac-martinique.fr\/circonscription-trinite\/wp-content\/uploads\/sites\/87\/2026\/02\/JPEG_20260206_165711_7346443863830020436-768x1024.jpg 768w, https:\/\/site.ac-martinique.fr\/circonscription-trinite\/wp-content\/uploads\/sites\/87\/2026\/02\/JPEG_20260206_165711_7346443863830020436-225x300.jpg 225w, https:\/\/site.ac-martinique.fr\/circonscription-trinite\/wp-content\/uploads\/sites\/87\/2026\/02\/JPEG_20260206_165711_7346443863830020436-1152x1536.jpg 1152w, https:\/\/site.ac-martinique.fr\/circonscription-trinite\/wp-content\/uploads\/sites\/87\/2026\/02\/JPEG_20260206_165711_7346443863830020436.jpg 1200w\" sizes=\"auto, (max-width: 768px) 100vw, 768px\" \/><\/figure>\n\n\n\n<figure class=\"wp-block-image size-large\"><img loading=\"lazy\" decoding=\"async\" width=\"1024\" height=\"768\" data-id=\"7297\" src=\"https:\/\/site.ac-martinique.fr\/circonscription-trinite\/wp-content\/uploads\/sites\/87\/2026\/02\/JPEG_20260206_165643_6434998295519073972-1024x768.jpg\" alt=\"\" class=\"wp-image-7297\" srcset=\"https:\/\/site.ac-martinique.fr\/circonscription-trinite\/wp-content\/uploads\/sites\/87\/2026\/02\/JPEG_20260206_165643_6434998295519073972-1024x768.jpg 1024w, https:\/\/site.ac-martinique.fr\/circonscription-trinite\/wp-content\/uploads\/sites\/87\/2026\/02\/JPEG_20260206_165643_6434998295519073972-300x225.jpg 300w, https:\/\/site.ac-martinique.fr\/circonscription-trinite\/wp-content\/uploads\/sites\/87\/2026\/02\/JPEG_20260206_165643_6434998295519073972-768x576.jpg 768w, https:\/\/site.ac-martinique.fr\/circonscription-trinite\/wp-content\/uploads\/sites\/87\/2026\/02\/JPEG_20260206_165643_6434998295519073972.jpg 1280w\" sizes=\"auto, (max-width: 1024px) 100vw, 1024px\" \/><\/figure>\n\n\n\n<figure class=\"wp-block-image size-large\"><img loading=\"lazy\" decoding=\"async\" width=\"1024\" height=\"768\" data-id=\"7298\" src=\"https:\/\/site.ac-martinique.fr\/circonscription-trinite\/wp-content\/uploads\/sites\/87\/2026\/02\/JPEG_20260206_165613_8424721342143230831-1024x768.jpg\" alt=\"\" class=\"wp-image-7298\" srcset=\"https:\/\/site.ac-martinique.fr\/circonscription-trinite\/wp-content\/uploads\/sites\/87\/2026\/02\/JPEG_20260206_165613_8424721342143230831-1024x768.jpg 1024w, https:\/\/site.ac-martinique.fr\/circonscription-trinite\/wp-content\/uploads\/sites\/87\/2026\/02\/JPEG_20260206_165613_8424721342143230831-300x225.jpg 300w, https:\/\/site.ac-martinique.fr\/circonscription-trinite\/wp-content\/uploads\/sites\/87\/2026\/02\/JPEG_20260206_165613_8424721342143230831-768x576.jpg 768w, https:\/\/site.ac-martinique.fr\/circonscription-trinite\/wp-content\/uploads\/sites\/87\/2026\/02\/JPEG_20260206_165613_8424721342143230831.jpg 1280w\" sizes=\"auto, (max-width: 1024px) 100vw, 1024px\" \/><\/figure>\n\n\n\n<figure class=\"wp-block-image size-large\"><img loading=\"lazy\" decoding=\"async\" width=\"1024\" height=\"576\" data-id=\"7299\" src=\"https:\/\/site.ac-martinique.fr\/circonscription-trinite\/wp-content\/uploads\/sites\/87\/2026\/02\/JPEG_20260206_165557_3750869250290418494-1024x576.jpg\" alt=\"\" class=\"wp-image-7299\" srcset=\"https:\/\/site.ac-martinique.fr\/circonscription-trinite\/wp-content\/uploads\/sites\/87\/2026\/02\/JPEG_20260206_165557_3750869250290418494-1024x576.jpg 1024w, https:\/\/site.ac-martinique.fr\/circonscription-trinite\/wp-content\/uploads\/sites\/87\/2026\/02\/JPEG_20260206_165557_3750869250290418494-300x169.jpg 300w, https:\/\/site.ac-martinique.fr\/circonscription-trinite\/wp-content\/uploads\/sites\/87\/2026\/02\/JPEG_20260206_165557_3750869250290418494-768x432.jpg 768w, https:\/\/site.ac-martinique.fr\/circonscription-trinite\/wp-content\/uploads\/sites\/87\/2026\/02\/JPEG_20260206_165557_3750869250290418494-1536x864.jpg 1536w, https:\/\/site.ac-martinique.fr\/circonscription-trinite\/wp-content\/uploads\/sites\/87\/2026\/02\/JPEG_20260206_165557_3750869250290418494-1568x882.jpg 1568w, https:\/\/site.ac-martinique.fr\/circonscription-trinite\/wp-content\/uploads\/sites\/87\/2026\/02\/JPEG_20260206_165557_3750869250290418494.jpg 1599w\" sizes=\"auto, (max-width: 1024px) 100vw, 1024px\" \/><\/figure>\n\n\n\n<figure class=\"wp-block-image size-large\"><img loading=\"lazy\" decoding=\"async\" width=\"1024\" height=\"768\" data-id=\"7300\" src=\"https:\/\/site.ac-martinique.fr\/circonscription-trinite\/wp-content\/uploads\/sites\/87\/2026\/02\/JPEG_20260206_165455_7336143753059521185-1024x768.jpg\" alt=\"\" class=\"wp-image-7300\" srcset=\"https:\/\/site.ac-martinique.fr\/circonscription-trinite\/wp-content\/uploads\/sites\/87\/2026\/02\/JPEG_20260206_165455_7336143753059521185-1024x768.jpg 1024w, https:\/\/site.ac-martinique.fr\/circonscription-trinite\/wp-content\/uploads\/sites\/87\/2026\/02\/JPEG_20260206_165455_7336143753059521185-300x225.jpg 300w, https:\/\/site.ac-martinique.fr\/circonscription-trinite\/wp-content\/uploads\/sites\/87\/2026\/02\/JPEG_20260206_165455_7336143753059521185-768x576.jpg 768w, https:\/\/site.ac-martinique.fr\/circonscription-trinite\/wp-content\/uploads\/sites\/87\/2026\/02\/JPEG_20260206_165455_7336143753059521185.jpg 1280w\" sizes=\"auto, (max-width: 1024px) 100vw, 1024px\" \/><\/figure>\n<\/figure>\n\n\n\n<p class=\"wp-block-paragraph\"><\/p>\n","protected":false},"excerpt":{"rendered":"<p>Dans le cadre du Carnaval, les \u00e9coles ont particip\u00e9 \u00e0 une parade festive dans les rues de Trinit\u00e9 et du Robert, offrant aux \u00e9l\u00e8ves l\u2019occasion de vivre pleinement cet \u00e9v\u00e9nement culturel embl\u00e9matique. Costumes color\u00e9s, musiques, danses et sourires ont rythm\u00e9 cette sortie, plac\u00e9e sous le signe du partage, de la cr\u00e9ativit\u00e9 et de la tradition.&hellip; <a class=\"more-link\" href=\"https:\/\/site.ac-martinique.fr\/circonscription-trinite\/?p=7290\">Poursuivre la lecture <span class=\"screen-reader-text\">Parade des \u00e9coles dans les rues de Trinit\u00e9 et du Robert<\/span><\/a><\/p>\n","protected":false},"author":272,"featured_media":7292,"comment_status":"closed","ping_status":"","sticky":false,"template":"","format":"standard","meta":{"footnotes":"","_links_to":"","_links_to_target":""},"categories":[7],"tags":[],"class_list":["post-7290","post","type-post","status-publish","format-standard","has-post-thumbnail","hentry","category-productiondesecoles","entry"],"amp_enabled":true,"_links":{"self":[{"href":"https:\/\/site.ac-martinique.fr\/circonscription-trinite\/index.php?rest_route=\/wp\/v2\/posts\/7290","targetHints":{"allow":["GET"]}}],"collection":[{"href":"https:\/\/site.ac-martinique.fr\/circonscription-trinite\/index.php?rest_route=\/wp\/v2\/posts"}],"about":[{"href":"https:\/\/site.ac-martinique.fr\/circonscription-trinite\/index.php?rest_route=\/wp\/v2\/types\/post"}],"author":[{"embeddable":true,"href":"https:\/\/site.ac-martinique.fr\/circonscription-trinite\/index.php?rest_route=\/wp\/v2\/users\/272"}],"replies":[{"embeddable":true,"href":"https:\/\/site.ac-martinique.fr\/circonscription-trinite\/index.php?rest_route=%2Fwp%2Fv2%2Fcomments&post=7290"}],"version-history":[{"count":1,"href":"https:\/\/site.ac-martinique.fr\/circonscription-trinite\/index.php?rest_route=\/wp\/v2\/posts\/7290\/revisions"}],"predecessor-version":[{"id":7302,"href":"https:\/\/site.ac-martinique.fr\/circonscription-trinite\/index.php?rest_route=\/wp\/v2\/posts\/7290\/revisions\/7302"}],"wp:featuredmedia":[{"embeddable":true,"href":"https:\/\/site.ac-martinique.fr\/circonscription-trinite\/index.php?rest_route=\/wp\/v2\/media\/7292"}],"wp:attachment":[{"href":"https:\/\/site.ac-martinique.fr\/circonscription-trinite\/index.php?rest_route=%2Fwp%2Fv2%2Fmedia&parent=7290"}],"wp:term":[{"taxonomy":"category","embeddable":true,"href":"https:\/\/site.ac-martinique.fr\/circonscription-trinite\/index.php?rest_route=%2Fwp%2Fv2%2Fcategories&post=7290"},{"taxonomy":"post_tag","embeddable":true,"href":"https:\/\/site.ac-martinique.fr\/circonscription-trinite\/index.php?rest_route=%2Fwp%2Fv2%2Ftags&post=7290"}],"curies":[{"name":"wp","href":"https:\/\/api.w.org\/{rel}","templated":true}]}}