{"id":7310,"date":"2026-03-10T15:29:56","date_gmt":"2026-03-10T14:29:56","guid":{"rendered":"https:\/\/site.ac-martinique.fr\/circonscription-trinite\/?p=7310"},"modified":"2026-03-10T15:29:56","modified_gmt":"2026-03-10T14:29:56","slug":"s-branglidor-intervention-dun-conteur-chanteur","status":"publish","type":"post","link":"https:\/\/site.ac-martinique.fr\/circonscription-trinite\/?p=7310","title":{"rendered":"S.BRANGLIDOR : Intervention d\u2019un conteur-chanteur"},"content":{"rendered":"\n<p>Les \u00e9l\u00e8ves de l\u2019\u00e9cole maternelle <strong>Simone Branglidor<\/strong> ont r\u00e9cemment v\u00e9cu une exp\u00e9rience artistique et culturelle marquante gr\u00e2ce \u00e0 l\u2019intervention d\u2019un <strong>conteur-chanteur<\/strong> venu partager son univers avec les classes.<\/p>\n\n\n\n<p>\u00c0 travers des <strong>histoires rythm\u00e9es, des chants et des moments d\u2019\u00e9changes<\/strong>, les enfants ont \u00e9t\u00e9 invit\u00e9s \u00e0 plonger dans l\u2019imaginaire et la tradition orale. Cette rencontre a permis aux \u00e9l\u00e8ves de d\u00e9couvrir diff\u00e9rentes formes de narration tout en d\u00e9veloppant leur <strong>\u00e9coute, leur attention et leur sensibilit\u00e9 au langage<\/strong>.<\/p>\n\n\n\n<p>Au-del\u00e0 de l\u2019aspect linguistique, cette intervention a \u00e9galement offert aux enfants une <strong>ouverture culturelle<\/strong>, en leur permettant de d\u00e9couvrir une forme artistique ancr\u00e9e dans la transmission orale et les traditions.<\/p>\n\n\n\n<p>Les \u00e9l\u00e8ves, captiv\u00e9s du d\u00e9but \u00e0 la fin, ont pleinement profit\u00e9 de ce moment de partage, qui restera sans doute longtemps dans leur m\u00e9moire.<\/p>\n\n\n\n<p>Un grand merci au conteur-chanteur pour cette <strong>parenth\u00e8se artistique et p\u00e9dagogique<\/strong>, qui illustre combien les rencontres avec des artistes peuvent enrichir les apprentissages et nourrir la curiosit\u00e9 des \u00e9l\u00e8ves d\u00e8s le plus jeune \u00e2ge.<\/p>\n","protected":false},"excerpt":{"rendered":"<p>Les \u00e9l\u00e8ves de l\u2019\u00e9cole maternelle Simone Branglidor ont r\u00e9cemment v\u00e9cu une exp\u00e9rience artistique et culturelle marquante gr\u00e2ce \u00e0 l\u2019intervention d\u2019un conteur-chanteur venu partager son univers avec les classes. \u00c0 travers&hellip; <a class=\"more-link\" href=\"https:\/\/site.ac-martinique.fr\/circonscription-trinite\/?p=7310\">Poursuivre la lecture <span class=\"screen-reader-text\">S.BRANGLIDOR : Intervention d\u2019un conteur-chanteur<\/span><\/a><\/p>\n","protected":false},"author":272,"featured_media":7312,"comment_status":"closed","ping_status":"","sticky":false,"template":"","format":"standard","meta":{"footnotes":"","_links_to":"","_links_to_target":""},"categories":[7],"tags":[],"class_list":["post-7310","post","type-post","status-publish","format-standard","has-post-thumbnail","hentry","category-productiondesecoles","entry"],"amp_enabled":true,"_links":{"self":[{"href":"https:\/\/site.ac-martinique.fr\/circonscription-trinite\/index.php?rest_route=\/wp\/v2\/posts\/7310","targetHints":{"allow":["GET"]}}],"collection":[{"href":"https:\/\/site.ac-martinique.fr\/circonscription-trinite\/index.php?rest_route=\/wp\/v2\/posts"}],"about":[{"href":"https:\/\/site.ac-martinique.fr\/circonscription-trinite\/index.php?rest_route=\/wp\/v2\/types\/post"}],"author":[{"embeddable":true,"href":"https:\/\/site.ac-martinique.fr\/circonscription-trinite\/index.php?rest_route=\/wp\/v2\/users\/272"}],"replies":[{"embeddable":true,"href":"https:\/\/site.ac-martinique.fr\/circonscription-trinite\/index.php?rest_route=%2Fwp%2Fv2%2Fcomments&post=7310"}],"version-history":[{"count":1,"href":"https:\/\/site.ac-martinique.fr\/circonscription-trinite\/index.php?rest_route=\/wp\/v2\/posts\/7310\/revisions"}],"predecessor-version":[{"id":7313,"href":"https:\/\/site.ac-martinique.fr\/circonscription-trinite\/index.php?rest_route=\/wp\/v2\/posts\/7310\/revisions\/7313"}],"wp:featuredmedia":[{"embeddable":true,"href":"https:\/\/site.ac-martinique.fr\/circonscription-trinite\/index.php?rest_route=\/wp\/v2\/media\/7312"}],"wp:attachment":[{"href":"https:\/\/site.ac-martinique.fr\/circonscription-trinite\/index.php?rest_route=%2Fwp%2Fv2%2Fmedia&parent=7310"}],"wp:term":[{"taxonomy":"category","embeddable":true,"href":"https:\/\/site.ac-martinique.fr\/circonscription-trinite\/index.php?rest_route=%2Fwp%2Fv2%2Fcategories&post=7310"},{"taxonomy":"post_tag","embeddable":true,"href":"https:\/\/site.ac-martinique.fr\/circonscription-trinite\/index.php?rest_route=%2Fwp%2Fv2%2Ftags&post=7310"}],"curies":[{"name":"wp","href":"https:\/\/api.w.org\/{rel}","templated":true}]}}