{"id":7575,"date":"2026-04-28T15:55:56","date_gmt":"2026-04-28T13:55:56","guid":{"rendered":"https:\/\/site.ac-martinique.fr\/circonscription-trinite\/?p=7575"},"modified":"2026-04-28T15:55:56","modified_gmt":"2026-04-28T13:55:56","slug":"c-lourel-devenir-acteurs-de-la-biodiversite-locale","status":"publish","type":"post","link":"https:\/\/site.ac-martinique.fr\/circonscription-trinite\/?p=7575","title":{"rendered":"C. LOUREL :  Devenir acteurs de la biodiversit\u00e9 locale"},"content":{"rendered":"\n<p class=\"has-medium-font-size\">\u00c0 l\u2019\u00e9cole Couronn\u00e9 LOUREL, les \u00e9l\u00e8ves des cycles 2 et 3 ont r\u00e9alis\u00e9 un panneau explicatif en cr\u00e9ole \u00e0 la suite d\u2019une sortie p\u00e9dagogique consacr\u00e9e \u00e0 la d\u00e9couverte de la mangrove des Trois-\u00celets.<\/p>\n\n\n\n<div class=\"wp-block-columns is-layout-flex wp-container-core-columns-is-layout-d0b3c9c8 wp-block-columns-is-layout-flex\">\n<div class=\"wp-block-column is-layout-flow wp-block-column-is-layout-flow\" style=\"--col-width:33.33%;flex-basis:33.33%\">\n<figure class=\"wp-block-image size-large\"><img loading=\"lazy\" decoding=\"async\" width=\"576\" height=\"1024\" src=\"https:\/\/site.ac-martinique.fr\/circonscription-trinite\/wp-content\/uploads\/sites\/87\/2026\/04\/IMG-20260428-WA0002-576x1024.jpg\" alt=\"\" class=\"wp-image-7576\" srcset=\"https:\/\/site.ac-martinique.fr\/circonscription-trinite\/wp-content\/uploads\/sites\/87\/2026\/04\/IMG-20260428-WA0002-576x1024.jpg 576w, https:\/\/site.ac-martinique.fr\/circonscription-trinite\/wp-content\/uploads\/sites\/87\/2026\/04\/IMG-20260428-WA0002-169x300.jpg 169w, https:\/\/site.ac-martinique.fr\/circonscription-trinite\/wp-content\/uploads\/sites\/87\/2026\/04\/IMG-20260428-WA0002-768x1365.jpg 768w, https:\/\/site.ac-martinique.fr\/circonscription-trinite\/wp-content\/uploads\/sites\/87\/2026\/04\/IMG-20260428-WA0002-864x1536.jpg 864w, https:\/\/site.ac-martinique.fr\/circonscription-trinite\/wp-content\/uploads\/sites\/87\/2026\/04\/IMG-20260428-WA0002.jpg 900w\" sizes=\"auto, (max-width: 576px) 100vw, 576px\" \/><\/figure>\n<\/div>\n\n\n\n<div class=\"wp-block-column is-vertically-aligned-center is-layout-flow wp-block-column-is-layout-flow\" style=\"--col-width:66.66%;flex-basis:66.66%\">\n<p>Ce projet a permis aux \u00e9l\u00e8ves d\u2019enrichir leurs connaissances sur cet \u00e9cosyst\u00e8me essentiel, tout en valorisant la langue cr\u00e9ole comme outil d\u2019expression et de transmission des savoirs.<\/p>\n\n\n\n<p>\u00c0 travers la recherche d\u2019informations, la r\u00e9daction des contenus et la r\u00e9alisation du panneau, les \u00e9l\u00e8ves ont mobilis\u00e9 des comp\u00e9tences en sciences, en langage et en travail collaboratif.<\/p>\n<\/div>\n<\/div>\n\n\n\n<p class=\"has-medium-font-size\">Cette activit\u00e9 a \u00e9galement contribu\u00e9 \u00e0 sensibiliser les \u00e9l\u00e8ves \u00e0 la pr\u00e9servation de l\u2019environnement et \u00e0 la richesse du patrimoine naturel et culturel martiniquais.<\/p>\n\n\n\n<p><\/p>\n","protected":false},"excerpt":{"rendered":"<p>\u00c0 l\u2019\u00e9cole Couronn\u00e9 LOUREL, les \u00e9l\u00e8ves des cycles 2 et 3 ont r\u00e9alis\u00e9 un panneau explicatif en cr\u00e9ole \u00e0 la suite d\u2019une sortie p\u00e9dagogique consacr\u00e9e \u00e0 la d\u00e9couverte de la&hellip; <a class=\"more-link\" href=\"https:\/\/site.ac-martinique.fr\/circonscription-trinite\/?p=7575\">Poursuivre la lecture <span class=\"screen-reader-text\">C. LOUREL :  Devenir acteurs de la biodiversit\u00e9 locale<\/span><\/a><\/p>\n","protected":false},"author":272,"featured_media":7577,"comment_status":"closed","ping_status":"","sticky":false,"template":"","format":"standard","meta":{"footnotes":"","_links_to":"","_links_to_target":""},"categories":[1],"tags":[],"class_list":["post-7575","post","type-post","status-publish","format-standard","has-post-thumbnail","hentry","category-non-classe","entry"],"amp_enabled":true,"_links":{"self":[{"href":"https:\/\/site.ac-martinique.fr\/circonscription-trinite\/index.php?rest_route=\/wp\/v2\/posts\/7575","targetHints":{"allow":["GET"]}}],"collection":[{"href":"https:\/\/site.ac-martinique.fr\/circonscription-trinite\/index.php?rest_route=\/wp\/v2\/posts"}],"about":[{"href":"https:\/\/site.ac-martinique.fr\/circonscription-trinite\/index.php?rest_route=\/wp\/v2\/types\/post"}],"author":[{"embeddable":true,"href":"https:\/\/site.ac-martinique.fr\/circonscription-trinite\/index.php?rest_route=\/wp\/v2\/users\/272"}],"replies":[{"embeddable":true,"href":"https:\/\/site.ac-martinique.fr\/circonscription-trinite\/index.php?rest_route=%2Fwp%2Fv2%2Fcomments&post=7575"}],"version-history":[{"count":1,"href":"https:\/\/site.ac-martinique.fr\/circonscription-trinite\/index.php?rest_route=\/wp\/v2\/posts\/7575\/revisions"}],"predecessor-version":[{"id":7578,"href":"https:\/\/site.ac-martinique.fr\/circonscription-trinite\/index.php?rest_route=\/wp\/v2\/posts\/7575\/revisions\/7578"}],"wp:featuredmedia":[{"embeddable":true,"href":"https:\/\/site.ac-martinique.fr\/circonscription-trinite\/index.php?rest_route=\/wp\/v2\/media\/7577"}],"wp:attachment":[{"href":"https:\/\/site.ac-martinique.fr\/circonscription-trinite\/index.php?rest_route=%2Fwp%2Fv2%2Fmedia&parent=7575"}],"wp:term":[{"taxonomy":"category","embeddable":true,"href":"https:\/\/site.ac-martinique.fr\/circonscription-trinite\/index.php?rest_route=%2Fwp%2Fv2%2Fcategories&post=7575"},{"taxonomy":"post_tag","embeddable":true,"href":"https:\/\/site.ac-martinique.fr\/circonscription-trinite\/index.php?rest_route=%2Fwp%2Fv2%2Ftags&post=7575"}],"curies":[{"name":"wp","href":"https:\/\/api.w.org\/{rel}","templated":true}]}}