{"id":7579,"date":"2026-04-30T19:11:01","date_gmt":"2026-04-30T17:11:01","guid":{"rendered":"https:\/\/site.ac-martinique.fr\/circonscription-trinite\/?p=7579"},"modified":"2026-04-30T19:11:02","modified_gmt":"2026-04-30T17:11:02","slug":"p-cirille-elem-a-la-decouverte-du-manioc","status":"publish","type":"post","link":"https:\/\/site.ac-martinique.fr\/circonscription-trinite\/?p=7579","title":{"rendered":"P. CIRILLE Elem :  A la d\u00e9couverte du Manioc"},"content":{"rendered":"\n<p class=\"has-medium-font-size\">Les classes de <strong>CE1\/CE2 et CE2<\/strong> de Mesdames <strong>C. et M.<\/strong>, de l\u2019\u00e9cole \u00e9l\u00e9mentaire Pierre Cirille, ont particip\u00e9 \u00e0 une sortie p\u00e9dagogique \u00e0 la <strong>Maison du Manioc<\/strong>.<\/p>\n\n\n\n<div class=\"wp-block-columns is-layout-flex wp-container-core-columns-is-layout-d0b3c9c8 wp-block-columns-is-layout-flex\">\n<div class=\"wp-block-column is-layout-flow wp-block-column-is-layout-flow\">\n<figure class=\"wp-block-image size-large\"><img loading=\"lazy\" decoding=\"async\" width=\"768\" height=\"1024\" src=\"https:\/\/site.ac-martinique.fr\/circonscription-trinite\/wp-content\/uploads\/sites\/87\/2026\/04\/WhatsApp-Image-2026-04-28-at-19.36.21-2-768x1024.jpeg\" alt=\"\" class=\"wp-image-7590\" srcset=\"https:\/\/site.ac-martinique.fr\/circonscription-trinite\/wp-content\/uploads\/sites\/87\/2026\/04\/WhatsApp-Image-2026-04-28-at-19.36.21-2-768x1024.jpeg 768w, https:\/\/site.ac-martinique.fr\/circonscription-trinite\/wp-content\/uploads\/sites\/87\/2026\/04\/WhatsApp-Image-2026-04-28-at-19.36.21-2-225x300.jpeg 225w, https:\/\/site.ac-martinique.fr\/circonscription-trinite\/wp-content\/uploads\/sites\/87\/2026\/04\/WhatsApp-Image-2026-04-28-at-19.36.21-2-1152x1536.jpeg 1152w, https:\/\/site.ac-martinique.fr\/circonscription-trinite\/wp-content\/uploads\/sites\/87\/2026\/04\/WhatsApp-Image-2026-04-28-at-19.36.21-2.jpeg 1200w\" sizes=\"auto, (max-width: 768px) 100vw, 768px\" \/><\/figure>\n<\/div>\n\n\n\n<div class=\"wp-block-column is-vertically-aligned-center is-layout-flow wp-block-column-is-layout-flow\">\n<p class=\"has-large-font-size\">Cette visite a permis aux \u00e9l\u00e8ves de d\u00e9couvrir les diff\u00e9rentes \u00e9tapes de transformation du manioc, aliment embl\u00e9matique du patrimoine martiniquais. \u00c0 travers les \u00e9changes, les d\u00e9monstrations et les observations, les \u00e9l\u00e8ves ont enrichi leurs connaissances autour des traditions locales, des savoir-faire anciens et de l\u2019alimentation.<\/p>\n\n\n\n<p><\/p>\n\n\n\n<p class=\"has-large-font-size\">Cette sortie s\u2019inscrit dans une d\u00e9marche p\u00e9dagogique visant \u00e0 relier les apprentissages scolaires \u00e0 la d\u00e9couverte du patrimoine culturel et historique du territoire.<\/p>\n<\/div>\n<\/div>\n\n\n\n<p class=\"has-medium-font-size\">Une exp\u00e9rience enrichissante qui a suscit\u00e9 curiosit\u00e9, \u00e9changes et d\u00e9couvertes chez les \u00e9l\u00e8ves.<\/p>\n\n\n\n<figure class=\"wp-block-gallery has-nested-images columns-default is-cropped wp-block-gallery-1 is-layout-flex wp-block-gallery-is-layout-flex\">\n<figure class=\"wp-block-image size-large\"><img loading=\"lazy\" decoding=\"async\" width=\"1024\" height=\"768\" data-id=\"7588\" src=\"https:\/\/site.ac-martinique.fr\/circonscription-trinite\/wp-content\/uploads\/sites\/87\/2026\/04\/WhatsApp-Image-2026-04-28-at-19.36.20-3-1024x768.jpeg\" alt=\"\" class=\"wp-image-7588\" srcset=\"https:\/\/site.ac-martinique.fr\/circonscription-trinite\/wp-content\/uploads\/sites\/87\/2026\/04\/WhatsApp-Image-2026-04-28-at-19.36.20-3-1024x768.jpeg 1024w, https:\/\/site.ac-martinique.fr\/circonscription-trinite\/wp-content\/uploads\/sites\/87\/2026\/04\/WhatsApp-Image-2026-04-28-at-19.36.20-3-300x225.jpeg 300w, https:\/\/site.ac-martinique.fr\/circonscription-trinite\/wp-content\/uploads\/sites\/87\/2026\/04\/WhatsApp-Image-2026-04-28-at-19.36.20-3-768x576.jpeg 768w, https:\/\/site.ac-martinique.fr\/circonscription-trinite\/wp-content\/uploads\/sites\/87\/2026\/04\/WhatsApp-Image-2026-04-28-at-19.36.20-3-1536x1152.jpeg 1536w, https:\/\/site.ac-martinique.fr\/circonscription-trinite\/wp-content\/uploads\/sites\/87\/2026\/04\/WhatsApp-Image-2026-04-28-at-19.36.20-3-1568x1176.jpeg 1568w, https:\/\/site.ac-martinique.fr\/circonscription-trinite\/wp-content\/uploads\/sites\/87\/2026\/04\/WhatsApp-Image-2026-04-28-at-19.36.20-3.jpeg 1600w\" sizes=\"auto, (max-width: 1024px) 100vw, 1024px\" \/><\/figure>\n\n\n\n<figure class=\"wp-block-image size-large\"><img loading=\"lazy\" decoding=\"async\" width=\"768\" height=\"1024\" data-id=\"7591\" src=\"https:\/\/site.ac-martinique.fr\/circonscription-trinite\/wp-content\/uploads\/sites\/87\/2026\/04\/WhatsApp-Image-2026-04-28-at-19.36.21-3-768x1024.jpeg\" alt=\"\" class=\"wp-image-7591\" srcset=\"https:\/\/site.ac-martinique.fr\/circonscription-trinite\/wp-content\/uploads\/sites\/87\/2026\/04\/WhatsApp-Image-2026-04-28-at-19.36.21-3-768x1024.jpeg 768w, https:\/\/site.ac-martinique.fr\/circonscription-trinite\/wp-content\/uploads\/sites\/87\/2026\/04\/WhatsApp-Image-2026-04-28-at-19.36.21-3-225x300.jpeg 225w, https:\/\/site.ac-martinique.fr\/circonscription-trinite\/wp-content\/uploads\/sites\/87\/2026\/04\/WhatsApp-Image-2026-04-28-at-19.36.21-3-1152x1536.jpeg 1152w, https:\/\/site.ac-martinique.fr\/circonscription-trinite\/wp-content\/uploads\/sites\/87\/2026\/04\/WhatsApp-Image-2026-04-28-at-19.36.21-3.jpeg 1200w\" sizes=\"auto, (max-width: 768px) 100vw, 768px\" \/><\/figure>\n\n\n\n<figure class=\"wp-block-image size-large\"><img loading=\"lazy\" decoding=\"async\" width=\"768\" height=\"1024\" data-id=\"7589\" src=\"https:\/\/site.ac-martinique.fr\/circonscription-trinite\/wp-content\/uploads\/sites\/87\/2026\/04\/WhatsApp-Image-2026-04-28-at-19.36.21-1-1-768x1024.jpeg\" alt=\"\" class=\"wp-image-7589\" srcset=\"https:\/\/site.ac-martinique.fr\/circonscription-trinite\/wp-content\/uploads\/sites\/87\/2026\/04\/WhatsApp-Image-2026-04-28-at-19.36.21-1-1-768x1024.jpeg 768w, https:\/\/site.ac-martinique.fr\/circonscription-trinite\/wp-content\/uploads\/sites\/87\/2026\/04\/WhatsApp-Image-2026-04-28-at-19.36.21-1-1-225x300.jpeg 225w, https:\/\/site.ac-martinique.fr\/circonscription-trinite\/wp-content\/uploads\/sites\/87\/2026\/04\/WhatsApp-Image-2026-04-28-at-19.36.21-1-1-1152x1536.jpeg 1152w, https:\/\/site.ac-martinique.fr\/circonscription-trinite\/wp-content\/uploads\/sites\/87\/2026\/04\/WhatsApp-Image-2026-04-28-at-19.36.21-1-1.jpeg 1200w\" sizes=\"auto, (max-width: 768px) 100vw, 768px\" \/><\/figure>\n<\/figure>\n","protected":false},"excerpt":{"rendered":"<p>Les classes de CE1\/CE2 et CE2 de Mesdames C. et M., de l\u2019\u00e9cole \u00e9l\u00e9mentaire Pierre Cirille, ont particip\u00e9 \u00e0 une sortie p\u00e9dagogique \u00e0 la Maison du Manioc. Cette visite a&hellip; <a class=\"more-link\" href=\"https:\/\/site.ac-martinique.fr\/circonscription-trinite\/?p=7579\">Poursuivre la lecture <span class=\"screen-reader-text\">P. CIRILLE Elem :  A la d\u00e9couverte du Manioc<\/span><\/a><\/p>\n","protected":false},"author":272,"featured_media":7587,"comment_status":"closed","ping_status":"closed","sticky":false,"template":"","format":"standard","meta":{"footnotes":"","_links_to":"","_links_to_target":""},"categories":[7],"tags":[],"class_list":["post-7579","post","type-post","status-publish","format-standard","has-post-thumbnail","hentry","category-productiondesecoles","entry"],"amp_enabled":true,"_links":{"self":[{"href":"https:\/\/site.ac-martinique.fr\/circonscription-trinite\/index.php?rest_route=\/wp\/v2\/posts\/7579","targetHints":{"allow":["GET"]}}],"collection":[{"href":"https:\/\/site.ac-martinique.fr\/circonscription-trinite\/index.php?rest_route=\/wp\/v2\/posts"}],"about":[{"href":"https:\/\/site.ac-martinique.fr\/circonscription-trinite\/index.php?rest_route=\/wp\/v2\/types\/post"}],"author":[{"embeddable":true,"href":"https:\/\/site.ac-martinique.fr\/circonscription-trinite\/index.php?rest_route=\/wp\/v2\/users\/272"}],"replies":[{"embeddable":true,"href":"https:\/\/site.ac-martinique.fr\/circonscription-trinite\/index.php?rest_route=%2Fwp%2Fv2%2Fcomments&post=7579"}],"version-history":[{"count":2,"href":"https:\/\/site.ac-martinique.fr\/circonscription-trinite\/index.php?rest_route=\/wp\/v2\/posts\/7579\/revisions"}],"predecessor-version":[{"id":7594,"href":"https:\/\/site.ac-martinique.fr\/circonscription-trinite\/index.php?rest_route=\/wp\/v2\/posts\/7579\/revisions\/7594"}],"wp:featuredmedia":[{"embeddable":true,"href":"https:\/\/site.ac-martinique.fr\/circonscription-trinite\/index.php?rest_route=\/wp\/v2\/media\/7587"}],"wp:attachment":[{"href":"https:\/\/site.ac-martinique.fr\/circonscription-trinite\/index.php?rest_route=%2Fwp%2Fv2%2Fmedia&parent=7579"}],"wp:term":[{"taxonomy":"category","embeddable":true,"href":"https:\/\/site.ac-martinique.fr\/circonscription-trinite\/index.php?rest_route=%2Fwp%2Fv2%2Fcategories&post=7579"},{"taxonomy":"post_tag","embeddable":true,"href":"https:\/\/site.ac-martinique.fr\/circonscription-trinite\/index.php?rest_route=%2Fwp%2Fv2%2Ftags&post=7579"}],"curies":[{"name":"wp","href":"https:\/\/api.w.org\/{rel}","templated":true}]}}