{"id":2942,"date":"2024-06-21T12:38:42","date_gmt":"2024-06-21T16:38:42","guid":{"rendered":"https:\/\/site.ac-martinique.fr\/clg-adenet\/?p=2942"},"modified":"2024-06-21T12:49:18","modified_gmt":"2024-06-21T16:49:18","slug":"inscription-au-college","status":"publish","type":"post","link":"https:\/\/site.ac-martinique.fr\/clg-adenet\/?p=2942","title":{"rendered":"INSCRIPTION AU COLLEGE"},"content":{"rendered":"\n<p><br \/><br \/>Madame, Monsieur,<br \/>&nbsp;<br \/>Le coll\u00e8ge autorise l&rsquo;inscription en ligne, via votre compte <a href=\"https:\/\/educonnect.education.gouv.fr\/idp\/profile\/SAML2\/Redirect\/SSO?execution=e2s1\" data-type=\"link\" data-id=\"https:\/\/educonnect.education.gouv.fr\/idp\/profile\/SAML2\/Redirect\/SSO?execution=e2s1\" target=\"_blank\" rel=\"noreferrer noopener\">EduConnect<\/a>, pour la rentr\u00e9e 2024, en 5\u00e8me et en 3\u00e8me.<br \/>&nbsp;<br \/>Pour vous y aider, je vous prie de visiter la page internet du minist\u00e8re <a href=\"https:\/\/www.education.gouv.fr\/l-inscription-au-college-11987\" data-type=\"link\" data-id=\"https:\/\/www.education.gouv.fr\/l-inscription-au-college-11987\" target=\"_blank\" rel=\"noreferrer noopener\">L&rsquo;inscription au coll\u00e8ge<\/a><br \/>&nbsp;<br \/>Vous pouvez \u00e9galement visionner la vid\u00e9o <a href=\"https:\/\/tube-numerique-educatif.apps.education.fr\/w\/m6EGeeMAbUMVyLexzkLAWj\" data-type=\"link\" data-id=\"https:\/\/tube-numerique-educatif.apps.education.fr\/w\/m6EGeeMAbUMVyLexzkLAWj\" target=\"_blank\" rel=\"noreferrer noopener\"> Parcours parents inscription<\/a><br \/>&nbsp;<br \/>Enfin, pour toute question sur votre connexion ou sur une d\u00e9marche en ligne, la plateforme d\u2019assistance nationale (Assistance d\u00e9marches en ligne) est \u00e0 la disposition<br \/>des familles, le lien est celui qui suit :<br \/><a href=\"https:\/\/assistanceteleservices.education.gouv.fr\/\" target=\"_blank\" rel=\"noreferrer noopener\">assistanceteleservices.education.gouv.fr<\/a><\/p>\n\n\n\n<p><br \/>Nous vous recevrons au coll\u00e8ge pour r\u00e9cup\u00e9rer les pi\u00e8ces compl\u00e9mentaires<br \/><strong>Le lundi 24 juin 2024<\/strong> : pour les <strong>entrants en 3\u00e8me<\/strong><br \/><strong>Le mardi 25 juin 2024 <\/strong>: pour les <strong>entrants en 5\u00e8me<\/strong><br \/>Tr\u00e8s cordialement,<br \/>&nbsp;<br \/>La principale,<br \/><strong>Anny PARICARD-SINOSA<\/strong><\/p>\n\n\n\n<figure data-wp-context=\"{&quot;imageId&quot;:&quot;69f2ac5229c9f&quot;}\" data-wp-interactive=\"core\/image\" data-wp-key=\"69f2ac5229c9f\" class=\"wp-block-image size-full wp-lightbox-container\"><img loading=\"lazy\" decoding=\"async\" width=\"575\" height=\"779\" data-wp-class--hide=\"state.isContentHidden\" data-wp-class--show=\"state.isContentVisible\" data-wp-init=\"callbacks.setButtonStyles\" data-wp-on--click=\"actions.showLightbox\" data-wp-on--load=\"callbacks.setButtonStyles\" data-wp-on-window--resize=\"callbacks.setButtonStyles\" src=\"https:\/\/site.ac-martinique.fr\/clg-adenet\/wp-content\/uploads\/sites\/84\/2024\/06\/Capture-decran-2024-06-21-123342.png\" alt=\"\" class=\"wp-image-2944\" srcset=\"https:\/\/site.ac-martinique.fr\/clg-adenet\/wp-content\/uploads\/sites\/84\/2024\/06\/Capture-decran-2024-06-21-123342.png 575w, https:\/\/site.ac-martinique.fr\/clg-adenet\/wp-content\/uploads\/sites\/84\/2024\/06\/Capture-decran-2024-06-21-123342-221x300.png 221w\" sizes=\"auto, (max-width: 575px) 100vw, 575px\" \/><button\n\t\t\tclass=\"lightbox-trigger\"\n\t\t\ttype=\"button\"\n\t\t\taria-haspopup=\"dialog\"\n\t\t\taria-label=\"Agrandir\"\n\t\t\tdata-wp-init=\"callbacks.initTriggerButton\"\n\t\t\tdata-wp-on--click=\"actions.showLightbox\"\n\t\t\tdata-wp-style--right=\"state.imageButtonRight\"\n\t\t\tdata-wp-style--top=\"state.imageButtonTop\"\n\t\t>\n\t\t\t<svg xmlns=\"http:\/\/www.w3.org\/2000\/svg\" width=\"12\" height=\"12\" fill=\"none\" viewBox=\"0 0 12 12\">\n\t\t\t\t<path fill=\"#fff\" d=\"M2 0a2 2 0 0 0-2 2v2h1.5V2a.5.5 0 0 1 .5-.5h2V0H2Zm2 10.5H2a.5.5 0 0 1-.5-.5V8H0v2a2 2 0 0 0 2 2h2v-1.5ZM8 12v-1.5h2a.5.5 0 0 0 .5-.5V8H12v2a2 2 0 0 1-2 2H8Zm2-12a2 2 0 0 1 2 2v2h-1.5V2a.5.5 0 0 0-.5-.5H8V0h2Z\" \/>\n\t\t\t<\/svg>\n\t\t<\/button><\/figure>\n","protected":false},"excerpt":{"rendered":"<p>Madame, Monsieur,&nbsp;Le coll\u00e8ge autorise l&rsquo;inscription en ligne, via votre compte EduConnect, pour la rentr\u00e9e 2024, en 5\u00e8me et en 3\u00e8me.&nbsp;Pour vous y aider, je vous prie de visiter la page internet du minist\u00e8re L&rsquo;inscription au coll\u00e8ge&nbsp;Vous pouvez \u00e9galement visionner la vid\u00e9o Parcours parents inscription&nbsp;Enfin, pour toute question sur votre connexion ou sur une d\u00e9marche en [&hellip;]<\/p>\n","protected":false},"author":279,"featured_media":0,"comment_status":"closed","ping_status":"closed","sticky":false,"template":"","format":"standard","meta":{"site-sidebar-layout":"default","site-content-layout":"","ast-site-content-layout":"default","site-content-style":"default","site-sidebar-style":"default","ast-global-header-display":"","ast-banner-title-visibility":"","ast-main-header-display":"","ast-hfb-above-header-display":"","ast-hfb-below-header-display":"","ast-hfb-mobile-header-display":"","site-post-title":"","ast-breadcrumbs-content":"","ast-featured-img":"","footer-sml-layout":"","ast-disable-related-posts":"","theme-transparent-header-meta":"","adv-header-id-meta":"","stick-header-meta":"","header-above-stick-meta":"","header-main-stick-meta":"","header-below-stick-meta":"","astra-migrate-meta-layouts":"default","ast-page-background-enabled":"default","ast-page-background-meta":{"desktop":{"background-color":"var(--ast-global-color-4)","background-image":"","background-repeat":"repeat","background-position":"center center","background-size":"auto","background-attachment":"scroll","background-type":"","background-media":"","overlay-type":"","overlay-color":"","overlay-opacity":"","overlay-gradient":""},"tablet":{"background-color":"","background-image":"","background-repeat":"repeat","background-position":"center center","background-size":"auto","background-attachment":"scroll","background-type":"","background-media":"","overlay-type":"","overlay-color":"","overlay-opacity":"","overlay-gradient":""},"mobile":{"background-color":"","background-image":"","background-repeat":"repeat","background-position":"center center","background-size":"auto","background-attachment":"scroll","background-type":"","background-media":"","overlay-type":"","overlay-color":"","overlay-opacity":"","overlay-gradient":""}},"ast-content-background-meta":{"desktop":{"background-color":"var(--ast-global-color-5)","background-image":"","background-repeat":"repeat","background-position":"center center","background-size":"auto","background-attachment":"scroll","background-type":"","background-media":"","overlay-type":"","overlay-color":"","overlay-opacity":"","overlay-gradient":""},"tablet":{"background-color":"var(--ast-global-color-5)","background-image":"","background-repeat":"repeat","background-position":"center center","background-size":"auto","background-attachment":"scroll","background-type":"","background-media":"","overlay-type":"","overlay-color":"","overlay-opacity":"","overlay-gradient":""},"mobile":{"background-color":"var(--ast-global-color-5)","background-image":"","background-repeat":"repeat","background-position":"center center","background-size":"auto","background-attachment":"scroll","background-type":"","background-media":"","overlay-type":"","overlay-color":"","overlay-opacity":"","overlay-gradient":""}},"footnotes":""},"categories":[1],"tags":[],"class_list":["post-2942","post","type-post","status-publish","format-standard","hentry","category-non-classe"],"_links":{"self":[{"href":"https:\/\/site.ac-martinique.fr\/clg-adenet\/index.php?rest_route=\/wp\/v2\/posts\/2942","targetHints":{"allow":["GET"]}}],"collection":[{"href":"https:\/\/site.ac-martinique.fr\/clg-adenet\/index.php?rest_route=\/wp\/v2\/posts"}],"about":[{"href":"https:\/\/site.ac-martinique.fr\/clg-adenet\/index.php?rest_route=\/wp\/v2\/types\/post"}],"author":[{"embeddable":true,"href":"https:\/\/site.ac-martinique.fr\/clg-adenet\/index.php?rest_route=\/wp\/v2\/users\/279"}],"replies":[{"embeddable":true,"href":"https:\/\/site.ac-martinique.fr\/clg-adenet\/index.php?rest_route=%2Fwp%2Fv2%2Fcomments&post=2942"}],"version-history":[{"count":5,"href":"https:\/\/site.ac-martinique.fr\/clg-adenet\/index.php?rest_route=\/wp\/v2\/posts\/2942\/revisions"}],"predecessor-version":[{"id":2950,"href":"https:\/\/site.ac-martinique.fr\/clg-adenet\/index.php?rest_route=\/wp\/v2\/posts\/2942\/revisions\/2950"}],"wp:attachment":[{"href":"https:\/\/site.ac-martinique.fr\/clg-adenet\/index.php?rest_route=%2Fwp%2Fv2%2Fmedia&parent=2942"}],"wp:term":[{"taxonomy":"category","embeddable":true,"href":"https:\/\/site.ac-martinique.fr\/clg-adenet\/index.php?rest_route=%2Fwp%2Fv2%2Fcategories&post=2942"},{"taxonomy":"post_tag","embeddable":true,"href":"https:\/\/site.ac-martinique.fr\/clg-adenet\/index.php?rest_route=%2Fwp%2Fv2%2Ftags&post=2942"}],"curies":[{"name":"wp","href":"https:\/\/api.w.org\/{rel}","templated":true}]}}