{"id":3137,"date":"2025-05-22T11:32:55","date_gmt":"2025-05-22T15:32:55","guid":{"rendered":"https:\/\/site.ac-martinique.fr\/clg-adenet\/?p=3137"},"modified":"2025-05-22T11:32:55","modified_gmt":"2025-05-22T15:32:55","slug":"adenet-voyage","status":"publish","type":"post","link":"https:\/\/site.ac-martinique.fr\/clg-adenet\/?p=3137","title":{"rendered":"ADENET voyage!"},"content":{"rendered":"\n<p>31 \u00e9l\u00e8ves de la Section Europ\u00e9enne ont eu la chance de visiter<strong> l\u2019\u00eele de Sainte-Lucie du 4 au 11 mai 2025<\/strong>.<\/p>\n\n\n\n<figure class=\"wp-block-gallery has-nested-images columns-default is-cropped wp-block-gallery-1 is-layout-flex wp-block-gallery-is-layout-flex\">\n<figure class=\"wp-block-image size-large\"><a href=\"https:\/\/site.ac-martinique.fr\/clg-adenet\/wp-content\/uploads\/sites\/84\/2025\/05\/WhatsApp-Image-2025-05-15-at-19.56.45.jpeg\"><img loading=\"lazy\" decoding=\"async\" width=\"768\" height=\"1024\" data-id=\"3138\" src=\"https:\/\/site.ac-martinique.fr\/clg-adenet\/wp-content\/uploads\/sites\/84\/2025\/05\/WhatsApp-Image-2025-05-15-at-19.56.45-768x1024.jpeg\" alt=\"\" class=\"wp-image-3138\" srcset=\"https:\/\/site.ac-martinique.fr\/clg-adenet\/wp-content\/uploads\/sites\/84\/2025\/05\/WhatsApp-Image-2025-05-15-at-19.56.45-768x1024.jpeg 768w, https:\/\/site.ac-martinique.fr\/clg-adenet\/wp-content\/uploads\/sites\/84\/2025\/05\/WhatsApp-Image-2025-05-15-at-19.56.45-225x300.jpeg 225w, https:\/\/site.ac-martinique.fr\/clg-adenet\/wp-content\/uploads\/sites\/84\/2025\/05\/WhatsApp-Image-2025-05-15-at-19.56.45-1152x1536.jpeg 1152w, https:\/\/site.ac-martinique.fr\/clg-adenet\/wp-content\/uploads\/sites\/84\/2025\/05\/WhatsApp-Image-2025-05-15-at-19.56.45.jpeg 1200w\" sizes=\"auto, (max-width: 768px) 100vw, 768px\" \/><\/a><\/figure>\n\n\n\n<figure class=\"wp-block-image size-large\"><a href=\"https:\/\/site.ac-martinique.fr\/clg-adenet\/wp-content\/uploads\/sites\/84\/2025\/05\/WhatsApp-Image-2025-05-15-at-19.56.45-1.jpeg\"><img loading=\"lazy\" decoding=\"async\" width=\"768\" height=\"1024\" data-id=\"3139\" src=\"https:\/\/site.ac-martinique.fr\/clg-adenet\/wp-content\/uploads\/sites\/84\/2025\/05\/WhatsApp-Image-2025-05-15-at-19.56.45-1-768x1024.jpeg\" alt=\"\" class=\"wp-image-3139\" srcset=\"https:\/\/site.ac-martinique.fr\/clg-adenet\/wp-content\/uploads\/sites\/84\/2025\/05\/WhatsApp-Image-2025-05-15-at-19.56.45-1-768x1024.jpeg 768w, https:\/\/site.ac-martinique.fr\/clg-adenet\/wp-content\/uploads\/sites\/84\/2025\/05\/WhatsApp-Image-2025-05-15-at-19.56.45-1-225x300.jpeg 225w, https:\/\/site.ac-martinique.fr\/clg-adenet\/wp-content\/uploads\/sites\/84\/2025\/05\/WhatsApp-Image-2025-05-15-at-19.56.45-1-1152x1536.jpeg 1152w, https:\/\/site.ac-martinique.fr\/clg-adenet\/wp-content\/uploads\/sites\/84\/2025\/05\/WhatsApp-Image-2025-05-15-at-19.56.45-1.jpeg 1200w\" sizes=\"auto, (max-width: 768px) 100vw, 768px\" \/><\/a><\/figure>\n<\/figure>\n\n\n\n<p>Accompagn\u00e9s par Mme Rocher (infirmi\u00e8re du coll\u00e8ge), Mme Dulio et Mr Africa-Audo (professeurs), ils ont pu appr\u00e9cier diff\u00e9rentes visites pour en apprendre davantage sur la culture sainte-lucienne.<\/p>\n\n\n\n<figure class=\"wp-block-gallery has-nested-images columns-default is-cropped wp-block-gallery-2 is-layout-flex wp-block-gallery-is-layout-flex\">\n<figure class=\"wp-block-image size-large\"><a href=\"https:\/\/site.ac-martinique.fr\/clg-adenet\/wp-content\/uploads\/sites\/84\/2025\/05\/WhatsApp-Image-2025-05-15-at-19.56.46.jpeg\"><img loading=\"lazy\" decoding=\"async\" width=\"768\" height=\"1024\" data-id=\"3141\" src=\"https:\/\/site.ac-martinique.fr\/clg-adenet\/wp-content\/uploads\/sites\/84\/2025\/05\/WhatsApp-Image-2025-05-15-at-19.56.46-768x1024.jpeg\" alt=\"\" class=\"wp-image-3141\" srcset=\"https:\/\/site.ac-martinique.fr\/clg-adenet\/wp-content\/uploads\/sites\/84\/2025\/05\/WhatsApp-Image-2025-05-15-at-19.56.46-768x1024.jpeg 768w, https:\/\/site.ac-martinique.fr\/clg-adenet\/wp-content\/uploads\/sites\/84\/2025\/05\/WhatsApp-Image-2025-05-15-at-19.56.46-225x300.jpeg 225w, https:\/\/site.ac-martinique.fr\/clg-adenet\/wp-content\/uploads\/sites\/84\/2025\/05\/WhatsApp-Image-2025-05-15-at-19.56.46-1152x1536.jpeg 1152w, https:\/\/site.ac-martinique.fr\/clg-adenet\/wp-content\/uploads\/sites\/84\/2025\/05\/WhatsApp-Image-2025-05-15-at-19.56.46.jpeg 1200w\" sizes=\"auto, (max-width: 768px) 100vw, 768px\" \/><\/a><\/figure>\n\n\n\n<figure class=\"wp-block-image size-large\"><a href=\"https:\/\/site.ac-martinique.fr\/clg-adenet\/wp-content\/uploads\/sites\/84\/2025\/05\/WhatsApp-Image-2025-05-15-at-19.56.46-1.jpeg\"><img loading=\"lazy\" decoding=\"async\" width=\"768\" height=\"1024\" data-id=\"3142\" src=\"https:\/\/site.ac-martinique.fr\/clg-adenet\/wp-content\/uploads\/sites\/84\/2025\/05\/WhatsApp-Image-2025-05-15-at-19.56.46-1-768x1024.jpeg\" alt=\"\" class=\"wp-image-3142\" srcset=\"https:\/\/site.ac-martinique.fr\/clg-adenet\/wp-content\/uploads\/sites\/84\/2025\/05\/WhatsApp-Image-2025-05-15-at-19.56.46-1-768x1024.jpeg 768w, https:\/\/site.ac-martinique.fr\/clg-adenet\/wp-content\/uploads\/sites\/84\/2025\/05\/WhatsApp-Image-2025-05-15-at-19.56.46-1-225x300.jpeg 225w, https:\/\/site.ac-martinique.fr\/clg-adenet\/wp-content\/uploads\/sites\/84\/2025\/05\/WhatsApp-Image-2025-05-15-at-19.56.46-1-1152x1536.jpeg 1152w, https:\/\/site.ac-martinique.fr\/clg-adenet\/wp-content\/uploads\/sites\/84\/2025\/05\/WhatsApp-Image-2025-05-15-at-19.56.46-1.jpeg 1200w\" sizes=\"auto, (max-width: 768px) 100vw, 768px\" \/><\/a><\/figure>\n\n\n\n<figure class=\"wp-block-image size-large\"><a href=\"https:\/\/site.ac-martinique.fr\/clg-adenet\/wp-content\/uploads\/sites\/84\/2025\/05\/WhatsApp-Image-2025-05-15-at-19.56.47.jpeg\"><img loading=\"lazy\" decoding=\"async\" width=\"1024\" height=\"768\" data-id=\"3143\" src=\"https:\/\/site.ac-martinique.fr\/clg-adenet\/wp-content\/uploads\/sites\/84\/2025\/05\/WhatsApp-Image-2025-05-15-at-19.56.47-1024x768.jpeg\" alt=\"\" class=\"wp-image-3143\" srcset=\"https:\/\/site.ac-martinique.fr\/clg-adenet\/wp-content\/uploads\/sites\/84\/2025\/05\/WhatsApp-Image-2025-05-15-at-19.56.47-1024x768.jpeg 1024w, https:\/\/site.ac-martinique.fr\/clg-adenet\/wp-content\/uploads\/sites\/84\/2025\/05\/WhatsApp-Image-2025-05-15-at-19.56.47-300x225.jpeg 300w, https:\/\/site.ac-martinique.fr\/clg-adenet\/wp-content\/uploads\/sites\/84\/2025\/05\/WhatsApp-Image-2025-05-15-at-19.56.47-768x576.jpeg 768w, https:\/\/site.ac-martinique.fr\/clg-adenet\/wp-content\/uploads\/sites\/84\/2025\/05\/WhatsApp-Image-2025-05-15-at-19.56.47-1536x1152.jpeg 1536w, https:\/\/site.ac-martinique.fr\/clg-adenet\/wp-content\/uploads\/sites\/84\/2025\/05\/WhatsApp-Image-2025-05-15-at-19.56.47.jpeg 1600w\" sizes=\"auto, (max-width: 1024px) 100vw, 1024px\" \/><\/a><\/figure>\n<\/figure>\n\n\n\n<p>Une opportunit\u00e9 pour les \u00e9l\u00e8ves de s&rsquo;ouvrir \u00e0 de nouveaux horizons sur la Cara\u00eebe et de se faire de merveilleux souvenirs!<\/p>\n\n\n\n<p><\/p>\n","protected":false},"excerpt":{"rendered":"<p>31 \u00e9l\u00e8ves de la Section Europ\u00e9enne ont eu la chance de visiter l\u2019\u00eele de Sainte-Lucie du 4 au 11 mai 2025. Accompagn\u00e9s par Mme Rocher (infirmi\u00e8re du coll\u00e8ge), Mme Dulio et Mr Africa-Audo (professeurs), ils ont pu appr\u00e9cier diff\u00e9rentes visites pour en apprendre davantage sur la culture sainte-lucienne. Une opportunit\u00e9 pour les \u00e9l\u00e8ves de s&rsquo;ouvrir [&hellip;]<\/p>\n","protected":false},"author":193,"featured_media":0,"comment_status":"closed","ping_status":"","sticky":false,"template":"","format":"standard","meta":{"site-sidebar-layout":"default","site-content-layout":"","ast-site-content-layout":"default","site-content-style":"default","site-sidebar-style":"default","ast-global-header-display":"","ast-banner-title-visibility":"","ast-main-header-display":"","ast-hfb-above-header-display":"","ast-hfb-below-header-display":"","ast-hfb-mobile-header-display":"","site-post-title":"","ast-breadcrumbs-content":"","ast-featured-img":"","footer-sml-layout":"","ast-disable-related-posts":"","theme-transparent-header-meta":"","adv-header-id-meta":"","stick-header-meta":"","header-above-stick-meta":"","header-main-stick-meta":"","header-below-stick-meta":"","astra-migrate-meta-layouts":"set","ast-page-background-enabled":"default","ast-page-background-meta":{"desktop":{"background-color":"var(--ast-global-color-4)","background-image":"","background-repeat":"repeat","background-position":"center center","background-size":"auto","background-attachment":"scroll","background-type":"","background-media":"","overlay-type":"","overlay-color":"","overlay-opacity":"","overlay-gradient":""},"tablet":{"background-color":"","background-image":"","background-repeat":"repeat","background-position":"center center","background-size":"auto","background-attachment":"scroll","background-type":"","background-media":"","overlay-type":"","overlay-color":"","overlay-opacity":"","overlay-gradient":""},"mobile":{"background-color":"","background-image":"","background-repeat":"repeat","background-position":"center center","background-size":"auto","background-attachment":"scroll","background-type":"","background-media":"","overlay-type":"","overlay-color":"","overlay-opacity":"","overlay-gradient":""}},"ast-content-background-meta":{"desktop":{"background-color":"var(--ast-global-color-5)","background-image":"","background-repeat":"repeat","background-position":"center center","background-size":"auto","background-attachment":"scroll","background-type":"","background-media":"","overlay-type":"","overlay-color":"","overlay-opacity":"","overlay-gradient":""},"tablet":{"background-color":"var(--ast-global-color-5)","background-image":"","background-repeat":"repeat","background-position":"center center","background-size":"auto","background-attachment":"scroll","background-type":"","background-media":"","overlay-type":"","overlay-color":"","overlay-opacity":"","overlay-gradient":""},"mobile":{"background-color":"var(--ast-global-color-5)","background-image":"","background-repeat":"repeat","background-position":"center center","background-size":"auto","background-attachment":"scroll","background-type":"","background-media":"","overlay-type":"","overlay-color":"","overlay-opacity":"","overlay-gradient":""}},"footnotes":""},"categories":[1],"tags":[69,68],"class_list":["post-3137","post","type-post","status-publish","format-standard","hentry","category-non-classe","tag-section-europeenne","tag-voyage-scolaire"],"_links":{"self":[{"href":"https:\/\/site.ac-martinique.fr\/clg-adenet\/index.php?rest_route=\/wp\/v2\/posts\/3137","targetHints":{"allow":["GET"]}}],"collection":[{"href":"https:\/\/site.ac-martinique.fr\/clg-adenet\/index.php?rest_route=\/wp\/v2\/posts"}],"about":[{"href":"https:\/\/site.ac-martinique.fr\/clg-adenet\/index.php?rest_route=\/wp\/v2\/types\/post"}],"author":[{"embeddable":true,"href":"https:\/\/site.ac-martinique.fr\/clg-adenet\/index.php?rest_route=\/wp\/v2\/users\/193"}],"replies":[{"embeddable":true,"href":"https:\/\/site.ac-martinique.fr\/clg-adenet\/index.php?rest_route=%2Fwp%2Fv2%2Fcomments&post=3137"}],"version-history":[{"count":1,"href":"https:\/\/site.ac-martinique.fr\/clg-adenet\/index.php?rest_route=\/wp\/v2\/posts\/3137\/revisions"}],"predecessor-version":[{"id":3144,"href":"https:\/\/site.ac-martinique.fr\/clg-adenet\/index.php?rest_route=\/wp\/v2\/posts\/3137\/revisions\/3144"}],"wp:attachment":[{"href":"https:\/\/site.ac-martinique.fr\/clg-adenet\/index.php?rest_route=%2Fwp%2Fv2%2Fmedia&parent=3137"}],"wp:term":[{"taxonomy":"category","embeddable":true,"href":"https:\/\/site.ac-martinique.fr\/clg-adenet\/index.php?rest_route=%2Fwp%2Fv2%2Fcategories&post=3137"},{"taxonomy":"post_tag","embeddable":true,"href":"https:\/\/site.ac-martinique.fr\/clg-adenet\/index.php?rest_route=%2Fwp%2Fv2%2Ftags&post=3137"}],"curies":[{"name":"wp","href":"https:\/\/api.w.org\/{rel}","templated":true}]}}