{"id":3551,"date":"2026-01-30T12:28:33","date_gmt":"2026-01-30T16:28:33","guid":{"rendered":"https:\/\/site.ac-martinique.fr\/clg-adenet\/?p=3551"},"modified":"2026-01-30T12:43:24","modified_gmt":"2026-01-30T16:43:24","slug":"ledoux-madison-eleve-de-3eme-remporte-le-tournoi-inter-etablissement-de-dominos-au-profit-du-telethon-2025-%f0%9f%98%81","status":"publish","type":"post","link":"https:\/\/site.ac-martinique.fr\/clg-adenet\/?p=3551","title":{"rendered":"LEDOUX Madison \u00e9l\u00e8ve de 3\u00e8me.                Remporte le tournoi\u00a0inter-\u00e9tablissement de dominos au profit du T\u00e9l\u00e9thon 2025\u00a0! &#x1f601;"},"content":{"rendered":"\n<p class=\"has-medium-font-size\"><strong>Une belle victoire et une mobilisation pour la bonne cause<\/strong><\/p>\n\n\n\n<p>Dans le cadre du T\u00e9l\u00e9thon 2025, les \u00e9l\u00e8ves du coll\u00e8ge Jeanne et Emile ADENET, du coll\u00e8ge Trianon, ainsi que ceux du lyc\u00e9e polyvalent La Jet\u00e9e, se sont unis afin de r\u00e9colter des fonds. Chaque \u00e9tablissement a organis\u00e9 un tournoi de dominos, et une finale s\u2019est tenue pour les vainqueurs au coll\u00e8ge Trianon le lundi 19 janvier 2026. L\u2019un de nos \u00e9l\u00e8ves de 3<sup>\u00e8me<\/sup>, Madison LEDOUX a \u00e9t\u00e9 sacr\u00e9 champion apr\u00e8s une comp\u00e9tition conviviale.<\/p>\n\n\n\n<p class=\"has-medium-font-size\"><strong>Un \u00e9v\u00e9nement porteur de coh\u00e9sion et vecteur de culture et de comp\u00e9tences psychosociales<\/strong><\/p>\n\n\n\n<p>Au-del\u00e0 de la sensibilisation des \u00e9l\u00e8ves \u00e0 l\u2019importance de la recherche m\u00e9dicale, ce tournoi organis\u00e9 en partenariat avec les \u00e9tablissements pr\u00e9cit\u00e9s a permis de rassembler des dizaines d\u2019\u00e9l\u00e8ves autour d\u2019un jeu traditionnel embl\u00e9matique de notre belle Martinique, tout en soutenant une cause qui nous tient \u00e0 c\u0153ur. Il leur a permis de s\u2019approprier un pan de leur patrimoine culturel tout en renfor\u00e7ant leur sentiment d\u2019appartenance \u00e0 la communaut\u00e9 \u00e9ducative.<\/p>\n\n\n\n<p>Par ailleurs, cet \u00e9v\u00e9nement a \u00e9t\u00e9 au service du d\u00e9veloppement de comp\u00e9tences psychosociales essentielles&nbsp;: la gestion du stress et la pers\u00e9v\u00e9rance, le respect des autres et des r\u00e8gles, la confiance en soi et bien s\u00fbr l\u2019estime de soi.<\/p>\n\n\n\n<p>C\u2019est avec fiert\u00e9 que nous f\u00e9licitons LEDOUX Madison.<\/p>\n\n\n\n<p>Nous adressons aussi nos remerciements \u00e0 tous les participants notamment au Lyc\u00e9e La Jet\u00e9e qui a \u00e9t\u00e9 \u00e0 l\u2019initiative de celle belle action.<\/p>\n\n\n\n<p class=\"has-medium-font-size\"><strong>T\u00e9moignage \u00e9l\u00e8ve<\/strong><\/p>\n\n\n\n<p><em>Je suis tr\u00e8s content d\u2019avoir pu participer\u00a0 \u00e0 ce tournoi. J\u2019ai pass\u00e9 un tr\u00e8s bon moment. Je f\u00e9licite tous les participants. Je suis fier d\u2019avoir pu repr\u00e9senter mon coll\u00e8ge puisque c\u2019\u00e9tait pour la bonne cause, dans le cadre du T\u00e9l\u00e9thon.<\/em><\/p>\n\n\n\n<p class=\"has-text-align-right\"><strong>\u00a0\u00a0\u00a0\u00a0\u00a0\u00a0\u00a0\u00a0\u00a0\u00a0\u00a0\u00a0 \u00a0\u00a0\u00a0\u00a0\u00a0\u00a0\u00a0\u00a0\u00a0\u00a0\u00a0\u00a0\u00a0\u00a0\u00a0\u00a0\u00a0\u00a0\u00a0 \u00a0\u00a0\u00a0\u00a0\u00a0\u00a0\u00a0Le service vie scolaire<\/strong><strong>\u00a0<\/strong><\/p>\n\n\n\n<figure class=\"wp-block-gallery has-nested-images columns-default is-cropped wp-block-gallery-1 is-layout-flex wp-block-gallery-is-layout-flex\">\n<figure class=\"wp-block-image size-large is-style-tw-border\"><a href=\"https:\/\/site.ac-martinique.fr\/clg-adenet\/wp-content\/uploads\/sites\/84\/2026\/01\/WhatsApp-Image-2026-01-30-at-11.21.47-2.jpeg\"><img loading=\"lazy\" decoding=\"async\" width=\"768\" height=\"1024\" data-id=\"3554\" src=\"https:\/\/site.ac-martinique.fr\/clg-adenet\/wp-content\/uploads\/sites\/84\/2026\/01\/WhatsApp-Image-2026-01-30-at-11.21.47-2-768x1024.jpeg\" alt=\"\" class=\"wp-image-3554\" srcset=\"https:\/\/site.ac-martinique.fr\/clg-adenet\/wp-content\/uploads\/sites\/84\/2026\/01\/WhatsApp-Image-2026-01-30-at-11.21.47-2-768x1024.jpeg 768w, https:\/\/site.ac-martinique.fr\/clg-adenet\/wp-content\/uploads\/sites\/84\/2026\/01\/WhatsApp-Image-2026-01-30-at-11.21.47-2-225x300.jpeg 225w, https:\/\/site.ac-martinique.fr\/clg-adenet\/wp-content\/uploads\/sites\/84\/2026\/01\/WhatsApp-Image-2026-01-30-at-11.21.47-2.jpeg 960w\" sizes=\"auto, (max-width: 768px) 100vw, 768px\" \/><\/a><\/figure>\n\n\n\n<figure class=\"wp-block-image alignright size-large is-style-rounded\"><a href=\"https:\/\/site.ac-martinique.fr\/clg-adenet\/wp-content\/uploads\/sites\/84\/2026\/01\/WhatsApp-Image-2026-01-30-at-11.21.47-1.jpeg\"><img loading=\"lazy\" decoding=\"async\" width=\"1024\" height=\"768\" data-id=\"3553\" src=\"https:\/\/site.ac-martinique.fr\/clg-adenet\/wp-content\/uploads\/sites\/84\/2026\/01\/WhatsApp-Image-2026-01-30-at-11.21.47-1-1024x768.jpeg\" alt=\"\" class=\"wp-image-3553\" srcset=\"https:\/\/site.ac-martinique.fr\/clg-adenet\/wp-content\/uploads\/sites\/84\/2026\/01\/WhatsApp-Image-2026-01-30-at-11.21.47-1-1024x768.jpeg 1024w, https:\/\/site.ac-martinique.fr\/clg-adenet\/wp-content\/uploads\/sites\/84\/2026\/01\/WhatsApp-Image-2026-01-30-at-11.21.47-1-300x225.jpeg 300w, https:\/\/site.ac-martinique.fr\/clg-adenet\/wp-content\/uploads\/sites\/84\/2026\/01\/WhatsApp-Image-2026-01-30-at-11.21.47-1-768x576.jpeg 768w, https:\/\/site.ac-martinique.fr\/clg-adenet\/wp-content\/uploads\/sites\/84\/2026\/01\/WhatsApp-Image-2026-01-30-at-11.21.47-1.jpeg 1280w\" sizes=\"auto, (max-width: 1024px) 100vw, 1024px\" \/><\/a><\/figure>\n<\/figure>\n","protected":false},"excerpt":{"rendered":"<p>Une belle victoire et une mobilisation pour la bonne cause Dans le cadre du T\u00e9l\u00e9thon 2025, les \u00e9l\u00e8ves du coll\u00e8ge Jeanne et Emile ADENET, du coll\u00e8ge Trianon, ainsi que ceux du lyc\u00e9e polyvalent La Jet\u00e9e, se sont unis afin de r\u00e9colter des fonds. Chaque \u00e9tablissement a organis\u00e9 un tournoi de dominos, et une finale s\u2019est [&hellip;]<\/p>\n","protected":false},"author":451,"featured_media":0,"comment_status":"closed","ping_status":"closed","sticky":false,"template":"","format":"standard","meta":{"site-sidebar-layout":"default","site-content-layout":"","ast-site-content-layout":"default","site-content-style":"default","site-sidebar-style":"default","ast-global-header-display":"","ast-banner-title-visibility":"","ast-main-header-display":"","ast-hfb-above-header-display":"","ast-hfb-below-header-display":"","ast-hfb-mobile-header-display":"","site-post-title":"","ast-breadcrumbs-content":"","ast-featured-img":"","footer-sml-layout":"","ast-disable-related-posts":"","theme-transparent-header-meta":"","adv-header-id-meta":"","stick-header-meta":"","header-above-stick-meta":"","header-main-stick-meta":"","header-below-stick-meta":"","astra-migrate-meta-layouts":"set","ast-page-background-enabled":"default","ast-page-background-meta":{"desktop":{"background-color":"var(--ast-global-color-4)","background-image":"","background-repeat":"repeat","background-position":"center center","background-size":"auto","background-attachment":"scroll","background-type":"","background-media":"","overlay-type":"","overlay-color":"","overlay-opacity":"","overlay-gradient":""},"tablet":{"background-color":"","background-image":"","background-repeat":"repeat","background-position":"center center","background-size":"auto","background-attachment":"scroll","background-type":"","background-media":"","overlay-type":"","overlay-color":"","overlay-opacity":"","overlay-gradient":""},"mobile":{"background-color":"","background-image":"","background-repeat":"repeat","background-position":"center center","background-size":"auto","background-attachment":"scroll","background-type":"","background-media":"","overlay-type":"","overlay-color":"","overlay-opacity":"","overlay-gradient":""}},"ast-content-background-meta":{"desktop":{"background-color":"var(--ast-global-color-5)","background-image":"","background-repeat":"repeat","background-position":"center center","background-size":"auto","background-attachment":"scroll","background-type":"","background-media":"","overlay-type":"","overlay-color":"","overlay-opacity":"","overlay-gradient":""},"tablet":{"background-color":"var(--ast-global-color-5)","background-image":"","background-repeat":"repeat","background-position":"center center","background-size":"auto","background-attachment":"scroll","background-type":"","background-media":"","overlay-type":"","overlay-color":"","overlay-opacity":"","overlay-gradient":""},"mobile":{"background-color":"var(--ast-global-color-5)","background-image":"","background-repeat":"repeat","background-position":"center center","background-size":"auto","background-attachment":"scroll","background-type":"","background-media":"","overlay-type":"","overlay-color":"","overlay-opacity":"","overlay-gradient":""}},"footnotes":""},"categories":[53,3],"tags":[],"class_list":["post-3551","post","type-post","status-publish","format-standard","hentry","category-evenements","category-vie-scolaire"],"_links":{"self":[{"href":"https:\/\/site.ac-martinique.fr\/clg-adenet\/index.php?rest_route=\/wp\/v2\/posts\/3551","targetHints":{"allow":["GET"]}}],"collection":[{"href":"https:\/\/site.ac-martinique.fr\/clg-adenet\/index.php?rest_route=\/wp\/v2\/posts"}],"about":[{"href":"https:\/\/site.ac-martinique.fr\/clg-adenet\/index.php?rest_route=\/wp\/v2\/types\/post"}],"author":[{"embeddable":true,"href":"https:\/\/site.ac-martinique.fr\/clg-adenet\/index.php?rest_route=\/wp\/v2\/users\/451"}],"replies":[{"embeddable":true,"href":"https:\/\/site.ac-martinique.fr\/clg-adenet\/index.php?rest_route=%2Fwp%2Fv2%2Fcomments&post=3551"}],"version-history":[{"count":7,"href":"https:\/\/site.ac-martinique.fr\/clg-adenet\/index.php?rest_route=\/wp\/v2\/posts\/3551\/revisions"}],"predecessor-version":[{"id":3565,"href":"https:\/\/site.ac-martinique.fr\/clg-adenet\/index.php?rest_route=\/wp\/v2\/posts\/3551\/revisions\/3565"}],"wp:attachment":[{"href":"https:\/\/site.ac-martinique.fr\/clg-adenet\/index.php?rest_route=%2Fwp%2Fv2%2Fmedia&parent=3551"}],"wp:term":[{"taxonomy":"category","embeddable":true,"href":"https:\/\/site.ac-martinique.fr\/clg-adenet\/index.php?rest_route=%2Fwp%2Fv2%2Fcategories&post=3551"},{"taxonomy":"post_tag","embeddable":true,"href":"https:\/\/site.ac-martinique.fr\/clg-adenet\/index.php?rest_route=%2Fwp%2Fv2%2Ftags&post=3551"}],"curies":[{"name":"wp","href":"https:\/\/api.w.org\/{rel}","templated":true}]}}