{"id":3567,"date":"2026-03-10T08:16:02","date_gmt":"2026-03-10T12:16:02","guid":{"rendered":"https:\/\/site.ac-martinique.fr\/clg-adenet\/?p=3567"},"modified":"2026-03-16T07:51:38","modified_gmt":"2026-03-16T11:51:38","slug":"orientation-post-3eme","status":"publish","type":"post","link":"https:\/\/site.ac-martinique.fr\/clg-adenet\/?p=3567","title":{"rendered":"Orientation post-3\u00e8me"},"content":{"rendered":"\n<p class=\"has-text-align-center has-medium-font-size\"><strong><em>Description des p\u00e9riodes et des actions \u00e0 chacune des \u00e9tapes<\/em><\/strong><\/p>\n\n\n\n<p><strong><em><u>Choisir son orientation \u2013De d\u00e9cembre 2025 \u00e0 avril 2026<\/u><\/em><\/strong><\/p>\n\n\n\n<ul class=\"wp-block-list\">\n<li><em>De d\u00e9but d\u00e9cembre jusqu\u2019\u00e0 la date de consolidation des demandes d\u2019orientation fix\u00e9e par le chef d\u2019\u00e9tablissement.<\/em><\/li>\n\n\n\n<li><em>Saisie des choix d\u2019orientation dans le service en ligne.<\/em><\/li>\n<\/ul>\n\n\n\n<p><strong><em><u>Voir l\u2019avis du conseil de classe \u2013 Apr\u00e8s le conseil de classe<\/u><\/em><\/strong><\/p>\n\n\n\n<ul class=\"wp-block-list\">\n<li><em>\u00c0 partir du lendemain de la saisie des avis. Les avis restent consultables tout au long de la proc\u00e9dure.<\/em><\/li>\n\n\n\n<li><em>Voir les avis et accuser r\u00e9ception dans le service en ligne.<\/em><\/li>\n\n\n\n<li><em>D\u00e9couvrir les formations \u2013 Avril et mai 2026<\/em><\/li>\n\n\n\n<li><em>\u00c0 partir de l\u2019ouverture de la consultation des offres de formation possibles apr\u00e8s le coll\u00e8ge. Acc\u00e9der \u00e0 la page de consultation des offres de formations des \u00e9tablissements.<\/em><\/li>\n<\/ul>\n\n\n\n<p><strong><em><u>Formuler ses demandes &#8211; Avril et mai 2026<\/u><\/em><\/strong><\/p>\n\n\n\n<p><em>\u00c0 partir de fin avril jusqu\u2019\u00e0 fin mai.<\/em><\/p>\n\n\n\n<p><em>Formuler ses v\u0153ux d\u2019affectation en ligne. Avec la d\u00e9marche unique pour les demandes d\u2019orientation et d\u2019affectation au lyc\u00e9e, les familles font leurs demandes de formation et d\u2019\u00e9tablissement souhait\u00e9s pour la rentr\u00e9e et les choix d\u2019orientation correspondants sont transmis \u00e0 Siecle Orientation pour le conseil de classe.<\/em><\/p>\n\n\n\n<p><strong><em><u>R\u00e9pondre \u00e0 la proposition d\u2019orientation \u2013 Fin mai et d\u00e9but juin 2026<\/u><\/em><\/strong><\/p>\n\n\n\n<p><em>Le lendemain de la saisie des propositions du conseil de classe. R\u00e9pondre aux propositions d\u2019orientation du conseil de classe dans le service en ligne.<\/em><\/p>\n\n\n\n<p><strong><em><u>Voir le r\u00e9sultat d\u2019admission \u2013 Fin juin 2026<\/u><\/em><\/strong><\/p>\n\n\n\n<p><em>Le jour de la publication des r\u00e9sultats d\u2019affectation. Acc\u00e9der aux r\u00e9sultats d\u2019affectation en ligne pour l\u2019\u00e9l\u00e8ve.<\/em><\/p>\n\n\n\n<p><strong><em><u>Inscrire \u2013 Fin juin 2026<\/u><\/em><\/strong><\/p>\n\n\n\n<p><em>Apr\u00e8s avoir consult\u00e9 les r\u00e9sultats d\u2019admission. Inscrire en ligne son enfant dans l\u2019\u00e9tablissement o\u00f9 il est admis.<\/em><\/p>\n\n\n\n<p class=\"has-text-align-center has-medium-font-size\"><strong><em>Calendrier de r\u00e9ception pour l\u2019Orientation<\/em><\/strong><\/p>\n\n\n\n<figure class=\"wp-block-table\"><table class=\"has-fixed-layout\"><tbody><tr><td rowspan=\"2\"><em>Mardi 3 mars 2026<\/em><\/td><td><em>8h30 \u00e0 11h30<\/em><\/td><\/tr><tr><td><em>14h30 \u00e0 16h30<\/em><\/td><\/tr><tr><td rowspan=\"2\"><em>Jeudi 5 mars 2026<\/em><\/td><td><em>8h30 \u00e0 11h30<\/em><\/td><\/tr><tr><td><em>14h30 \u00e0 16h30<\/em><\/td><\/tr><tr><td rowspan=\"2\"><em>Mardi 10 mars 2026<\/em><\/td><td><em>8h30 \u00e0 11h30<\/em><\/td><\/tr><tr><td><em>14h30 \u00e0 16h30<\/em><\/td><\/tr><tr><td rowspan=\"2\"><em>Jeudi 12 mars 2026<\/em><\/td><td><em>8h30 \u00e0 11h30<\/em><\/td><\/tr><tr><td><em>14h30 \u00e0 16h30<\/em><\/td><\/tr><\/tbody><\/table><\/figure>\n\n\n\n<ul class=\"wp-block-list\">\n<li><em>Les boutons sont activ\u00e9s selon l\u2019\u00e9tape en cours et permettent d\u2019acc\u00e9der aux \u00e9crans de saisie du service en ligne.<\/em><\/li>\n\n\n\n<li><em>Les dates pr\u00e9cises seront affich\u00e9es \u00e0 la suite de la publication du calendrier 2026 des proc\u00e9dures d\u2019orientation et d\u2019affectation.<\/em><\/li>\n<\/ul>\n","protected":false},"excerpt":{"rendered":"<p>Description des p\u00e9riodes et des actions \u00e0 chacune des \u00e9tapes Choisir son orientation \u2013De d\u00e9cembre 2025 \u00e0 avril 2026 Voir l\u2019avis du conseil de classe \u2013 Apr\u00e8s le conseil de classe Formuler ses demandes &#8211; Avril et mai 2026 \u00c0 partir de fin avril jusqu\u2019\u00e0 fin mai. Formuler ses v\u0153ux d\u2019affectation en ligne. Avec la [&hellip;]<\/p>\n","protected":false},"author":448,"featured_media":0,"comment_status":"closed","ping_status":"closed","sticky":false,"template":"","format":"standard","meta":{"site-sidebar-layout":"default","site-content-layout":"","ast-site-content-layout":"default","site-content-style":"default","site-sidebar-style":"default","ast-global-header-display":"","ast-banner-title-visibility":"","ast-main-header-display":"","ast-hfb-above-header-display":"","ast-hfb-below-header-display":"","ast-hfb-mobile-header-display":"","site-post-title":"","ast-breadcrumbs-content":"","ast-featured-img":"","footer-sml-layout":"","ast-disable-related-posts":"","theme-transparent-header-meta":"","adv-header-id-meta":"","stick-header-meta":"","header-above-stick-meta":"","header-main-stick-meta":"","header-below-stick-meta":"","astra-migrate-meta-layouts":"set","ast-page-background-enabled":"default","ast-page-background-meta":{"desktop":{"background-color":"var(--ast-global-color-4)","background-image":"","background-repeat":"repeat","background-position":"center center","background-size":"auto","background-attachment":"scroll","background-type":"","background-media":"","overlay-type":"","overlay-color":"","overlay-opacity":"","overlay-gradient":""},"tablet":{"background-color":"","background-image":"","background-repeat":"repeat","background-position":"center center","background-size":"auto","background-attachment":"scroll","background-type":"","background-media":"","overlay-type":"","overlay-color":"","overlay-opacity":"","overlay-gradient":""},"mobile":{"background-color":"","background-image":"","background-repeat":"repeat","background-position":"center center","background-size":"auto","background-attachment":"scroll","background-type":"","background-media":"","overlay-type":"","overlay-color":"","overlay-opacity":"","overlay-gradient":""}},"ast-content-background-meta":{"desktop":{"background-color":"var(--ast-global-color-5)","background-image":"","background-repeat":"repeat","background-position":"center center","background-size":"auto","background-attachment":"scroll","background-type":"","background-media":"","overlay-type":"","overlay-color":"","overlay-opacity":"","overlay-gradient":""},"tablet":{"background-color":"var(--ast-global-color-5)","background-image":"","background-repeat":"repeat","background-position":"center center","background-size":"auto","background-attachment":"scroll","background-type":"","background-media":"","overlay-type":"","overlay-color":"","overlay-opacity":"","overlay-gradient":""},"mobile":{"background-color":"var(--ast-global-color-5)","background-image":"","background-repeat":"repeat","background-position":"center center","background-size":"auto","background-attachment":"scroll","background-type":"","background-media":"","overlay-type":"","overlay-color":"","overlay-opacity":"","overlay-gradient":""}},"footnotes":""},"categories":[12],"tags":[77,66,67],"class_list":["post-3567","post","type-post","status-publish","format-standard","hentry","category-orientation","tag-3eme","tag-orientation","tag-post-3eme"],"_links":{"self":[{"href":"https:\/\/site.ac-martinique.fr\/clg-adenet\/index.php?rest_route=\/wp\/v2\/posts\/3567","targetHints":{"allow":["GET"]}}],"collection":[{"href":"https:\/\/site.ac-martinique.fr\/clg-adenet\/index.php?rest_route=\/wp\/v2\/posts"}],"about":[{"href":"https:\/\/site.ac-martinique.fr\/clg-adenet\/index.php?rest_route=\/wp\/v2\/types\/post"}],"author":[{"embeddable":true,"href":"https:\/\/site.ac-martinique.fr\/clg-adenet\/index.php?rest_route=\/wp\/v2\/users\/448"}],"replies":[{"embeddable":true,"href":"https:\/\/site.ac-martinique.fr\/clg-adenet\/index.php?rest_route=%2Fwp%2Fv2%2Fcomments&post=3567"}],"version-history":[{"count":1,"href":"https:\/\/site.ac-martinique.fr\/clg-adenet\/index.php?rest_route=\/wp\/v2\/posts\/3567\/revisions"}],"predecessor-version":[{"id":3568,"href":"https:\/\/site.ac-martinique.fr\/clg-adenet\/index.php?rest_route=\/wp\/v2\/posts\/3567\/revisions\/3568"}],"wp:attachment":[{"href":"https:\/\/site.ac-martinique.fr\/clg-adenet\/index.php?rest_route=%2Fwp%2Fv2%2Fmedia&parent=3567"}],"wp:term":[{"taxonomy":"category","embeddable":true,"href":"https:\/\/site.ac-martinique.fr\/clg-adenet\/index.php?rest_route=%2Fwp%2Fv2%2Fcategories&post=3567"},{"taxonomy":"post_tag","embeddable":true,"href":"https:\/\/site.ac-martinique.fr\/clg-adenet\/index.php?rest_route=%2Fwp%2Fv2%2Ftags&post=3567"}],"curies":[{"name":"wp","href":"https:\/\/api.w.org\/{rel}","templated":true}]}}