{"id":1028,"date":"2023-09-22T11:52:39","date_gmt":"2023-09-22T15:52:39","guid":{"rendered":"https:\/\/site.ac-martinique.fr\/clg-bassepointe\/?p=1028"},"modified":"2023-09-22T11:53:07","modified_gmt":"2023-09-22T15:53:07","slug":"visite-virtuelle-de-lexposition-noria-par-mme-jourdan","status":"publish","type":"post","link":"https:\/\/site.ac-martinique.fr\/clg-bassepointe\/2023\/09\/22\/visite-virtuelle-de-lexposition-noria-par-mme-jourdan\/","title":{"rendered":"Visite virtuelle de l&rsquo;exposition \u00ab\u00a0NORIA\u00a0\u00bb par Mme Jourdan"},"content":{"rendered":"\n<div class=\"wp-block-media-text is-stacked-on-mobile\"><figure class=\"wp-block-media-text__media\"><img loading=\"lazy\" decoding=\"async\" width=\"717\" height=\"800\" src=\"https:\/\/site.ac-martinique.fr\/clg-bassepointe\/wp-content\/uploads\/sites\/108\/2023\/09\/VV.gif\" alt=\"\" class=\"wp-image-1029 size-full\"\/><\/figure><div class=\"wp-block-media-text__content\">\n<p>Pendant les grandes vacances, la ville de Basse-Pointe, terre de naissance d&rsquo;Aim\u00e9 C\u00e9saire avait c\u00e9l\u00e9br\u00e9 les 110 ans de naissance du po\u00e8te autour d&rsquo;une exposition collective au centre culturel Tangamen \u00e0 Gradis.<br>D\u00e9sormais, vous pouvez effectuer votre <strong><mark style=\"background-color:#f4f75f\" class=\"has-inline-color\">VISITE VIRTUELLE<\/mark><\/strong> de l&rsquo;<strong><mark style=\"background-color:#f2e977\" class=\"has-inline-color has-black-color\">EXPOSITION<\/mark><\/strong><mark style=\"background-color:#f2e977;color:#f7f16d\" class=\"has-inline-color\"> <\/mark><strong><mark style=\"background-color:#f2e977\" class=\"has-inline-color has-black-color\">\u00ab\u00a0NORIA\u00a0\u00bb EN <\/mark><\/strong><mark style=\"background-color:#f2e977;color:#f7f16d\" class=\"has-inline-color\"><strong><a href=\"https:\/\/visites-virtuelles.essentielconseil.com\/noria\/\">CLIQUANT ICI<\/a><\/strong><\/mark><mark style=\"background-color:rgba(0, 0, 0, 0);color:#f7f16d\" class=\"has-inline-color\">.<\/mark><\/p>\n<\/div><\/div>\n","protected":false},"excerpt":{"rendered":"<p>Pendant les grandes vacances, la ville de Basse-Pointe, terre de naissance d&rsquo;Aim\u00e9 C\u00e9saire avait c\u00e9l\u00e9br\u00e9 les 110 ans de naissance du po\u00e8te autour d&rsquo;une exposition collective au centre culturel Tangamen \u00e0 Gradis.D\u00e9sormais, vous pouvez effectuer votre VISITE VIRTUELLE de l&rsquo;EXPOSITION \u00ab\u00a0NORIA\u00a0\u00bb EN CLIQUANT ICI.<\/p>\n","protected":false},"author":318,"featured_media":0,"comment_status":"closed","ping_status":"closed","sticky":false,"template":"","format":"standard","meta":{"footnotes":""},"categories":[1],"tags":[],"class_list":["post-1028","post","type-post","status-publish","format-standard","hentry","category-non-classe"],"_links":{"self":[{"href":"https:\/\/site.ac-martinique.fr\/clg-bassepointe\/wp-json\/wp\/v2\/posts\/1028","targetHints":{"allow":["GET"]}}],"collection":[{"href":"https:\/\/site.ac-martinique.fr\/clg-bassepointe\/wp-json\/wp\/v2\/posts"}],"about":[{"href":"https:\/\/site.ac-martinique.fr\/clg-bassepointe\/wp-json\/wp\/v2\/types\/post"}],"author":[{"embeddable":true,"href":"https:\/\/site.ac-martinique.fr\/clg-bassepointe\/wp-json\/wp\/v2\/users\/318"}],"replies":[{"embeddable":true,"href":"https:\/\/site.ac-martinique.fr\/clg-bassepointe\/wp-json\/wp\/v2\/comments?post=1028"}],"version-history":[{"count":2,"href":"https:\/\/site.ac-martinique.fr\/clg-bassepointe\/wp-json\/wp\/v2\/posts\/1028\/revisions"}],"predecessor-version":[{"id":1031,"href":"https:\/\/site.ac-martinique.fr\/clg-bassepointe\/wp-json\/wp\/v2\/posts\/1028\/revisions\/1031"}],"wp:attachment":[{"href":"https:\/\/site.ac-martinique.fr\/clg-bassepointe\/wp-json\/wp\/v2\/media?parent=1028"}],"wp:term":[{"taxonomy":"category","embeddable":true,"href":"https:\/\/site.ac-martinique.fr\/clg-bassepointe\/wp-json\/wp\/v2\/categories?post=1028"},{"taxonomy":"post_tag","embeddable":true,"href":"https:\/\/site.ac-martinique.fr\/clg-bassepointe\/wp-json\/wp\/v2\/tags?post=1028"}],"curies":[{"name":"wp","href":"https:\/\/api.w.org\/{rel}","templated":true}]}}