{"id":177,"date":"2021-12-08T21:18:20","date_gmt":"2021-12-09T01:18:20","guid":{"rendered":"https:\/\/site.ac-martinique.fr\/clg-bassepointe\/?p=177"},"modified":"2021-12-08T21:27:03","modified_gmt":"2021-12-09T01:27:03","slug":"concours-daffiches-par-mme-fereol","status":"publish","type":"post","link":"https:\/\/site.ac-martinique.fr\/clg-bassepointe\/2021\/12\/08\/concours-daffiches-par-mme-fereol\/","title":{"rendered":"Concours d&rsquo;affiches par Mme F\u00e9r\u00e9ol"},"content":{"rendered":"\n<div class=\"wp-block-media-text alignwide has-media-on-the-right is-stacked-on-mobile is-vertically-aligned-center\" style=\"grid-template-columns:auto 62%\"><figure class=\"wp-block-media-text__media\"><img loading=\"lazy\" decoding=\"async\" width=\"600\" height=\"440\" src=\"https:\/\/site.ac-martinique.fr\/clg-bassepointe\/wp-content\/uploads\/sites\/108\/2021\/12\/CONCOURS-DAFFICHES-5E2.gif\" alt=\"\" class=\"wp-image-179 size-full\"\/><\/figure><div class=\"wp-block-media-text__content\">\n<p>Le CDI accueille du lundi 6 d\u00e9cembre 2021 au vendredi 8 janvier 2022 une exposition des travaux des \u00e9l\u00e8ves de 5<sup>\u00e8me<\/sup> B et C sur le th\u00e8me des discriminations.<\/p>\n\n\n\n<p>Venez d\u00e9couvrir leurs travaux et les \u00e9valuer en votant pour les meilleures affiches. Rendez-vous donc au CDI&nbsp;!!!<\/p>\n<\/div><\/div>\n\n\n\n<p><\/p>\n","protected":false},"excerpt":{"rendered":"<p>Le CDI accueille du lundi 6 d\u00e9cembre 2021 au vendredi 8 janvier 2022 une exposition des travaux des \u00e9l\u00e8ves de 5\u00e8me B et C sur le th\u00e8me des discriminations. Venez d\u00e9couvrir leurs travaux et les \u00e9valuer en votant pour les meilleures affiches. Rendez-vous donc au CDI&nbsp;!!!<\/p>\n","protected":false},"author":318,"featured_media":0,"comment_status":"closed","ping_status":"","sticky":false,"template":"","format":"standard","meta":{"footnotes":""},"categories":[1],"tags":[],"class_list":["post-177","post","type-post","status-publish","format-standard","hentry","category-non-classe"],"_links":{"self":[{"href":"https:\/\/site.ac-martinique.fr\/clg-bassepointe\/wp-json\/wp\/v2\/posts\/177","targetHints":{"allow":["GET"]}}],"collection":[{"href":"https:\/\/site.ac-martinique.fr\/clg-bassepointe\/wp-json\/wp\/v2\/posts"}],"about":[{"href":"https:\/\/site.ac-martinique.fr\/clg-bassepointe\/wp-json\/wp\/v2\/types\/post"}],"author":[{"embeddable":true,"href":"https:\/\/site.ac-martinique.fr\/clg-bassepointe\/wp-json\/wp\/v2\/users\/318"}],"replies":[{"embeddable":true,"href":"https:\/\/site.ac-martinique.fr\/clg-bassepointe\/wp-json\/wp\/v2\/comments?post=177"}],"version-history":[{"count":5,"href":"https:\/\/site.ac-martinique.fr\/clg-bassepointe\/wp-json\/wp\/v2\/posts\/177\/revisions"}],"predecessor-version":[{"id":184,"href":"https:\/\/site.ac-martinique.fr\/clg-bassepointe\/wp-json\/wp\/v2\/posts\/177\/revisions\/184"}],"wp:attachment":[{"href":"https:\/\/site.ac-martinique.fr\/clg-bassepointe\/wp-json\/wp\/v2\/media?parent=177"}],"wp:term":[{"taxonomy":"category","embeddable":true,"href":"https:\/\/site.ac-martinique.fr\/clg-bassepointe\/wp-json\/wp\/v2\/categories?post=177"},{"taxonomy":"post_tag","embeddable":true,"href":"https:\/\/site.ac-martinique.fr\/clg-bassepointe\/wp-json\/wp\/v2\/tags?post=177"}],"curies":[{"name":"wp","href":"https:\/\/api.w.org\/{rel}","templated":true}]}}