{"id":271,"date":"2022-02-16T22:17:18","date_gmt":"2022-02-17T02:17:18","guid":{"rendered":"https:\/\/site.ac-martinique.fr\/clg-bassepointe\/?p=271"},"modified":"2022-02-16T22:26:38","modified_gmt":"2022-02-17T02:26:38","slug":"les-nuits-de-la-lecture-par-mme-rousseau","status":"publish","type":"post","link":"https:\/\/site.ac-martinique.fr\/clg-bassepointe\/2022\/02\/16\/les-nuits-de-la-lecture-par-mme-rousseau\/","title":{"rendered":"Les nuits de la lecture par Mme Rousseau"},"content":{"rendered":"<p><iframe loading=\"lazy\" width=\"560\" height=\"315\" src=\"https:\/\/www.youtube.com\/embed\/_BHxB7Lf18A\" title=\"YouTube video player\" frameborder=\"0\" allow=\"accelerometer; autoplay; clipboard-write; encrypted-media; gyroscope; picture-in-picture\" allowfullscreen><\/iframe><\/p>\n\n\n\n<p>Dans le cadre de la 6<sup>\u00e8me<\/sup> \u00e9dition des \u00ab\u00a0Nuits de la lecture\u00a0\u00bb, les \u00e9l\u00e8ves de 4<sup>\u00e8me<\/sup> du coll\u00e8ge Aim\u00e9 C\u00e9saire de Basse-Pointe ont assist\u00e9 \u00e0 un spectacle au centre culturel Antoine Tangamen \u00e0 l\u2019Habitation Gradis le vendredi 21 janvier 2022.<\/p>\n\n\n\n<h2 class=\"wp-block-heading\" id=\"pour-lire-des-temoignages-d-eleves-apres-le-spectacle-cliquer-ici\"><strong><a href=\"https:\/\/site.ac-martinique.fr\/clg-bassepointe\/temoignages-deleves-6eme-edition-des-nuits-de-la-lecture\/\" target=\"_blank\" rel=\"noreferrer noopener\"><mark style=\"background-color:#f1f1f1\" class=\"has-inline-color has-medium-gray-color\">Pour lire des t\u00e9moignages d&rsquo;\u00e9l\u00e8ves apr\u00e8s le spectacle<\/mark><\/a><a href=\"https:\/\/site.ac-martinique.fr\/clg-bassepointe\/temoignages-deleves-6eme-edition-des-nuits-de-la-lecture\/\"><mark style=\"background-color:#f1f1f1\" class=\"has-inline-color has-medium-gray-color\"> <\/mark><\/a><a href=\"https:\/\/site.ac-martinique.fr\/clg-bassepointe\/temoignages-deleves-6eme-edition-des-nuits-de-la-lecture\/\" target=\"_blank\" rel=\"noreferrer noopener\"><mark style=\"background-color:#f1f1f1\" class=\"has-inline-color has-medium-gray-color\">cliquer ici<\/mark><\/a><\/strong><\/h2>\n","protected":false},"excerpt":{"rendered":"<p>Dans le cadre de la 6\u00e8me \u00e9dition des \u00ab\u00a0Nuits de la lecture\u00a0\u00bb, les \u00e9l\u00e8ves de 4\u00e8me du coll\u00e8ge Aim\u00e9 C\u00e9saire de Basse-Pointe ont assist\u00e9 \u00e0 un spectacle au centre culturel Antoine Tangamen \u00e0 l\u2019Habitation Gradis le vendredi 21 janvier 2022. Pour lire des t\u00e9moignages d&rsquo;\u00e9l\u00e8ves apr\u00e8s le spectacle cliquer ici<\/p>\n","protected":false},"author":318,"featured_media":0,"comment_status":"closed","ping_status":"","sticky":false,"template":"","format":"standard","meta":{"footnotes":""},"categories":[1],"tags":[],"class_list":["post-271","post","type-post","status-publish","format-standard","hentry","category-non-classe"],"_links":{"self":[{"href":"https:\/\/site.ac-martinique.fr\/clg-bassepointe\/wp-json\/wp\/v2\/posts\/271","targetHints":{"allow":["GET"]}}],"collection":[{"href":"https:\/\/site.ac-martinique.fr\/clg-bassepointe\/wp-json\/wp\/v2\/posts"}],"about":[{"href":"https:\/\/site.ac-martinique.fr\/clg-bassepointe\/wp-json\/wp\/v2\/types\/post"}],"author":[{"embeddable":true,"href":"https:\/\/site.ac-martinique.fr\/clg-bassepointe\/wp-json\/wp\/v2\/users\/318"}],"replies":[{"embeddable":true,"href":"https:\/\/site.ac-martinique.fr\/clg-bassepointe\/wp-json\/wp\/v2\/comments?post=271"}],"version-history":[{"count":7,"href":"https:\/\/site.ac-martinique.fr\/clg-bassepointe\/wp-json\/wp\/v2\/posts\/271\/revisions"}],"predecessor-version":[{"id":279,"href":"https:\/\/site.ac-martinique.fr\/clg-bassepointe\/wp-json\/wp\/v2\/posts\/271\/revisions\/279"}],"wp:attachment":[{"href":"https:\/\/site.ac-martinique.fr\/clg-bassepointe\/wp-json\/wp\/v2\/media?parent=271"}],"wp:term":[{"taxonomy":"category","embeddable":true,"href":"https:\/\/site.ac-martinique.fr\/clg-bassepointe\/wp-json\/wp\/v2\/categories?post=271"},{"taxonomy":"post_tag","embeddable":true,"href":"https:\/\/site.ac-martinique.fr\/clg-bassepointe\/wp-json\/wp\/v2\/tags?post=271"}],"curies":[{"name":"wp","href":"https:\/\/api.w.org\/{rel}","templated":true}]}}