{"id":363,"date":"2022-04-03T22:59:53","date_gmt":"2022-04-04T02:59:53","guid":{"rendered":"https:\/\/site.ac-martinique.fr\/clg-bassepointe\/?p=363"},"modified":"2022-04-03T23:07:58","modified_gmt":"2022-04-04T03:07:58","slug":"cadets-de-la-securite-civile-par-mr-sooprayen-2","status":"publish","type":"post","link":"https:\/\/site.ac-martinique.fr\/clg-bassepointe\/2022\/04\/03\/cadets-de-la-securite-civile-par-mr-sooprayen-2\/","title":{"rendered":"Cadets de la s\u00e9curit\u00e9 civile par Mr Sooprayen"},"content":{"rendered":"\n<div class=\"wp-block-media-text alignwide is-stacked-on-mobile is-style-default\"><figure class=\"wp-block-media-text__media\"><img loading=\"lazy\" decoding=\"async\" width=\"600\" height=\"800\" src=\"https:\/\/site.ac-martinique.fr\/clg-bassepointe\/wp-content\/uploads\/sites\/108\/2022\/04\/CADETS-MARS2.gif\" alt=\"\" class=\"wp-image-366 size-full\"\/><\/figure><div class=\"wp-block-media-text__content\">\n<p>Le vendredi 11 Mars s&rsquo;est d\u00e9roul\u00e9e la s\u00e9ance 2 de la classe des Cadets de la S\u00e9curit\u00e9 Civile du coll\u00e8ge de Basse Pointe. La th\u00e9matique concernait le Risque Tsunami. Deux temps forts au programme :<\/p>\n\n\n\n<p>1- Projection d&rsquo;un diaporama sur le Risque Tsunami : d\u00e9finition &#8211; Formation &#8211; Conduite \u00e0 tenir\u2026<\/p>\n\n\n\n<p>2 &#8211; Visite du quartier Fonds Bourg . C&rsquo;est le quartier qui risque d&rsquo;\u00eatre le plus impact\u00e9 en cas de tsunami\u2026Les \u00e9l\u00e8ves ont effectu\u00e9 le parcours d&rsquo;\u00e9vacuation jusqu&rsquo;\u00e0 la zone refuge de Gradis pr\u00e8s du Centre Culturel\u2026<\/p>\n\n\n\n<p>Cette s\u00e9ance s&rsquo;est termin\u00e9e par une petite collation appr\u00e9ci\u00e9e des \u00e9l\u00e8ves. La prochaine s\u00e9ance est pr\u00e9vue le Vendredi 8 Avril 2022<\/p>\n\n\n\n<p><\/p>\n<\/div><\/div>\n","protected":false},"excerpt":{"rendered":"<p>Le vendredi 11 Mars s&rsquo;est d\u00e9roul\u00e9e la s\u00e9ance 2 de la classe des Cadets de la S\u00e9curit\u00e9 Civile du coll\u00e8ge de Basse Pointe. La th\u00e9matique concernait le Risque Tsunami. Deux temps forts au programme : 1- Projection d&rsquo;un diaporama sur le Risque Tsunami : d\u00e9finition &#8211; Formation &#8211; Conduite \u00e0 tenir\u2026 2 &#8211; Visite du &hellip; <\/p>\n<p class=\"link-more\"><a href=\"https:\/\/site.ac-martinique.fr\/clg-bassepointe\/2022\/04\/03\/cadets-de-la-securite-civile-par-mr-sooprayen-2\/\" class=\"more-link\">Lire la suite de<span class=\"screen-reader-text\">\u00ab\u00a0Cadets de la s\u00e9curit\u00e9 civile par Mr Sooprayen\u00a0\u00bb<\/span><\/a><\/p>\n","protected":false},"author":318,"featured_media":0,"comment_status":"closed","ping_status":"","sticky":false,"template":"","format":"standard","meta":{"footnotes":""},"categories":[1],"tags":[],"class_list":["post-363","post","type-post","status-publish","format-standard","hentry","category-non-classe"],"_links":{"self":[{"href":"https:\/\/site.ac-martinique.fr\/clg-bassepointe\/wp-json\/wp\/v2\/posts\/363","targetHints":{"allow":["GET"]}}],"collection":[{"href":"https:\/\/site.ac-martinique.fr\/clg-bassepointe\/wp-json\/wp\/v2\/posts"}],"about":[{"href":"https:\/\/site.ac-martinique.fr\/clg-bassepointe\/wp-json\/wp\/v2\/types\/post"}],"author":[{"embeddable":true,"href":"https:\/\/site.ac-martinique.fr\/clg-bassepointe\/wp-json\/wp\/v2\/users\/318"}],"replies":[{"embeddable":true,"href":"https:\/\/site.ac-martinique.fr\/clg-bassepointe\/wp-json\/wp\/v2\/comments?post=363"}],"version-history":[{"count":4,"href":"https:\/\/site.ac-martinique.fr\/clg-bassepointe\/wp-json\/wp\/v2\/posts\/363\/revisions"}],"predecessor-version":[{"id":370,"href":"https:\/\/site.ac-martinique.fr\/clg-bassepointe\/wp-json\/wp\/v2\/posts\/363\/revisions\/370"}],"wp:attachment":[{"href":"https:\/\/site.ac-martinique.fr\/clg-bassepointe\/wp-json\/wp\/v2\/media?parent=363"}],"wp:term":[{"taxonomy":"category","embeddable":true,"href":"https:\/\/site.ac-martinique.fr\/clg-bassepointe\/wp-json\/wp\/v2\/categories?post=363"},{"taxonomy":"post_tag","embeddable":true,"href":"https:\/\/site.ac-martinique.fr\/clg-bassepointe\/wp-json\/wp\/v2\/tags?post=363"}],"curies":[{"name":"wp","href":"https:\/\/api.w.org\/{rel}","templated":true}]}}