{"id":439,"date":"2022-06-19T01:56:53","date_gmt":"2022-06-19T05:56:53","guid":{"rendered":"https:\/\/site.ac-martinique.fr\/clg-bassepointe\/?p=439"},"modified":"2022-06-19T01:56:53","modified_gmt":"2022-06-19T05:56:53","slug":"latelier-fresque-par-mme-jourdan","status":"publish","type":"post","link":"https:\/\/site.ac-martinique.fr\/clg-bassepointe\/2022\/06\/19\/latelier-fresque-par-mme-jourdan\/","title":{"rendered":"L&rsquo;atelier Fresque par Mme Jourdan"},"content":{"rendered":"\n<figure class=\"wp-block-image size-full\"><img loading=\"lazy\" decoding=\"async\" width=\"800\" height=\"314\" src=\"https:\/\/site.ac-martinique.fr\/clg-bassepointe\/wp-content\/uploads\/sites\/108\/2022\/06\/FRESQUE-1.gif\" alt=\"\" class=\"wp-image-442\"\/><\/figure>\n\n\n\n<p>Depuis quelques mois, l&rsquo;atelier fresque a \u00e9t\u00e9 mis en place par Mme JOURDAN, professeure d&rsquo;arts plastiques, le mardi et le jeudi pendant la pause m\u00e9ridienne.<\/p>\n\n\n\n<p>L&rsquo;objectif de cet atelier est d&#8217;embellir les murs de la salle d&rsquo;arts plastiques. 5 \u00e9l\u00e8ves volontaires ont r\u00e9alis\u00e9 des peintures murales aux th\u00e8mes vari\u00e9s: la nature, les arts plastiques et le manga.<\/p>\n\n\n\n<p>Les \u00e9l\u00e8ves ont eu plaisir d&rsquo;y participer et se sont investis dans la r\u00e9alisation de leur fresque. Une derni\u00e8re production sur un panneau en bois est cours de r\u00e9alisation, et devra \u00eatre accroch\u00e9 au mur ext\u00e9rieur de la salle.<\/p>\n","protected":false},"excerpt":{"rendered":"<p>Depuis quelques mois, l&rsquo;atelier fresque a \u00e9t\u00e9 mis en place par Mme JOURDAN, professeure d&rsquo;arts plastiques, le mardi et le jeudi pendant la pause m\u00e9ridienne. L&rsquo;objectif de cet atelier est d&#8217;embellir les murs de la salle d&rsquo;arts plastiques. 5 \u00e9l\u00e8ves volontaires ont r\u00e9alis\u00e9 des peintures murales aux th\u00e8mes vari\u00e9s: la nature, les arts plastiques et &hellip; <\/p>\n<p class=\"link-more\"><a href=\"https:\/\/site.ac-martinique.fr\/clg-bassepointe\/2022\/06\/19\/latelier-fresque-par-mme-jourdan\/\" class=\"more-link\">Lire la suite de<span class=\"screen-reader-text\">\u00ab\u00a0L&rsquo;atelier Fresque par Mme Jourdan\u00a0\u00bb<\/span><\/a><\/p>\n","protected":false},"author":318,"featured_media":0,"comment_status":"closed","ping_status":"","sticky":false,"template":"","format":"standard","meta":{"footnotes":""},"categories":[1],"tags":[],"class_list":["post-439","post","type-post","status-publish","format-standard","hentry","category-non-classe"],"_links":{"self":[{"href":"https:\/\/site.ac-martinique.fr\/clg-bassepointe\/wp-json\/wp\/v2\/posts\/439","targetHints":{"allow":["GET"]}}],"collection":[{"href":"https:\/\/site.ac-martinique.fr\/clg-bassepointe\/wp-json\/wp\/v2\/posts"}],"about":[{"href":"https:\/\/site.ac-martinique.fr\/clg-bassepointe\/wp-json\/wp\/v2\/types\/post"}],"author":[{"embeddable":true,"href":"https:\/\/site.ac-martinique.fr\/clg-bassepointe\/wp-json\/wp\/v2\/users\/318"}],"replies":[{"embeddable":true,"href":"https:\/\/site.ac-martinique.fr\/clg-bassepointe\/wp-json\/wp\/v2\/comments?post=439"}],"version-history":[{"count":1,"href":"https:\/\/site.ac-martinique.fr\/clg-bassepointe\/wp-json\/wp\/v2\/posts\/439\/revisions"}],"predecessor-version":[{"id":443,"href":"https:\/\/site.ac-martinique.fr\/clg-bassepointe\/wp-json\/wp\/v2\/posts\/439\/revisions\/443"}],"wp:attachment":[{"href":"https:\/\/site.ac-martinique.fr\/clg-bassepointe\/wp-json\/wp\/v2\/media?parent=439"}],"wp:term":[{"taxonomy":"category","embeddable":true,"href":"https:\/\/site.ac-martinique.fr\/clg-bassepointe\/wp-json\/wp\/v2\/categories?post=439"},{"taxonomy":"post_tag","embeddable":true,"href":"https:\/\/site.ac-martinique.fr\/clg-bassepointe\/wp-json\/wp\/v2\/tags?post=439"}],"curies":[{"name":"wp","href":"https:\/\/api.w.org\/{rel}","templated":true}]}}