{"id":612,"date":"2022-10-07T23:40:42","date_gmt":"2022-10-08T03:40:42","guid":{"rendered":"https:\/\/site.ac-martinique.fr\/clg-bassepointe\/?p=612"},"modified":"2022-10-07T23:40:43","modified_gmt":"2022-10-08T03:40:43","slug":"la-rentree-scolaire-2022-2023-sereine-conviviale-et-sportive","status":"publish","type":"post","link":"https:\/\/site.ac-martinique.fr\/clg-bassepointe\/2022\/10\/07\/la-rentree-scolaire-2022-2023-sereine-conviviale-et-sportive\/","title":{"rendered":"La rentr\u00e9e scolaire 2022 2023 : sereine, conviviale et sportive"},"content":{"rendered":"<p><iframe loading=\"lazy\" width=\"560\" height=\"315\" src=\"https:\/\/www.youtube.com\/embed\/Ldck3ISJUz0\" title=\"YouTube video player\" frameborder=\"0\" allow=\"accelerometer; autoplay; clipboard-write; encrypted-media; gyroscope; picture-in-picture\" allowfullscreen><\/iframe><\/p>\n\n\n\n<p>Une vid\u00e9o des diff\u00e9rentes actions r\u00e9alis\u00e9es avec les \u00e9l\u00e8ves durant les deux premi\u00e8res semaines de l&rsquo;ann\u00e9e scolaire 2022 2023 afin de faire une rentr\u00e9e sereine et conviviale.<\/p>\n","protected":false},"excerpt":{"rendered":"<p>Une vid\u00e9o des diff\u00e9rentes actions r\u00e9alis\u00e9es avec les \u00e9l\u00e8ves durant les deux premi\u00e8res semaines de l&rsquo;ann\u00e9e scolaire 2022 2023 afin de faire une rentr\u00e9e sereine et conviviale.<\/p>\n","protected":false},"author":318,"featured_media":0,"comment_status":"closed","ping_status":"closed","sticky":false,"template":"","format":"standard","meta":{"footnotes":""},"categories":[1],"tags":[],"class_list":["post-612","post","type-post","status-publish","format-standard","hentry","category-non-classe"],"_links":{"self":[{"href":"https:\/\/site.ac-martinique.fr\/clg-bassepointe\/wp-json\/wp\/v2\/posts\/612","targetHints":{"allow":["GET"]}}],"collection":[{"href":"https:\/\/site.ac-martinique.fr\/clg-bassepointe\/wp-json\/wp\/v2\/posts"}],"about":[{"href":"https:\/\/site.ac-martinique.fr\/clg-bassepointe\/wp-json\/wp\/v2\/types\/post"}],"author":[{"embeddable":true,"href":"https:\/\/site.ac-martinique.fr\/clg-bassepointe\/wp-json\/wp\/v2\/users\/318"}],"replies":[{"embeddable":true,"href":"https:\/\/site.ac-martinique.fr\/clg-bassepointe\/wp-json\/wp\/v2\/comments?post=612"}],"version-history":[{"count":1,"href":"https:\/\/site.ac-martinique.fr\/clg-bassepointe\/wp-json\/wp\/v2\/posts\/612\/revisions"}],"predecessor-version":[{"id":613,"href":"https:\/\/site.ac-martinique.fr\/clg-bassepointe\/wp-json\/wp\/v2\/posts\/612\/revisions\/613"}],"wp:attachment":[{"href":"https:\/\/site.ac-martinique.fr\/clg-bassepointe\/wp-json\/wp\/v2\/media?parent=612"}],"wp:term":[{"taxonomy":"category","embeddable":true,"href":"https:\/\/site.ac-martinique.fr\/clg-bassepointe\/wp-json\/wp\/v2\/categories?post=612"},{"taxonomy":"post_tag","embeddable":true,"href":"https:\/\/site.ac-martinique.fr\/clg-bassepointe\/wp-json\/wp\/v2\/tags?post=612"}],"curies":[{"name":"wp","href":"https:\/\/api.w.org\/{rel}","templated":true}]}}