{"id":872,"date":"2023-05-02T00:12:20","date_gmt":"2023-05-02T04:12:20","guid":{"rendered":"https:\/\/site.ac-martinique.fr\/clg-bassepointe\/?p=872"},"modified":"2023-05-02T00:12:20","modified_gmt":"2023-05-02T04:12:20","slug":"las-leffort-de-basse-pointe-les-finales-academiques-dathletisme-par-mme-courgibet","status":"publish","type":"post","link":"https:\/\/site.ac-martinique.fr\/clg-bassepointe\/2023\/05\/02\/las-leffort-de-basse-pointe-les-finales-academiques-dathletisme-par-mme-courgibet\/","title":{"rendered":"L&rsquo;AS \u00ab\u00a0L&rsquo;effort de Basse-Pointe\u00a0\u00bb : Les finales acad\u00e9miques d&rsquo;athl\u00e9tisme par Mme Courgibet"},"content":{"rendered":"\n<div class=\"wp-block-media-text alignwide is-stacked-on-mobile is-image-fill\" style=\"grid-template-columns:49% auto\"><figure class=\"wp-block-media-text__media\" style=\"background-image:url(https:\/\/site.ac-martinique.fr\/clg-bassepointe\/wp-content\/uploads\/sites\/108\/2023\/05\/FINALES-AC-ATHLETISME.gif);background-position:50% 50%\"><img loading=\"lazy\" decoding=\"async\" width=\"800\" height=\"600\" src=\"https:\/\/site.ac-martinique.fr\/clg-bassepointe\/wp-content\/uploads\/sites\/108\/2023\/05\/FINALES-AC-ATHLETISME.gif\" alt=\"\" class=\"wp-image-873 size-full\"\/><\/figure><div class=\"wp-block-media-text__content\">\n<p>Le mercredi 26 Avril 2023, les athl\u00e8tes de L&rsquo;AS L&rsquo;EFFORT DE BASSE POINTE ont particip\u00e9 aux finales acad\u00e9miques d&rsquo;athl\u00e9tisme. Parmis les r\u00e9sultats sportifs nous retiendrons: la m\u00e9daille d&rsquo;or de Melinda LUZIEUX en 5c en lancer de poids et la medaille de bronze de Marie- Gabrielle LAULO en saut en longueur.<br>Bravo \u00e0 tous les \u00e9l\u00e8ves qui se sont qualifi\u00e9s pour l&rsquo;\u00e9v\u00e9nement dont DIBAL Andy-Marc et SURBON Nathanael !<br>A l&rsquo;ann\u00e9e prochaine<\/p>\n<\/div><\/div>\n","protected":false},"excerpt":{"rendered":"<p>Le mercredi 26 Avril 2023, les athl\u00e8tes de L&rsquo;AS L&rsquo;EFFORT DE BASSE POINTE ont particip\u00e9 aux finales acad\u00e9miques d&rsquo;athl\u00e9tisme. Parmis les r\u00e9sultats sportifs nous retiendrons: la m\u00e9daille d&rsquo;or de Melinda LUZIEUX en 5c en lancer de poids et la medaille de bronze de Marie- Gabrielle LAULO en saut en longueur.Bravo \u00e0 tous les \u00e9l\u00e8ves qui &hellip; <\/p>\n<p class=\"link-more\"><a href=\"https:\/\/site.ac-martinique.fr\/clg-bassepointe\/2023\/05\/02\/las-leffort-de-basse-pointe-les-finales-academiques-dathletisme-par-mme-courgibet\/\" class=\"more-link\">Lire la suite de<span class=\"screen-reader-text\">\u00ab\u00a0L&rsquo;AS \u00ab\u00a0L&rsquo;effort de Basse-Pointe\u00a0\u00bb : Les finales acad\u00e9miques d&rsquo;athl\u00e9tisme par Mme Courgibet\u00a0\u00bb<\/span><\/a><\/p>\n","protected":false},"author":318,"featured_media":0,"comment_status":"closed","ping_status":"closed","sticky":false,"template":"","format":"standard","meta":{"footnotes":""},"categories":[1],"tags":[],"class_list":["post-872","post","type-post","status-publish","format-standard","hentry","category-non-classe"],"_links":{"self":[{"href":"https:\/\/site.ac-martinique.fr\/clg-bassepointe\/wp-json\/wp\/v2\/posts\/872","targetHints":{"allow":["GET"]}}],"collection":[{"href":"https:\/\/site.ac-martinique.fr\/clg-bassepointe\/wp-json\/wp\/v2\/posts"}],"about":[{"href":"https:\/\/site.ac-martinique.fr\/clg-bassepointe\/wp-json\/wp\/v2\/types\/post"}],"author":[{"embeddable":true,"href":"https:\/\/site.ac-martinique.fr\/clg-bassepointe\/wp-json\/wp\/v2\/users\/318"}],"replies":[{"embeddable":true,"href":"https:\/\/site.ac-martinique.fr\/clg-bassepointe\/wp-json\/wp\/v2\/comments?post=872"}],"version-history":[{"count":1,"href":"https:\/\/site.ac-martinique.fr\/clg-bassepointe\/wp-json\/wp\/v2\/posts\/872\/revisions"}],"predecessor-version":[{"id":874,"href":"https:\/\/site.ac-martinique.fr\/clg-bassepointe\/wp-json\/wp\/v2\/posts\/872\/revisions\/874"}],"wp:attachment":[{"href":"https:\/\/site.ac-martinique.fr\/clg-bassepointe\/wp-json\/wp\/v2\/media?parent=872"}],"wp:term":[{"taxonomy":"category","embeddable":true,"href":"https:\/\/site.ac-martinique.fr\/clg-bassepointe\/wp-json\/wp\/v2\/categories?post=872"},{"taxonomy":"post_tag","embeddable":true,"href":"https:\/\/site.ac-martinique.fr\/clg-bassepointe\/wp-json\/wp\/v2\/tags?post=872"}],"curies":[{"name":"wp","href":"https:\/\/api.w.org\/{rel}","templated":true}]}}