{"id":883,"date":"2023-05-08T22:42:29","date_gmt":"2023-05-09T02:42:29","guid":{"rendered":"https:\/\/site.ac-martinique.fr\/clg-bassepointe\/?p=883"},"modified":"2023-05-08T22:42:29","modified_gmt":"2023-05-09T02:42:29","slug":"journee-internationale-des-droits-des-femmes-rencontre-avec-madame-patole-par-mme-joseph-francois","status":"publish","type":"post","link":"https:\/\/site.ac-martinique.fr\/clg-bassepointe\/2023\/05\/08\/journee-internationale-des-droits-des-femmes-rencontre-avec-madame-patole-par-mme-joseph-francois\/","title":{"rendered":"Journ\u00e9e internationale des droits des femmes : Rencontre avec Madame Patole par Mme Joseph-Fran\u00e7ois"},"content":{"rendered":"<p><iframe loading=\"lazy\" width=\"560\" height=\"315\" src=\"https:\/\/www.youtube.com\/embed\/Yu8p44uJZik\" title=\"YouTube video player\" frameborder=\"0\" allow=\"accelerometer; autoplay; clipboard-write; encrypted-media; gyroscope; picture-in-picture; web-share\" allowfullscreen><\/iframe><\/p>\n\n\n\n<p>Le mercredi 08 mars 2023, les \u00e9l\u00e8ves de quatri\u00e8me ont accueilli Mme Patole au coll\u00e8ge.<br>Dans le cadre de la \u00ab Journ\u00e9e Internationale des Droits des Femmes \u00bb, ils se sont entretenus avec cette journaliste, auteure du web-documentaire \u00ab\u00a0La Voix des Sans Voix\u00a0\u00bb, et actuellement adjointe au Directeur \u00c9ditorial en charge de la valorisation du patrimoine chez Martinique la 1ere- France T\u00e9l\u00e9vision.<br>Ce temps d\u2019\u00e9changes avait pour but de valoriser le m\u00e9tier de journaliste et celui de r\u00e9alisatrice aupr\u00e8s des \u00e9l\u00e8ves afin de permettre des vocations, notamment chez les jeunes filles.<br>Un moment enrichissant pour nos \u00e9l\u00e8ves, qui ont d\u00e9couvert \u00e0 cette occasion deux \u00e9pisodes du web-documentaire \u00ab\u00a0La Voix des Sans Voix\u00a0\u00bb.<\/p>\n","protected":false},"excerpt":{"rendered":"<p>Le mercredi 08 mars 2023, les \u00e9l\u00e8ves de quatri\u00e8me ont accueilli Mme Patole au coll\u00e8ge.Dans le cadre de la \u00ab Journ\u00e9e Internationale des Droits des Femmes \u00bb, ils se sont entretenus avec cette journaliste, auteure du web-documentaire \u00ab\u00a0La Voix des Sans Voix\u00a0\u00bb, et actuellement adjointe au Directeur \u00c9ditorial en charge de la valorisation du patrimoine &hellip; <\/p>\n<p class=\"link-more\"><a href=\"https:\/\/site.ac-martinique.fr\/clg-bassepointe\/2023\/05\/08\/journee-internationale-des-droits-des-femmes-rencontre-avec-madame-patole-par-mme-joseph-francois\/\" class=\"more-link\">Lire la suite de<span class=\"screen-reader-text\">\u00ab\u00a0Journ\u00e9e internationale des droits des femmes : Rencontre avec Madame Patole par Mme Joseph-Fran\u00e7ois\u00a0\u00bb<\/span><\/a><\/p>\n","protected":false},"author":318,"featured_media":0,"comment_status":"closed","ping_status":"closed","sticky":false,"template":"","format":"standard","meta":{"footnotes":""},"categories":[1],"tags":[],"class_list":["post-883","post","type-post","status-publish","format-standard","hentry","category-non-classe"],"_links":{"self":[{"href":"https:\/\/site.ac-martinique.fr\/clg-bassepointe\/wp-json\/wp\/v2\/posts\/883","targetHints":{"allow":["GET"]}}],"collection":[{"href":"https:\/\/site.ac-martinique.fr\/clg-bassepointe\/wp-json\/wp\/v2\/posts"}],"about":[{"href":"https:\/\/site.ac-martinique.fr\/clg-bassepointe\/wp-json\/wp\/v2\/types\/post"}],"author":[{"embeddable":true,"href":"https:\/\/site.ac-martinique.fr\/clg-bassepointe\/wp-json\/wp\/v2\/users\/318"}],"replies":[{"embeddable":true,"href":"https:\/\/site.ac-martinique.fr\/clg-bassepointe\/wp-json\/wp\/v2\/comments?post=883"}],"version-history":[{"count":1,"href":"https:\/\/site.ac-martinique.fr\/clg-bassepointe\/wp-json\/wp\/v2\/posts\/883\/revisions"}],"predecessor-version":[{"id":884,"href":"https:\/\/site.ac-martinique.fr\/clg-bassepointe\/wp-json\/wp\/v2\/posts\/883\/revisions\/884"}],"wp:attachment":[{"href":"https:\/\/site.ac-martinique.fr\/clg-bassepointe\/wp-json\/wp\/v2\/media?parent=883"}],"wp:term":[{"taxonomy":"category","embeddable":true,"href":"https:\/\/site.ac-martinique.fr\/clg-bassepointe\/wp-json\/wp\/v2\/categories?post=883"},{"taxonomy":"post_tag","embeddable":true,"href":"https:\/\/site.ac-martinique.fr\/clg-bassepointe\/wp-json\/wp\/v2\/tags?post=883"}],"curies":[{"name":"wp","href":"https:\/\/api.w.org\/{rel}","templated":true}]}}