{"id":885,"date":"2023-05-08T22:48:12","date_gmt":"2023-05-09T02:48:12","guid":{"rendered":"https:\/\/site.ac-martinique.fr\/clg-bassepointe\/?p=885"},"modified":"2023-05-08T22:48:12","modified_gmt":"2023-05-09T02:48:12","slug":"le-theatre-du-versant-au-college-pr-mme-joseph-francois","status":"publish","type":"post","link":"https:\/\/site.ac-martinique.fr\/clg-bassepointe\/2023\/05\/08\/le-theatre-du-versant-au-college-pr-mme-joseph-francois\/","title":{"rendered":"Le th\u00e9atre du Versant au coll\u00e8ge pr Mme Joseph-Fran\u00e7ois"},"content":{"rendered":"\n<figure class=\"wp-block-image aligncenter size-full is-resized\"><img loading=\"lazy\" decoding=\"async\" src=\"https:\/\/site.ac-martinique.fr\/clg-bassepointe\/wp-content\/uploads\/sites\/108\/2023\/05\/LE-THEATRE-DU-V-1.gif\" alt=\"\" class=\"wp-image-887\" width=\"543\" height=\"407\"\/><\/figure>\n\n\n\n<p>Dans le cadre du 400\u00e8me anniversaire de Moli\u00e8re, les \u00e9l\u00e8ves de cinqui\u00e8me ont eu le privil\u00e8ge d\u2019assister \u00e0 un spectacle repr\u00e9sent\u00e9 le jeudi 16 mars 2023 au sein coll\u00e8ge.<br>Cette repr\u00e9sentation, \u00e9labor\u00e9e \u00e0 partir de sc\u00e8nes du th\u00e9\u00e2tre de Moli\u00e8re et mise en sc\u00e8ne par deux com\u00e9diens talentueux du Th\u00e9\u00e2tre du Versant, avait pour but de leur permettre d\u2019appr\u00e9hender de mani\u00e8re originale et ludique l\u2019\u0153uvre de l\u2019un des plus grands auteurs de th\u00e9\u00e2tre.<br>C\u2019est donc avec int\u00e9r\u00eat et enthousiasme qu\u2019ils ont d\u00e9couvert des sc\u00e8nes extraites du \u00ab M\u00e9decin volant \u00bb, d\u2019\u00ab Amphitryon \u00bb, et mettant \u00e9galement en sc\u00e8ne les arch\u00e9types du ma\u00eetre et du valet Zani et Pantalone.<br>Un moment inoubliable pour ces \u00e9l\u00e8ves, dont plusieurs d\u2019entre eux ont eu l\u2019honneur de monter sur sc\u00e8ne pour se mettre dans la peau de com\u00e9diens.<\/p>\n","protected":false},"excerpt":{"rendered":"<p>Dans le cadre du 400\u00e8me anniversaire de Moli\u00e8re, les \u00e9l\u00e8ves de cinqui\u00e8me ont eu le privil\u00e8ge d\u2019assister \u00e0 un spectacle repr\u00e9sent\u00e9 le jeudi 16 mars 2023 au sein coll\u00e8ge.Cette repr\u00e9sentation, \u00e9labor\u00e9e \u00e0 partir de sc\u00e8nes du th\u00e9\u00e2tre de Moli\u00e8re et mise en sc\u00e8ne par deux com\u00e9diens talentueux du Th\u00e9\u00e2tre du Versant, avait pour but de &hellip; <\/p>\n<p class=\"link-more\"><a href=\"https:\/\/site.ac-martinique.fr\/clg-bassepointe\/2023\/05\/08\/le-theatre-du-versant-au-college-pr-mme-joseph-francois\/\" class=\"more-link\">Lire la suite de<span class=\"screen-reader-text\">\u00ab\u00a0Le th\u00e9atre du Versant au coll\u00e8ge pr Mme Joseph-Fran\u00e7ois\u00a0\u00bb<\/span><\/a><\/p>\n","protected":false},"author":318,"featured_media":0,"comment_status":"closed","ping_status":"closed","sticky":false,"template":"","format":"standard","meta":{"footnotes":""},"categories":[1],"tags":[],"class_list":["post-885","post","type-post","status-publish","format-standard","hentry","category-non-classe"],"_links":{"self":[{"href":"https:\/\/site.ac-martinique.fr\/clg-bassepointe\/wp-json\/wp\/v2\/posts\/885","targetHints":{"allow":["GET"]}}],"collection":[{"href":"https:\/\/site.ac-martinique.fr\/clg-bassepointe\/wp-json\/wp\/v2\/posts"}],"about":[{"href":"https:\/\/site.ac-martinique.fr\/clg-bassepointe\/wp-json\/wp\/v2\/types\/post"}],"author":[{"embeddable":true,"href":"https:\/\/site.ac-martinique.fr\/clg-bassepointe\/wp-json\/wp\/v2\/users\/318"}],"replies":[{"embeddable":true,"href":"https:\/\/site.ac-martinique.fr\/clg-bassepointe\/wp-json\/wp\/v2\/comments?post=885"}],"version-history":[{"count":1,"href":"https:\/\/site.ac-martinique.fr\/clg-bassepointe\/wp-json\/wp\/v2\/posts\/885\/revisions"}],"predecessor-version":[{"id":888,"href":"https:\/\/site.ac-martinique.fr\/clg-bassepointe\/wp-json\/wp\/v2\/posts\/885\/revisions\/888"}],"wp:attachment":[{"href":"https:\/\/site.ac-martinique.fr\/clg-bassepointe\/wp-json\/wp\/v2\/media?parent=885"}],"wp:term":[{"taxonomy":"category","embeddable":true,"href":"https:\/\/site.ac-martinique.fr\/clg-bassepointe\/wp-json\/wp\/v2\/categories?post=885"},{"taxonomy":"post_tag","embeddable":true,"href":"https:\/\/site.ac-martinique.fr\/clg-bassepointe\/wp-json\/wp\/v2\/tags?post=885"}],"curies":[{"name":"wp","href":"https:\/\/api.w.org\/{rel}","templated":true}]}}