{"id":952,"date":"2023-07-01T19:39:09","date_gmt":"2023-07-01T23:39:09","guid":{"rendered":"https:\/\/site.ac-martinique.fr\/clg-bassepointe\/?p=952"},"modified":"2023-07-01T19:41:37","modified_gmt":"2023-07-01T23:41:37","slug":"visite-de-madame-la-rectrice","status":"publish","type":"post","link":"https:\/\/site.ac-martinique.fr\/clg-bassepointe\/2023\/07\/01\/visite-de-madame-la-rectrice\/","title":{"rendered":"Visite de Madame la Rectrice"},"content":{"rendered":"<p><iframe loading=\"lazy\" width=\"560\" height=\"315\" src=\"https:\/\/www.youtube.com\/embed\/vg_GENGH15g\" title=\"YouTube video player\" frameborder=\"0\" allow=\"accelerometer; autoplay; clipboard-write; encrypted-media; gyroscope; picture-in-picture; web-share\" allowfullscreen><\/iframe><\/p>\n\n\n\n<p class=\"tw-mb-0\">Le mardi 2 mai 2023 entre 9h30 et 12h, Madame Nathalie Mons, la Rectrice de l\u2019Acad\u00e9mie de la Martinique s\u2019est d\u00e9plac\u00e9e au coll\u00e8ge. Elle \u00e9tait accompagn\u00e9e d\u2019une \u00e9quipe du Rectorat et de Madame Marie-Th\u00e9r\u00e8se Casimirius, le Maire de Basse-Pointe. A son arriv\u00e9e, Madame la Rectrice a \u00e9t\u00e9 re\u00e7ue par Madame Pharose, la Principale du coll\u00e8ge. Elle a visit\u00e9 les diff\u00e9rents espaces de l\u2019\u00e9tablissement puis elle a assist\u00e9 \u00e0 la premi\u00e8re partie du projet \u00ab Aim\u00e9 C\u00e9saire, le politique et le litt\u00e9raire \u00bb. Ensuite elle a particip\u00e9 \u00e0 un \u00e9change avec des membres de la communaut\u00e9 scolaire (professeurs et parents d\u2019\u00e9l\u00e8ves).<br>Ce f\u00fbt une journ\u00e9e bien remplie au coll\u00e8ge de Basse-Pointe.<\/p>\n\n\n\n<p class=\"tw-mt-0 tw-mb-0\"><br><strong>Flavie, une \u00e9l\u00e8ve de 4B, pr\u00e9sente le projet \u00ab Aim\u00e9 C\u00e9saire, le politique et le litt\u00e9raire \u00bb :<\/strong><br>\u00ab\u00a0En comm\u00e9moration du po\u00e8te un livre num\u00e9rique a \u00e9t\u00e9 \u00e9labor\u00e9. Il comprend trois parties :<\/p>\n\n\n\n<ul class=\"tw-mb-0 tw-mt-0 wp-block-list\">\n<li>Litt\u00e9raire : qui parlait principalement de ses po\u00e8mes.<\/li>\n\n\n\n<li>Historique : qui parlait de son parcours politique, des lois vot\u00e9es et appliqu\u00e9es gr\u00e2ce \u00e0 lui.<\/li>\n\n\n\n<li>Anglais : qui traitait de son universalit\u00e9, reconnue partout ailleurs.<br>Le livre a \u00e9t\u00e9 pr\u00e9sent\u00e9 par les \u00e9l\u00e8ves de 4B, Marie-Gabrielle, Perla et S\u00e9phora, devant Madame la Rectrice qui s\u2019est rendue au coll\u00e8ge pour l\u2019occasion.\u00a0\u00bb<\/li>\n<\/ul>\n","protected":false},"excerpt":{"rendered":"<p>Le mardi 2 mai 2023 entre 9h30 et 12h, Madame Nathalie Mons, la Rectrice de l\u2019Acad\u00e9mie de la Martinique s\u2019est d\u00e9plac\u00e9e au coll\u00e8ge. Elle \u00e9tait accompagn\u00e9e d\u2019une \u00e9quipe du Rectorat et de Madame Marie-Th\u00e9r\u00e8se Casimirius, le Maire de Basse-Pointe. A son arriv\u00e9e, Madame la Rectrice a \u00e9t\u00e9 re\u00e7ue par Madame Pharose, la Principale du coll\u00e8ge. &hellip; <\/p>\n<p class=\"link-more\"><a href=\"https:\/\/site.ac-martinique.fr\/clg-bassepointe\/2023\/07\/01\/visite-de-madame-la-rectrice\/\" class=\"more-link\">Lire la suite de<span class=\"screen-reader-text\">\u00ab\u00a0Visite de Madame la Rectrice\u00a0\u00bb<\/span><\/a><\/p>\n","protected":false},"author":318,"featured_media":0,"comment_status":"closed","ping_status":"closed","sticky":false,"template":"","format":"standard","meta":{"footnotes":""},"categories":[1],"tags":[],"class_list":["post-952","post","type-post","status-publish","format-standard","hentry","category-non-classe"],"_links":{"self":[{"href":"https:\/\/site.ac-martinique.fr\/clg-bassepointe\/wp-json\/wp\/v2\/posts\/952","targetHints":{"allow":["GET"]}}],"collection":[{"href":"https:\/\/site.ac-martinique.fr\/clg-bassepointe\/wp-json\/wp\/v2\/posts"}],"about":[{"href":"https:\/\/site.ac-martinique.fr\/clg-bassepointe\/wp-json\/wp\/v2\/types\/post"}],"author":[{"embeddable":true,"href":"https:\/\/site.ac-martinique.fr\/clg-bassepointe\/wp-json\/wp\/v2\/users\/318"}],"replies":[{"embeddable":true,"href":"https:\/\/site.ac-martinique.fr\/clg-bassepointe\/wp-json\/wp\/v2\/comments?post=952"}],"version-history":[{"count":2,"href":"https:\/\/site.ac-martinique.fr\/clg-bassepointe\/wp-json\/wp\/v2\/posts\/952\/revisions"}],"predecessor-version":[{"id":955,"href":"https:\/\/site.ac-martinique.fr\/clg-bassepointe\/wp-json\/wp\/v2\/posts\/952\/revisions\/955"}],"wp:attachment":[{"href":"https:\/\/site.ac-martinique.fr\/clg-bassepointe\/wp-json\/wp\/v2\/media?parent=952"}],"wp:term":[{"taxonomy":"category","embeddable":true,"href":"https:\/\/site.ac-martinique.fr\/clg-bassepointe\/wp-json\/wp\/v2\/categories?post=952"},{"taxonomy":"post_tag","embeddable":true,"href":"https:\/\/site.ac-martinique.fr\/clg-bassepointe\/wp-json\/wp\/v2\/tags?post=952"}],"curies":[{"name":"wp","href":"https:\/\/api.w.org\/{rel}","templated":true}]}}