{"id":956,"date":"2023-07-01T19:47:36","date_gmt":"2023-07-01T23:47:36","guid":{"rendered":"https:\/\/site.ac-martinique.fr\/clg-bassepointe\/?p=956"},"modified":"2023-07-01T19:47:36","modified_gmt":"2023-07-01T23:47:36","slug":"parcours-dexcellence-je-filme-le-metier-qui-me-plait","status":"publish","type":"post","link":"https:\/\/site.ac-martinique.fr\/clg-bassepointe\/2023\/07\/01\/parcours-dexcellence-je-filme-le-metier-qui-me-plait\/","title":{"rendered":"Parcours d&rsquo;excellence : Je filme le m\u00e9tier qui me pla\u00eet"},"content":{"rendered":"<p><iframe loading=\"lazy\" width=\"560\" height=\"315\" src=\"https:\/\/www.youtube.com\/embed\/es5g_aDz-0M\" title=\"YouTube video player\" frameborder=\"0\" allow=\"accelerometer; autoplay; clipboard-write; encrypted-media; gyroscope; picture-in-picture; web-share\" allowfullscreen><\/iframe><\/p>\n\n\n\n<p>Les \u00e9l\u00e8ves du parcours d\u2019excellence de 3e ont particip\u00e9 au concours \u00ab Je filme le m\u00e9tier qui me pla\u00eet \u00bb avec le film \u00ab Tout larivi\u00e8 ka d\u00e9sann an lanm\u00e8 \u00bb. Ils ont film\u00e9 le m\u00e9tier de chef de poste d\u2019une station d\u2019\u00e9puration. Ils ont \u00e9t\u00e9 s\u00e9lectionn\u00e9s pour le concours et ont obtenu un dipl\u00f4me pour leur participation.<br>Les \u00e9l\u00e8ves du parcours d\u2019excellence 4e ont choisi le m\u00e9tier de chef p\u00e2tissier. Ils ont effectu\u00e9 les prises de vue durant cette ann\u00e9e scolaire. L\u2019inscription au concours \u00ab je filme le m\u00e9tier qui me pla\u00eet \u00bb se fera en septembre 2023 et la r\u00e9alisation du film sera finalis\u00e9e durant l\u2019ann\u00e9e scolaire 2023\/2024 pour concourir.<\/p>\n","protected":false},"excerpt":{"rendered":"<p>Les \u00e9l\u00e8ves du parcours d\u2019excellence de 3e ont particip\u00e9 au concours \u00ab Je filme le m\u00e9tier qui me pla\u00eet \u00bb avec le film \u00ab Tout larivi\u00e8 ka d\u00e9sann an lanm\u00e8 \u00bb. Ils ont film\u00e9 le m\u00e9tier de chef de poste d\u2019une station d\u2019\u00e9puration. Ils ont \u00e9t\u00e9 s\u00e9lectionn\u00e9s pour le concours et ont obtenu un dipl\u00f4me &hellip; <\/p>\n<p class=\"link-more\"><a href=\"https:\/\/site.ac-martinique.fr\/clg-bassepointe\/2023\/07\/01\/parcours-dexcellence-je-filme-le-metier-qui-me-plait\/\" class=\"more-link\">Lire la suite de<span class=\"screen-reader-text\">\u00ab\u00a0Parcours d&rsquo;excellence : Je filme le m\u00e9tier qui me pla\u00eet\u00a0\u00bb<\/span><\/a><\/p>\n","protected":false},"author":318,"featured_media":0,"comment_status":"closed","ping_status":"closed","sticky":false,"template":"","format":"standard","meta":{"footnotes":""},"categories":[1],"tags":[],"class_list":["post-956","post","type-post","status-publish","format-standard","hentry","category-non-classe"],"_links":{"self":[{"href":"https:\/\/site.ac-martinique.fr\/clg-bassepointe\/wp-json\/wp\/v2\/posts\/956","targetHints":{"allow":["GET"]}}],"collection":[{"href":"https:\/\/site.ac-martinique.fr\/clg-bassepointe\/wp-json\/wp\/v2\/posts"}],"about":[{"href":"https:\/\/site.ac-martinique.fr\/clg-bassepointe\/wp-json\/wp\/v2\/types\/post"}],"author":[{"embeddable":true,"href":"https:\/\/site.ac-martinique.fr\/clg-bassepointe\/wp-json\/wp\/v2\/users\/318"}],"replies":[{"embeddable":true,"href":"https:\/\/site.ac-martinique.fr\/clg-bassepointe\/wp-json\/wp\/v2\/comments?post=956"}],"version-history":[{"count":1,"href":"https:\/\/site.ac-martinique.fr\/clg-bassepointe\/wp-json\/wp\/v2\/posts\/956\/revisions"}],"predecessor-version":[{"id":957,"href":"https:\/\/site.ac-martinique.fr\/clg-bassepointe\/wp-json\/wp\/v2\/posts\/956\/revisions\/957"}],"wp:attachment":[{"href":"https:\/\/site.ac-martinique.fr\/clg-bassepointe\/wp-json\/wp\/v2\/media?parent=956"}],"wp:term":[{"taxonomy":"category","embeddable":true,"href":"https:\/\/site.ac-martinique.fr\/clg-bassepointe\/wp-json\/wp\/v2\/categories?post=956"},{"taxonomy":"post_tag","embeddable":true,"href":"https:\/\/site.ac-martinique.fr\/clg-bassepointe\/wp-json\/wp\/v2\/tags?post=956"}],"curies":[{"name":"wp","href":"https:\/\/api.w.org\/{rel}","templated":true}]}}