{"id":2047,"date":"2018-10-15T10:07:00","date_gmt":"2018-10-15T14:07:00","guid":{"rendered":"\/clg-belleetoile\/?p=2047"},"modified":"2018-10-15T10:07:00","modified_gmt":"2018-10-15T14:07:00","slug":"journee-du-droit-au-college","status":"publish","type":"post","link":"https:\/\/site.ac-martinique.fr\/clg-belleetoile\/journee-du-droit-au-college\/","title":{"rendered":"Journ\u00e9e du droit au Coll\u00e8ge"},"content":{"rendered":"<p style=\"text-align: center;\"><a href=\"\/clg-belleetoile\/wp-content\/uploads\/sites\/49\/2018\/10\/journ\u00e9e-du-droit.jpg\"><img loading=\"lazy\" decoding=\"async\" class=\"alignnone size-medium wp-image-2048\" src=\"\/clg-belleetoile\/wp-content\/uploads\/sites\/49\/2018\/10\/journ\u00e9e-du-droit-300x300.jpg\" alt=\"\" width=\"300\" height=\"300\" srcset=\"https:\/\/site.ac-martinique.fr\/clg-belleetoile\/wp-content\/uploads\/sites\/49\/2018\/10\/journ\u00e9e-du-droit-300x300.jpg 300w, https:\/\/site.ac-martinique.fr\/clg-belleetoile\/wp-content\/uploads\/sites\/49\/2018\/10\/journ\u00e9e-du-droit-150x150.jpg 150w, https:\/\/site.ac-martinique.fr\/clg-belleetoile\/wp-content\/uploads\/sites\/49\/2018\/10\/journ\u00e9e-du-droit-768x768.jpg 768w, https:\/\/site.ac-martinique.fr\/clg-belleetoile\/wp-content\/uploads\/sites\/49\/2018\/10\/journ\u00e9e-du-droit-1024x1024.jpg 1024w\" sizes=\"auto, (max-width: 300px) 100vw, 300px\" \/><\/a><\/p>\n<p style=\"text-align: center;\">Le Vendredi 05 Octobre 2018, notre coll\u00e8ge a re\u00e7u Ma\u00eetre LUC-CAYOL Daniel, avocat exer\u00e7ant au\u00a0 barreau de Martinique.\u00a0 Il est intervenu aupr\u00e8s de nos \u00e9l\u00e8ves du niveau 5e tout d&rsquo;abord avec une pr\u00e9sentation de la justice et ensuite un \u00e9change p\u00e9dagogique autour des r\u00e8gles de droit sur les r\u00e9seaux sociaux.<\/p>\n<p style=\"text-align: center;\">Nous tenons \u00e0 remercier la disponibilit\u00e9 et la participation de Ma\u00eetre LUC-CAYOL Daniel!<\/p>\n","protected":false},"excerpt":{"rendered":"<p>Le Vendredi 05 Octobre 2018, notre coll\u00e8ge a re\u00e7u Ma\u00eetre LUC-CAYOL Daniel, avocat exer\u00e7ant au\u00a0 barreau de Martinique.\u00a0 Il est intervenu aupr\u00e8s de nos \u00e9l\u00e8ves du niveau 5e tout d&rsquo;abord avec une pr\u00e9sentation de la justice et ensuite un \u00e9change &hellip; <a href=\"https:\/\/site.ac-martinique.fr\/clg-belleetoile\/journee-du-droit-au-college\/\">Continuer la lecture <span class=\"meta-nav\">&rarr;<\/span><\/a><\/p>\n","protected":false},"author":116,"featured_media":0,"comment_status":"closed","ping_status":"open","sticky":false,"template":"","format":"standard","meta":{"footnotes":""},"categories":[18],"tags":[30,31],"class_list":["post-2047","post","type-post","status-publish","format-standard","hentry","category-activites-culturelles","tag-journee-du-droit","tag-justice"],"_links":{"self":[{"href":"https:\/\/site.ac-martinique.fr\/clg-belleetoile\/wp-json\/wp\/v2\/posts\/2047","targetHints":{"allow":["GET"]}}],"collection":[{"href":"https:\/\/site.ac-martinique.fr\/clg-belleetoile\/wp-json\/wp\/v2\/posts"}],"about":[{"href":"https:\/\/site.ac-martinique.fr\/clg-belleetoile\/wp-json\/wp\/v2\/types\/post"}],"author":[{"embeddable":true,"href":"https:\/\/site.ac-martinique.fr\/clg-belleetoile\/wp-json\/wp\/v2\/users\/116"}],"replies":[{"embeddable":true,"href":"https:\/\/site.ac-martinique.fr\/clg-belleetoile\/wp-json\/wp\/v2\/comments?post=2047"}],"version-history":[{"count":2,"href":"https:\/\/site.ac-martinique.fr\/clg-belleetoile\/wp-json\/wp\/v2\/posts\/2047\/revisions"}],"predecessor-version":[{"id":2050,"href":"https:\/\/site.ac-martinique.fr\/clg-belleetoile\/wp-json\/wp\/v2\/posts\/2047\/revisions\/2050"}],"wp:attachment":[{"href":"https:\/\/site.ac-martinique.fr\/clg-belleetoile\/wp-json\/wp\/v2\/media?parent=2047"}],"wp:term":[{"taxonomy":"category","embeddable":true,"href":"https:\/\/site.ac-martinique.fr\/clg-belleetoile\/wp-json\/wp\/v2\/categories?post=2047"},{"taxonomy":"post_tag","embeddable":true,"href":"https:\/\/site.ac-martinique.fr\/clg-belleetoile\/wp-json\/wp\/v2\/tags?post=2047"}],"curies":[{"name":"wp","href":"https:\/\/api.w.org\/{rel}","templated":true}]}}