{"id":2972,"date":"2021-01-14T18:52:22","date_gmt":"2021-01-14T22:52:22","guid":{"rendered":"\/clg-belleetoile\/?p=2972"},"modified":"2021-03-22T14:47:28","modified_gmt":"2021-03-22T18:47:28","slug":"stages-de-kayak-et-sortie-descalade","status":"publish","type":"post","link":"https:\/\/site.ac-martinique.fr\/clg-belleetoile\/stages-de-kayak-et-sortie-descalade\/","title":{"rendered":"Stages de kayak et sortie d&rsquo;escalade"},"content":{"rendered":"<p style=\"text-align: center;\"><strong>Stage de Kayak\u00a0<\/strong><\/p>\n<p>Fin des stages Kayak de troisi\u00e8me qui se sont d\u00e9roul\u00e9s \u00e0 Morne Cabri du 14 au 18 d\u00e9cembre 2020 et du 4 au 8 janvier 2021.<\/p>\n<p>Au-del\u00e0 de l\u2019enseignement li\u00e9 \u00e0 la conduite et la manipulation des kayaks, l\u2019approche d\u2019une pratique autonome et l\u2019apprentissage de la vie collective \u00e9taient au c\u0153ur des enseignements de ce stage. Les \u00e9l\u00e8ves de la plupart des classes se sont bien impliqu\u00e9s dans la vie de groupe et des contraintes qu\u2019elle impose mais aussi des plaisirs et avantages qu\u2019elle procure.<\/p>\n<p>Rendez-vous aux classes de cinqui\u00e8me pour des stages programm\u00e9s du 22 au 26 mars 2021 et 12 au 16 Avril 2021.<\/p>\n<p><a href=\"\/clg-belleetoile\/wp-content\/uploads\/sites\/49\/2021\/01\/33A7CC55-3658-46C1-9D5E-D13CFAC01997.jpeg\"><img loading=\"lazy\" decoding=\"async\" class=\"wp-image-2976 alignleft\" src=\"\/clg-belleetoile\/wp-content\/uploads\/sites\/49\/2021\/01\/33A7CC55-3658-46C1-9D5E-D13CFAC01997.jpeg\" alt=\"\" width=\"268\" height=\"201\" \/><\/a><\/p>\n<p><a href=\"\/clg-belleetoile\/wp-content\/uploads\/sites\/49\/2021\/01\/7CBBEB7C-63F0-4667-9CB8-6972AAAA2E93.jpeg\"><img loading=\"lazy\" decoding=\"async\" class=\"wp-image-2975 alignleft\" src=\"\/clg-belleetoile\/wp-content\/uploads\/sites\/49\/2021\/01\/7CBBEB7C-63F0-4667-9CB8-6972AAAA2E93.jpeg\" alt=\"\" width=\"268\" height=\"201\" \/><\/a><\/p>\n<p>&nbsp;<\/p>\n<p>&nbsp;<\/p>\n<p>&nbsp;<\/p>\n<p>&nbsp;<\/p>\n<p>&nbsp;<\/p>\n<p style=\"text-align: center;\"><span lang=\"FR\">\u00a0 <strong>Sortie d&rsquo;escalade<\/strong><\/span><\/p>\n<p><span lang=\"FR\">Mercredi 13 janvier 2021 une dizaine d\u2019\u00e9l\u00e8ves se sont d\u00e9plac\u00e9s dans le cadre de l\u2019Association Sportive Belle Etoile \u00e0 Rivi\u00e8re Pilote pour y pratiquer de l\u2019escalade en milieu naturel. <\/span><\/p>\n<p><span lang=\"FR\">Les \u00e9l\u00e8ves ont pu d\u00e9couvrir cette activit\u00e9 et mesurer \u00e0 quel point elle diff\u00e8re de la pratique de bloc \u00e0 laquelle ils sont confront\u00e9 dans la salle du coll\u00e8ge. M\u00eame si les conditions d\u2019escalade \u00e9taient rendues difficile par la pluie nous ayant devanc\u00e9 sur le site, la plupart des \u00e9l\u00e8ves ont r\u00e9alis\u00e9 d\u2019excellentes performances et ont surtout pu passer un excellent moment.\u00a0<\/span><\/p>\n<p><a href=\"\/clg-belleetoile\/wp-content\/uploads\/sites\/49\/2021\/01\/AFE6C164-0801-457C-AA08-DB236DF041F8.jpeg\"><img loading=\"lazy\" decoding=\"async\" class=\"wp-image-2977 alignleft\" src=\"\/clg-belleetoile\/wp-content\/uploads\/sites\/49\/2021\/01\/AFE6C164-0801-457C-AA08-DB236DF041F8.jpeg\" alt=\"\" width=\"232\" height=\"309\" \/><\/a><\/p>\n<p><a href=\"\/clg-belleetoile\/wp-content\/uploads\/sites\/49\/2021\/01\/E598A8FE-DEA0-43BD-8E69-0E92270D49A5.jpeg\"><img loading=\"lazy\" decoding=\"async\" class=\"wp-image-2980 alignleft\" src=\"\/clg-belleetoile\/wp-content\/uploads\/sites\/49\/2021\/01\/E598A8FE-DEA0-43BD-8E69-0E92270D49A5.jpeg\" alt=\"\" width=\"232\" height=\"310\" \/><\/a><\/p>\n<p>&nbsp;<\/p>\n<p>&nbsp;<\/p>\n<p>&nbsp;<\/p>\n<p>&nbsp;<\/p>\n<p>&nbsp;<\/p>\n<p>&nbsp;<\/p>\n<p>&nbsp;<\/p>\n<p style=\"text-align: right;\">M. COLAS professeur d&rsquo;EPS<\/p>\n<p>&nbsp;<\/p>\n","protected":false},"excerpt":{"rendered":"<p>Stage de Kayak\u00a0 Fin des stages Kayak de troisi\u00e8me qui se sont d\u00e9roul\u00e9s \u00e0 Morne Cabri du 14 au 18 d\u00e9cembre 2020 et du 4 au 8 janvier 2021. Au-del\u00e0 de l\u2019enseignement li\u00e9 \u00e0 la conduite et la manipulation des &hellip; <a href=\"https:\/\/site.ac-martinique.fr\/clg-belleetoile\/stages-de-kayak-et-sortie-descalade\/\">Continuer la lecture <span class=\"meta-nav\">&rarr;<\/span><\/a><\/p>\n","protected":false},"author":118,"featured_media":0,"comment_status":"closed","ping_status":"open","sticky":false,"template":"","format":"standard","meta":{"footnotes":""},"categories":[1],"tags":[],"class_list":["post-2972","post","type-post","status-publish","format-standard","hentry","category-non-classe"],"_links":{"self":[{"href":"https:\/\/site.ac-martinique.fr\/clg-belleetoile\/wp-json\/wp\/v2\/posts\/2972","targetHints":{"allow":["GET"]}}],"collection":[{"href":"https:\/\/site.ac-martinique.fr\/clg-belleetoile\/wp-json\/wp\/v2\/posts"}],"about":[{"href":"https:\/\/site.ac-martinique.fr\/clg-belleetoile\/wp-json\/wp\/v2\/types\/post"}],"author":[{"embeddable":true,"href":"https:\/\/site.ac-martinique.fr\/clg-belleetoile\/wp-json\/wp\/v2\/users\/118"}],"replies":[{"embeddable":true,"href":"https:\/\/site.ac-martinique.fr\/clg-belleetoile\/wp-json\/wp\/v2\/comments?post=2972"}],"version-history":[{"count":1,"href":"https:\/\/site.ac-martinique.fr\/clg-belleetoile\/wp-json\/wp\/v2\/posts\/2972\/revisions"}],"predecessor-version":[{"id":3137,"href":"https:\/\/site.ac-martinique.fr\/clg-belleetoile\/wp-json\/wp\/v2\/posts\/2972\/revisions\/3137"}],"wp:attachment":[{"href":"https:\/\/site.ac-martinique.fr\/clg-belleetoile\/wp-json\/wp\/v2\/media?parent=2972"}],"wp:term":[{"taxonomy":"category","embeddable":true,"href":"https:\/\/site.ac-martinique.fr\/clg-belleetoile\/wp-json\/wp\/v2\/categories?post=2972"},{"taxonomy":"post_tag","embeddable":true,"href":"https:\/\/site.ac-martinique.fr\/clg-belleetoile\/wp-json\/wp\/v2\/tags?post=2972"}],"curies":[{"name":"wp","href":"https:\/\/api.w.org\/{rel}","templated":true}]}}