{"id":2987,"date":"2021-01-20T19:54:40","date_gmt":"2021-01-20T23:54:40","guid":{"rendered":"\/clg-belleetoile\/?p=2987"},"modified":"2021-03-22T14:47:28","modified_gmt":"2021-03-22T18:47:28","slug":"les-ateliers-de-lorientation-et-du-stage-en-entreprise","status":"publish","type":"post","link":"https:\/\/site.ac-martinique.fr\/clg-belleetoile\/les-ateliers-de-lorientation-et-du-stage-en-entreprise\/","title":{"rendered":"Les ateliers de l&rsquo;orientation et du stage en entreprise"},"content":{"rendered":"<p style=\"text-align: center;\">Vendredi 15 janvier 2021, nos \u00e9l\u00e8ves de 3e ont eu droit \u00e0 une premi\u00e8re matin\u00e9e d\u00e9di\u00e9e \u00e0 l&rsquo;orientation avec des ateliers de pr\u00e9paration du stage en entreprise et une table ronde o\u00f9 des professionnels ont pr\u00e9sent\u00e9 leurs m\u00e9tiers.<\/p>\n<p style=\"text-align: center;\"><a href=\"\/clg-belleetoile\/wp-content\/uploads\/sites\/49\/2021\/01\/F364C945-8B76-4DE2-AB94-2879028B5600.jpeg\"><img loading=\"lazy\" decoding=\"async\" class=\"aligncenter size-full wp-image-2990\" src=\"\/clg-belleetoile\/wp-content\/uploads\/sites\/49\/2021\/01\/F364C945-8B76-4DE2-AB94-2879028B5600.jpeg\" alt=\"\" width=\"696\" height=\"391\" \/><\/a><\/p>\n<p style=\"text-align: center;\"><strong>Les ateliers :<\/strong><\/p>\n<p style=\"text-align: left;\"><a href=\"\/clg-belleetoile\/wp-content\/uploads\/sites\/49\/2021\/01\/3B772BC7-A868-45F9-B4E7-CC6412B2FA18.jpeg\"><img loading=\"lazy\" decoding=\"async\" class=\"aligncenter size-full wp-image-2992\" src=\"\/clg-belleetoile\/wp-content\/uploads\/sites\/49\/2021\/01\/3B772BC7-A868-45F9-B4E7-CC6412B2FA18.jpeg\" alt=\"\" width=\"1200\" height=\"1200\" \/><\/a><\/p>\n<p style=\"text-align: center;\"><strong>La table ronde :<\/strong><\/p>\n<p style=\"text-align: left;\"><a href=\"\/clg-belleetoile\/wp-content\/uploads\/sites\/49\/2021\/01\/45A41019-1F6D-4D00-A55B-BE2E909D85F0.jpeg\"><img loading=\"lazy\" decoding=\"async\" class=\"aligncenter size-full wp-image-2994\" src=\"\/clg-belleetoile\/wp-content\/uploads\/sites\/49\/2021\/01\/45A41019-1F6D-4D00-A55B-BE2E909D85F0.jpeg\" alt=\"\" width=\"1200\" height=\"1200\" \/><\/a><\/p>\n<p style=\"text-align: right;\">Mme LOUISOR, professeur de math\u00e9matiques<\/p>\n","protected":false},"excerpt":{"rendered":"<p>Vendredi 15 janvier 2021, nos \u00e9l\u00e8ves de 3e ont eu droit \u00e0 une premi\u00e8re matin\u00e9e d\u00e9di\u00e9e \u00e0 l&rsquo;orientation avec des ateliers de pr\u00e9paration du stage en entreprise et une table ronde o\u00f9 des professionnels ont pr\u00e9sent\u00e9 leurs m\u00e9tiers. Les ateliers &hellip; <a href=\"https:\/\/site.ac-martinique.fr\/clg-belleetoile\/les-ateliers-de-lorientation-et-du-stage-en-entreprise\/\">Continuer la lecture <span class=\"meta-nav\">&rarr;<\/span><\/a><\/p>\n","protected":false},"author":118,"featured_media":0,"comment_status":"closed","ping_status":"open","sticky":false,"template":"","format":"standard","meta":{"footnotes":""},"categories":[1],"tags":[],"class_list":["post-2987","post","type-post","status-publish","format-standard","hentry","category-non-classe"],"_links":{"self":[{"href":"https:\/\/site.ac-martinique.fr\/clg-belleetoile\/wp-json\/wp\/v2\/posts\/2987","targetHints":{"allow":["GET"]}}],"collection":[{"href":"https:\/\/site.ac-martinique.fr\/clg-belleetoile\/wp-json\/wp\/v2\/posts"}],"about":[{"href":"https:\/\/site.ac-martinique.fr\/clg-belleetoile\/wp-json\/wp\/v2\/types\/post"}],"author":[{"embeddable":true,"href":"https:\/\/site.ac-martinique.fr\/clg-belleetoile\/wp-json\/wp\/v2\/users\/118"}],"replies":[{"embeddable":true,"href":"https:\/\/site.ac-martinique.fr\/clg-belleetoile\/wp-json\/wp\/v2\/comments?post=2987"}],"version-history":[{"count":1,"href":"https:\/\/site.ac-martinique.fr\/clg-belleetoile\/wp-json\/wp\/v2\/posts\/2987\/revisions"}],"predecessor-version":[{"id":3138,"href":"https:\/\/site.ac-martinique.fr\/clg-belleetoile\/wp-json\/wp\/v2\/posts\/2987\/revisions\/3138"}],"wp:attachment":[{"href":"https:\/\/site.ac-martinique.fr\/clg-belleetoile\/wp-json\/wp\/v2\/media?parent=2987"}],"wp:term":[{"taxonomy":"category","embeddable":true,"href":"https:\/\/site.ac-martinique.fr\/clg-belleetoile\/wp-json\/wp\/v2\/categories?post=2987"},{"taxonomy":"post_tag","embeddable":true,"href":"https:\/\/site.ac-martinique.fr\/clg-belleetoile\/wp-json\/wp\/v2\/tags?post=2987"}],"curies":[{"name":"wp","href":"https:\/\/api.w.org\/{rel}","templated":true}]}}