{"id":4541,"date":"2023-12-20T05:21:32","date_gmt":"2023-12-20T09:21:32","guid":{"rendered":"https:\/\/site.ac-martinique.fr\/clg-belleetoile\/?p=4541"},"modified":"2023-12-20T05:21:32","modified_gmt":"2023-12-20T09:21:32","slug":"resume-du-cross-2023-2024","status":"publish","type":"post","link":"https:\/\/site.ac-martinique.fr\/clg-belleetoile\/resume-du-cross-2023-2024\/","title":{"rendered":"R\u00e9sum\u00e9 du CROSS 2023-2024"},"content":{"rendered":"\n<p>Vendredi 1 d\u00e9cembre 2023\u2026 comme chaque premier vendredi du mois de d\u00e9cembre \u00e0 St-Joseph, le quartier Belle-\u00e9toile est en \u00e9bullition.<br>Tout d\u00e9marre au petit matin, professeurs d\u2019EPS et agents de la commune s\u2019affairent \u00e0 boucler les derniers pr\u00e9paratifs&nbsp;: barri\u00e8res le long de la route, rubalises ou encore chapiteaux\u2026 tout ce petit monde met la main \u00e0 la patte dans la joie et la bonne humeur.<br><br>Nos \u00e9l\u00e8ves du coll\u00e8ge ont rendez-vous \u00e0 7H00 tapantes dans l\u2019\u00e9tablissement. Ils doivent absolument \u00eatre ponctuels ce matin pour \u00e9viter les probl\u00e8mes de circulation, la route devant \u00eatre ferm\u00e9e pour 7h15.<\/p>\n\n\n\n<p>La chaleur matinale s\u2019invite enfin et tout est fin pr\u00eat pour accueillir les 6 courses programm\u00e9es. En effet, cette matin\u00e9e sportive est l\u2019occasion d\u2019une rencontre entre les classes de CM1 et CM2 des \u00e9coles primaires de la commune ainsi que celles du coll\u00e8ge, ce qui repr\u00e9sente environ 1000 \u00e9l\u00e8ves.<br>D\u2019ailleurs, les CM2 courent en compagnie des 6<sup>e<\/sup>, et les autres niveaux de classe entre eux.<br>Un classement \u00ab&nbsp;Filles&nbsp;\u00bb et \u00ab&nbsp;Gar\u00e7ons&nbsp;\u00bb est \u00e9tabli \u00e0 l\u2019arriv\u00e9e ainsi qu\u2019un classement par classe.<br><br>8h30, le coup d\u2019envoi est donn\u00e9 avec les 5e qui sont les premiers \u00e0 concourir. S\u2019en suivront la course des CM1, CM2\/6<sup>e<\/sup>, 4<sup>e<\/sup> et enfin la course \u00ab&nbsp;reine&nbsp;\u00bb&nbsp;: celle des 3e, avec la participation de certains coll\u00e8gues, toutes mati\u00e8res confondues, et des parrain et marraine de la manifestation&nbsp;:&nbsp;<strong><em>Cynthia ANAIS (France) et Andr\u00e9 THOMAS (Jama\u00efque) <\/em><\/strong>deux athl\u00e8tes internationaux plusieurs fois m\u00e9daill\u00e9s habitant notre commune. <sup>&nbsp;&nbsp;<\/sup><\/p>\n\n\n\n<figure class=\"wp-block-gallery has-nested-images columns-default is-cropped wp-block-gallery-1 is-layout-flex wp-block-gallery-is-layout-flex\">\n<figure class=\"wp-block-image size-large\"><a href=\"https:\/\/site.ac-martinique.fr\/clg-belleetoile\/wp-content\/uploads\/sites\/49\/2023\/12\/image-1.png\"><img loading=\"lazy\" decoding=\"async\" width=\"312\" height=\"456\" data-id=\"4543\" src=\"https:\/\/site.ac-martinique.fr\/clg-belleetoile\/wp-content\/uploads\/sites\/49\/2023\/12\/image-1.png\" alt=\"\" class=\"wp-image-4543\" srcset=\"https:\/\/site.ac-martinique.fr\/clg-belleetoile\/wp-content\/uploads\/sites\/49\/2023\/12\/image-1.png 312w, https:\/\/site.ac-martinique.fr\/clg-belleetoile\/wp-content\/uploads\/sites\/49\/2023\/12\/image-1-205x300.png 205w\" sizes=\"auto, (max-width: 312px) 100vw, 312px\" \/><\/a><\/figure>\n\n\n\n<figure class=\"wp-block-image size-large\"><a href=\"https:\/\/site.ac-martinique.fr\/clg-belleetoile\/wp-content\/uploads\/sites\/49\/2023\/12\/image.png\"><img loading=\"lazy\" decoding=\"async\" width=\"572\" height=\"456\" data-id=\"4542\" src=\"https:\/\/site.ac-martinique.fr\/clg-belleetoile\/wp-content\/uploads\/sites\/49\/2023\/12\/image.png\" alt=\"\" class=\"wp-image-4542\" srcset=\"https:\/\/site.ac-martinique.fr\/clg-belleetoile\/wp-content\/uploads\/sites\/49\/2023\/12\/image.png 572w, https:\/\/site.ac-martinique.fr\/clg-belleetoile\/wp-content\/uploads\/sites\/49\/2023\/12\/image-300x239.png 300w\" sizes=\"auto, (max-width: 572px) 100vw, 572px\" \/><\/a><\/figure>\n<\/figure>\n\n\n\n<figure class=\"wp-block-image size-full\"><a href=\"https:\/\/site.ac-martinique.fr\/clg-belleetoile\/wp-content\/uploads\/sites\/49\/2023\/12\/image-2.png\"><img loading=\"lazy\" decoding=\"async\" width=\"908\" height=\"529\" src=\"https:\/\/site.ac-martinique.fr\/clg-belleetoile\/wp-content\/uploads\/sites\/49\/2023\/12\/image-2.png\" alt=\"\" class=\"wp-image-4545\" srcset=\"https:\/\/site.ac-martinique.fr\/clg-belleetoile\/wp-content\/uploads\/sites\/49\/2023\/12\/image-2.png 908w, https:\/\/site.ac-martinique.fr\/clg-belleetoile\/wp-content\/uploads\/sites\/49\/2023\/12\/image-2-300x175.png 300w, https:\/\/site.ac-martinique.fr\/clg-belleetoile\/wp-content\/uploads\/sites\/49\/2023\/12\/image-2-768x447.png 768w\" sizes=\"auto, (max-width: 908px) 100vw, 908px\" \/><\/a><\/figure>\n\n\n\n<p>Nos jeunes coureurs \u00e9tant g\u00e9n\u00e9ralement tr\u00e8s excit\u00e9s, certains coll\u00e8gues r\u00e9alisent une chaine humaine pour canaliser quelque peu le d\u00e9part et surtout \u00e9viter autant que possible les chutes.<br><br>A chaque course, les secours sont sollicit\u00e9s\u2026 la chaleur et le stress de l\u2019\u00e9preuve sont pour beaucoup difficiles \u00e0 supporter. Mais fort heureusement, plus de peur que de mal pour nos sportifs en herbe.<\/p>\n\n\n\n<figure class=\"wp-block-gallery has-nested-images columns-default is-cropped wp-block-gallery-2 is-layout-flex wp-block-gallery-is-layout-flex\">\n<figure class=\"wp-block-image size-large\"><a href=\"https:\/\/site.ac-martinique.fr\/clg-belleetoile\/wp-content\/uploads\/sites\/49\/2023\/12\/image-3.png\"><img loading=\"lazy\" decoding=\"async\" width=\"456\" height=\"506\" data-id=\"4546\" src=\"https:\/\/site.ac-martinique.fr\/clg-belleetoile\/wp-content\/uploads\/sites\/49\/2023\/12\/image-3.png\" alt=\"\" class=\"wp-image-4546\" srcset=\"https:\/\/site.ac-martinique.fr\/clg-belleetoile\/wp-content\/uploads\/sites\/49\/2023\/12\/image-3.png 456w, https:\/\/site.ac-martinique.fr\/clg-belleetoile\/wp-content\/uploads\/sites\/49\/2023\/12\/image-3-270x300.png 270w\" sizes=\"auto, (max-width: 456px) 100vw, 456px\" \/><\/a><\/figure>\n\n\n\n<figure class=\"wp-block-image size-large\"><a href=\"https:\/\/site.ac-martinique.fr\/clg-belleetoile\/wp-content\/uploads\/sites\/49\/2023\/12\/image-4.png\"><img loading=\"lazy\" decoding=\"async\" width=\"451\" height=\"511\" data-id=\"4547\" src=\"https:\/\/site.ac-martinique.fr\/clg-belleetoile\/wp-content\/uploads\/sites\/49\/2023\/12\/image-4.png\" alt=\"\" class=\"wp-image-4547\" srcset=\"https:\/\/site.ac-martinique.fr\/clg-belleetoile\/wp-content\/uploads\/sites\/49\/2023\/12\/image-4.png 451w, https:\/\/site.ac-martinique.fr\/clg-belleetoile\/wp-content\/uploads\/sites\/49\/2023\/12\/image-4-265x300.png 265w\" sizes=\"auto, (max-width: 451px) 100vw, 451px\" \/><\/a><\/figure>\n<\/figure>\n\n\n\n<p>Cette manifestation est avant tout un moment de partage, et la troupe de danse de Lorenzo a pu appliquer ces mots \u00e0 la lettre. En effet, tel le clou du spectacle, Lorenzo et ses danseurs ont enflamm\u00e9 la tribune d\u2019honneur pleine \u00e0 craquer gr\u00e2ce \u00e0 des pas de Hip Hop inspir\u00e9s des meilleurs chor\u00e9graphes de la discipline. Un triomphe&nbsp;!<\/p>\n\n\n\n<figure class=\"wp-block-image size-full\"><a href=\"https:\/\/site.ac-martinique.fr\/clg-belleetoile\/wp-content\/uploads\/sites\/49\/2023\/12\/image-5.png\"><img loading=\"lazy\" decoding=\"async\" width=\"921\" height=\"494\" src=\"https:\/\/site.ac-martinique.fr\/clg-belleetoile\/wp-content\/uploads\/sites\/49\/2023\/12\/image-5.png\" alt=\"\" class=\"wp-image-4548\" srcset=\"https:\/\/site.ac-martinique.fr\/clg-belleetoile\/wp-content\/uploads\/sites\/49\/2023\/12\/image-5.png 921w, https:\/\/site.ac-martinique.fr\/clg-belleetoile\/wp-content\/uploads\/sites\/49\/2023\/12\/image-5-300x161.png 300w, https:\/\/site.ac-martinique.fr\/clg-belleetoile\/wp-content\/uploads\/sites\/49\/2023\/12\/image-5-768x412.png 768w\" sizes=\"auto, (max-width: 921px) 100vw, 921px\" \/><\/a><\/figure>\n\n\n\n<p>Les remises de m\u00e9dailles s\u2019enchainent entre les courses, et ce malgr\u00e9 l\u2019apparition de la pluie qui s\u2019est finalement invit\u00e9e. Les m\u00e9daill\u00e9s se pliant volontiers au jeu des photos officiels avec fiert\u00e9 et le sentiment du devoir (bien) accompli&nbsp;!<br><br><\/p>\n\n\n\n<figure class=\"wp-block-image size-full\"><a href=\"https:\/\/site.ac-martinique.fr\/clg-belleetoile\/wp-content\/uploads\/sites\/49\/2023\/12\/image-6.png\"><img loading=\"lazy\" decoding=\"async\" width=\"940\" height=\"473\" src=\"https:\/\/site.ac-martinique.fr\/clg-belleetoile\/wp-content\/uploads\/sites\/49\/2023\/12\/image-6.png\" alt=\"\" class=\"wp-image-4549\" srcset=\"https:\/\/site.ac-martinique.fr\/clg-belleetoile\/wp-content\/uploads\/sites\/49\/2023\/12\/image-6.png 940w, https:\/\/site.ac-martinique.fr\/clg-belleetoile\/wp-content\/uploads\/sites\/49\/2023\/12\/image-6-300x151.png 300w, https:\/\/site.ac-martinique.fr\/clg-belleetoile\/wp-content\/uploads\/sites\/49\/2023\/12\/image-6-768x386.png 768w\" sizes=\"auto, (max-width: 940px) 100vw, 940px\" \/><\/a><\/figure>\n\n\n\n<p>Ca y est, les 12 coups de midi ont retenti et tout ce petit monde a regagn\u00e9 le coll\u00e8ge (accompagnants et coll\u00e9giens)\u2026 les \u00e9l\u00e8ves du primaire nous ayant quitt\u00e9 un peu plus t\u00f4t dans la matin\u00e9e\u2026 C\u2019est au tour de la \u00ab team \u00e9colo&nbsp;\u00bb de Mme S\u00e9bastien de s\u2019activer pour ramasser et trier avec une grande efficacit\u00e9 tout ce qui traine dans les tribunes.<br><br>Agents et coll\u00e8gues toujours sur place s\u2019affairent \u00e0 nouveau pour le rangement, et nettoyage. Les discussions vont bon train, tout le monde y va de son d\u00e9briefing\u2026 Le DJ range ses platines, c\u2019est la fin de cette matin\u00e9e sportive\u2026mais pas que. Violon dan sak, \u00e0 l\u2019ann\u00e9e prochaine.<br><br>Un grand merci \u00e0 tous les agents du Service Technique sollicit\u00e9s qui r\u00e9pondent toujours avec un grand plaisir, les parents b\u00e9n\u00e9voles, les coll\u00e8gues du coll\u00e8ge Belle-Etoile, la Vie Scolaire, la Caisse des \u00c9coles de St-Joseph, le service des Sports et de la Culture de la Mairie de St-Joseph pour son support ind\u00e9fectible.<\/p>\n\n\n\n<figure class=\"wp-block-image size-full\"><a href=\"https:\/\/site.ac-martinique.fr\/clg-belleetoile\/wp-content\/uploads\/sites\/49\/2023\/12\/image-7.png\"><img loading=\"lazy\" decoding=\"async\" width=\"940\" height=\"626\" src=\"https:\/\/site.ac-martinique.fr\/clg-belleetoile\/wp-content\/uploads\/sites\/49\/2023\/12\/image-7.png\" alt=\"\" class=\"wp-image-4550\" srcset=\"https:\/\/site.ac-martinique.fr\/clg-belleetoile\/wp-content\/uploads\/sites\/49\/2023\/12\/image-7.png 940w, https:\/\/site.ac-martinique.fr\/clg-belleetoile\/wp-content\/uploads\/sites\/49\/2023\/12\/image-7-300x200.png 300w, https:\/\/site.ac-martinique.fr\/clg-belleetoile\/wp-content\/uploads\/sites\/49\/2023\/12\/image-7-768x511.png 768w\" sizes=\"auto, (max-width: 940px) 100vw, 940px\" \/><\/a><\/figure>\n","protected":false},"excerpt":{"rendered":"<p>Vendredi 1 d\u00e9cembre 2023\u2026 comme chaque premier vendredi du mois de d\u00e9cembre \u00e0 St-Joseph, le quartier Belle-\u00e9toile est en \u00e9bullition.Tout d\u00e9marre au petit matin, professeurs d\u2019EPS et agents de la commune s\u2019affairent \u00e0 boucler les derniers pr\u00e9paratifs&nbsp;: barri\u00e8res le long &hellip; <a href=\"https:\/\/site.ac-martinique.fr\/clg-belleetoile\/resume-du-cross-2023-2024\/\">Continuer la lecture <span class=\"meta-nav\">&rarr;<\/span><\/a><\/p>\n","protected":false},"author":118,"featured_media":0,"comment_status":"closed","ping_status":"open","sticky":false,"template":"","format":"standard","meta":{"footnotes":""},"categories":[8],"tags":[],"class_list":["post-4541","post","type-post","status-publish","format-standard","hentry","category-eps"],"_links":{"self":[{"href":"https:\/\/site.ac-martinique.fr\/clg-belleetoile\/wp-json\/wp\/v2\/posts\/4541","targetHints":{"allow":["GET"]}}],"collection":[{"href":"https:\/\/site.ac-martinique.fr\/clg-belleetoile\/wp-json\/wp\/v2\/posts"}],"about":[{"href":"https:\/\/site.ac-martinique.fr\/clg-belleetoile\/wp-json\/wp\/v2\/types\/post"}],"author":[{"embeddable":true,"href":"https:\/\/site.ac-martinique.fr\/clg-belleetoile\/wp-json\/wp\/v2\/users\/118"}],"replies":[{"embeddable":true,"href":"https:\/\/site.ac-martinique.fr\/clg-belleetoile\/wp-json\/wp\/v2\/comments?post=4541"}],"version-history":[{"count":1,"href":"https:\/\/site.ac-martinique.fr\/clg-belleetoile\/wp-json\/wp\/v2\/posts\/4541\/revisions"}],"predecessor-version":[{"id":4551,"href":"https:\/\/site.ac-martinique.fr\/clg-belleetoile\/wp-json\/wp\/v2\/posts\/4541\/revisions\/4551"}],"wp:attachment":[{"href":"https:\/\/site.ac-martinique.fr\/clg-belleetoile\/wp-json\/wp\/v2\/media?parent=4541"}],"wp:term":[{"taxonomy":"category","embeddable":true,"href":"https:\/\/site.ac-martinique.fr\/clg-belleetoile\/wp-json\/wp\/v2\/categories?post=4541"},{"taxonomy":"post_tag","embeddable":true,"href":"https:\/\/site.ac-martinique.fr\/clg-belleetoile\/wp-json\/wp\/v2\/tags?post=4541"}],"curies":[{"name":"wp","href":"https:\/\/api.w.org\/{rel}","templated":true}]}}