{"id":8503,"date":"2025-02-16T10:59:21","date_gmt":"2025-02-16T14:59:21","guid":{"rendered":"https:\/\/site.ac-martinique.fr\/clg-carbet\/?p=8503"},"modified":"2025-02-16T10:59:22","modified_gmt":"2025-02-16T14:59:22","slug":"presquile-de-la-caravelle","status":"publish","type":"post","link":"https:\/\/site.ac-martinique.fr\/clg-carbet\/?p=8503","title":{"rendered":"Presqu\u2019\u00eele de la Caravelle"},"content":{"rendered":"\n<p>par Mme Laurent<\/p>\n\n\n\n<p style=\"text-align: left\"><strong><img loading=\"lazy\" decoding=\"async\" class=\" wp-image-8505 alignleft\" src=\"https:\/\/site.ac-martinique.fr\/clg-carbet\/wp-content\/uploads\/sites\/68\/debut-balade-300x286.jpg\" alt=\"\" width=\"377\" height=\"360\" srcset=\"https:\/\/site.ac-martinique.fr\/clg-carbet\/wp-content\/uploads\/sites\/68\/debut-balade-300x286.jpg 300w, https:\/\/site.ac-martinique.fr\/clg-carbet\/wp-content\/uploads\/sites\/68\/debut-balade-768x731.jpg 768w, https:\/\/site.ac-martinique.fr\/clg-carbet\/wp-content\/uploads\/sites\/68\/debut-balade.jpg 945w\" sizes=\"auto, (max-width: 377px) 100vw, 377px\" \/>Le jeudi 23 janvier 2025, les \u00e9l\u00e8ves des classes de 4<sup>\u00e8me<\/sup> 1 et 2 ont particip\u00e9 \u00e0 une sortie p\u00e9dagogique alliant l\u2019EPS (\u00c9ducation Physique et Sportive) et les SVT (Sciences de la Vie et de la Terre). Sortie p\u00e9dagogique ayant eu pour cadre la presqu\u2019\u00eele de la Caravelle et ax\u00e9e sur la d\u00e9couverte de la faune et de la flore, l\u2019\u00e9tude des \u00e9cosyst\u00e8mes, ainsi que l\u2019impact de l\u2019homme sur la nature. Ce fut une exp\u00e9rience enrichissante qui a permis de renforcer les connaissances scientifiques des \u00e9l\u00e8ves tout en les sensibilisant aux enjeux environnementaux majeurs.<img loading=\"lazy\" decoding=\"async\" class=\" wp-image-8504 alignright\" src=\"https:\/\/site.ac-martinique.fr\/clg-carbet\/wp-content\/uploads\/sites\/68\/phare-300x231.jpg\" alt=\"\" width=\"367\" height=\"282\" srcset=\"https:\/\/site.ac-martinique.fr\/clg-carbet\/wp-content\/uploads\/sites\/68\/phare-300x231.jpg 300w, https:\/\/site.ac-martinique.fr\/clg-carbet\/wp-content\/uploads\/sites\/68\/phare.jpg 638w\" sizes=\"auto, (max-width: 367px) 100vw, 367px\" \/><\/strong><\/p>\n<p>\u00a0<\/p>\n<p style=\"text-align: left\"><strong><br \/>Au terme de ce petit compte rendu, nous tenons \u00e0 adresser une pens\u00e9e particuli\u00e8re \u00e0 Madame C\u00c9BILE, \u00e0 l\u2019origine de cette sortie p\u00e9dagogique et qui, pour des raisons familiales, n\u2019a pu \u00eatre des n\u00f4tres ce jour. Qu\u2019elle soit remerci\u00e9e de cette initiative par le biais de laquelle nos \u00e9l\u00e8ves ont pu red\u00e9couvrir leur pays et les richesses naturelles et g\u00e9ologiques qui le caract\u00e9risent.<\/strong><\/p>\n<p>\u00a0<\/p>\n<p><img loading=\"lazy\" decoding=\"async\" class=\"wp-image-8506 aligncenter\" src=\"https:\/\/site.ac-martinique.fr\/clg-carbet\/wp-content\/uploads\/sites\/68\/milieu-balade-300x288.jpg\" alt=\"\" width=\"577\" height=\"554\" srcset=\"https:\/\/site.ac-martinique.fr\/clg-carbet\/wp-content\/uploads\/sites\/68\/milieu-balade-300x288.jpg 300w, https:\/\/site.ac-martinique.fr\/clg-carbet\/wp-content\/uploads\/sites\/68\/milieu-balade.jpg 640w\" sizes=\"auto, (max-width: 577px) 100vw, 577px\" \/><\/p>\n\n\n\n\n\n\n","protected":false},"excerpt":{"rendered":"<p>par Mme Laurent Le jeudi 23 janvier 2025, les \u00e9l\u00e8ves des classes de 4\u00e8me 1 et 2 ont particip\u00e9 \u00e0 une sortie p\u00e9dagogique alliant l\u2019EPS (\u00c9ducation Physique et Sportive) et les SVT (Sciences de la Vie et de la Terre). Sortie p\u00e9dagogique ayant eu pour cadre la presqu\u2019\u00eele de la Caravelle et ax\u00e9e sur la d\u00e9couverte de la faune et de la flore, l\u2019\u00e9tude des \u00e9cosyst\u00e8mes, ainsi que l\u2019impact de l\u2019homme sur la nature. Ce fut une exp\u00e9rience enrichissante qui a permis de renforcer les connaissances scientifiques des \u00e9l\u00e8ves tout en les sensibilisant aux enjeux environnementaux majeurs. \u00a0 Au terme de ce petit compte rendu, nous tenons \u00e0 adresser une pens\u00e9e particuli\u00e8re \u00e0 Madame C\u00c9BILE, \u00e0 l\u2019origine de cette sortie p\u00e9dagogique et qui, pour des raisons familiales, n\u2019a pu \u00eatre des n\u00f4tres ce jour. Qu\u2019elle soit remerci\u00e9e de cette initiative par le biais de laquelle nos \u00e9l\u00e8ves ont pu red\u00e9couvrir leur pays et les richesses naturelles et g\u00e9ologiques qui le caract\u00e9risent. \u00a0<\/p>\n","protected":false},"author":557,"featured_media":8507,"comment_status":"closed","ping_status":"open","sticky":false,"template":"","format":"standard","meta":{"footnotes":""},"categories":[1],"tags":[],"class_list":["post-8503","post","type-post","status-publish","format-standard","has-post-thumbnail","hentry","category-non-classe"],"_links":{"self":[{"href":"https:\/\/site.ac-martinique.fr\/clg-carbet\/index.php?rest_route=\/wp\/v2\/posts\/8503","targetHints":{"allow":["GET"]}}],"collection":[{"href":"https:\/\/site.ac-martinique.fr\/clg-carbet\/index.php?rest_route=\/wp\/v2\/posts"}],"about":[{"href":"https:\/\/site.ac-martinique.fr\/clg-carbet\/index.php?rest_route=\/wp\/v2\/types\/post"}],"author":[{"embeddable":true,"href":"https:\/\/site.ac-martinique.fr\/clg-carbet\/index.php?rest_route=\/wp\/v2\/users\/557"}],"replies":[{"embeddable":true,"href":"https:\/\/site.ac-martinique.fr\/clg-carbet\/index.php?rest_route=%2Fwp%2Fv2%2Fcomments&post=8503"}],"version-history":[{"count":10,"href":"https:\/\/site.ac-martinique.fr\/clg-carbet\/index.php?rest_route=\/wp\/v2\/posts\/8503\/revisions"}],"predecessor-version":[{"id":8517,"href":"https:\/\/site.ac-martinique.fr\/clg-carbet\/index.php?rest_route=\/wp\/v2\/posts\/8503\/revisions\/8517"}],"wp:featuredmedia":[{"embeddable":true,"href":"https:\/\/site.ac-martinique.fr\/clg-carbet\/index.php?rest_route=\/wp\/v2\/media\/8507"}],"wp:attachment":[{"href":"https:\/\/site.ac-martinique.fr\/clg-carbet\/index.php?rest_route=%2Fwp%2Fv2%2Fmedia&parent=8503"}],"wp:term":[{"taxonomy":"category","embeddable":true,"href":"https:\/\/site.ac-martinique.fr\/clg-carbet\/index.php?rest_route=%2Fwp%2Fv2%2Fcategories&post=8503"},{"taxonomy":"post_tag","embeddable":true,"href":"https:\/\/site.ac-martinique.fr\/clg-carbet\/index.php?rest_route=%2Fwp%2Fv2%2Ftags&post=8503"}],"curies":[{"name":"wp","href":"https:\/\/api.w.org\/{rel}","templated":true}]}}