{"id":8534,"date":"2025-03-12T22:54:20","date_gmt":"2025-03-13T02:54:20","guid":{"rendered":"https:\/\/site.ac-martinique.fr\/clg-carbet\/?p=8534"},"modified":"2025-03-13T22:58:40","modified_gmt":"2025-03-14T02:58:40","slug":"a-lassaut-de-la-montagne-pelee","status":"publish","type":"post","link":"https:\/\/site.ac-martinique.fr\/clg-carbet\/?p=8534","title":{"rendered":"\u00c0 L&#8217;ASSAUT DE LA MONTAGNE PEL\u00c9E"},"content":{"rendered":"\n<p>PAR TALULAH, INES ET CYANE<\/p>\n<p><strong>Le vendredi 14 f\u00e9vrier, la classe de 4<sup>\u00e8me<\/sup> 3 ainsi que 7 \u00e9l\u00e8ves de troisi\u00e8me se sont rendus \u00e0 la Montagne Pel\u00e9e afin d\u2019observer l\u2019\u00e9cosyst\u00e8me pel\u00e9en et de r\u00e9aliser plusieurs affiches sur les activit\u00e9s humaines pouvant y \u00eatre pratiqu\u00e9es et les cons\u00e9quences de celles-ci sur le milieu.<\/strong><\/p>\n<p><strong>L\u2019ascension a \u00e9t\u00e9 rendue difficile par la m\u00e9t\u00e9o capricieuse. Mais nous avons r\u00e9ussi \u00e0 rejoindre le 2<sup>\u00e8me<\/sup> refuge (sous la pluie).<\/strong><\/p>\n\n\n\n<figure class=\"wp-block-gallery has-nested-images columns-default is-cropped wp-block-gallery-1 is-layout-flex wp-block-gallery-is-layout-flex\"><div class=\"wp-block-image\">\n<figure class=\"aligncenter size-large\"><img loading=\"lazy\" decoding=\"async\" width=\"1024\" height=\"576\" data-id=\"8535\" src=\"https:\/\/site.ac-martinique.fr\/clg-carbet\/wp-content\/uploads\/sites\/68\/20250214_080115-1024x576.jpg\" alt=\"\" class=\"wp-image-8535\" srcset=\"https:\/\/site.ac-martinique.fr\/clg-carbet\/wp-content\/uploads\/sites\/68\/20250214_080115-1024x576.jpg 1024w, https:\/\/site.ac-martinique.fr\/clg-carbet\/wp-content\/uploads\/sites\/68\/20250214_080115-300x169.jpg 300w, https:\/\/site.ac-martinique.fr\/clg-carbet\/wp-content\/uploads\/sites\/68\/20250214_080115-768x432.jpg 768w, https:\/\/site.ac-martinique.fr\/clg-carbet\/wp-content\/uploads\/sites\/68\/20250214_080115-1536x864.jpg 1536w, https:\/\/site.ac-martinique.fr\/clg-carbet\/wp-content\/uploads\/sites\/68\/20250214_080115-2048x1152.jpg 2048w, https:\/\/site.ac-martinique.fr\/clg-carbet\/wp-content\/uploads\/sites\/68\/20250214_080115-1140x641.jpg 1140w\" sizes=\"auto, (max-width: 1024px) 100vw, 1024px\" \/><\/figure>\n<\/div>\n\n<div class=\"wp-block-image\">\n<figure class=\"aligncenter size-large\"><img loading=\"lazy\" decoding=\"async\" width=\"1024\" height=\"576\" data-id=\"8540\" src=\"https:\/\/site.ac-martinique.fr\/clg-carbet\/wp-content\/uploads\/sites\/68\/20250214_085259-1024x576.jpg\" alt=\"\" class=\"wp-image-8540\" srcset=\"https:\/\/site.ac-martinique.fr\/clg-carbet\/wp-content\/uploads\/sites\/68\/20250214_085259-1024x576.jpg 1024w, https:\/\/site.ac-martinique.fr\/clg-carbet\/wp-content\/uploads\/sites\/68\/20250214_085259-300x169.jpg 300w, https:\/\/site.ac-martinique.fr\/clg-carbet\/wp-content\/uploads\/sites\/68\/20250214_085259-768x432.jpg 768w, https:\/\/site.ac-martinique.fr\/clg-carbet\/wp-content\/uploads\/sites\/68\/20250214_085259-1536x864.jpg 1536w, https:\/\/site.ac-martinique.fr\/clg-carbet\/wp-content\/uploads\/sites\/68\/20250214_085259-2048x1152.jpg 2048w, https:\/\/site.ac-martinique.fr\/clg-carbet\/wp-content\/uploads\/sites\/68\/20250214_085259-1140x641.jpg 1140w\" sizes=\"auto, (max-width: 1024px) 100vw, 1024px\" \/><\/figure>\n<\/div>\n\n\n<figure class=\"wp-block-image size-large\"><img loading=\"lazy\" decoding=\"async\" width=\"768\" height=\"1024\" data-id=\"8550\" src=\"https:\/\/site.ac-martinique.fr\/clg-carbet\/wp-content\/uploads\/sites\/68\/IMG-20250214-WA0004-1-768x1024.jpg\" alt=\"\" class=\"wp-image-8550\" srcset=\"https:\/\/site.ac-martinique.fr\/clg-carbet\/wp-content\/uploads\/sites\/68\/IMG-20250214-WA0004-1-768x1024.jpg 768w, https:\/\/site.ac-martinique.fr\/clg-carbet\/wp-content\/uploads\/sites\/68\/IMG-20250214-WA0004-1-225x300.jpg 225w, https:\/\/site.ac-martinique.fr\/clg-carbet\/wp-content\/uploads\/sites\/68\/IMG-20250214-WA0004-1-1152x1536.jpg 1152w, https:\/\/site.ac-martinique.fr\/clg-carbet\/wp-content\/uploads\/sites\/68\/IMG-20250214-WA0004-1-1140x1520.jpg 1140w, https:\/\/site.ac-martinique.fr\/clg-carbet\/wp-content\/uploads\/sites\/68\/IMG-20250214-WA0004-1.jpg 1200w\" sizes=\"auto, (max-width: 768px) 100vw, 768px\" \/><\/figure>\n\n\n\n<figure class=\"wp-block-image size-large\"><img loading=\"lazy\" decoding=\"async\" width=\"1024\" height=\"768\" data-id=\"8544\" src=\"https:\/\/site.ac-martinique.fr\/clg-carbet\/wp-content\/uploads\/sites\/68\/IMG-20250214-WA0005-1024x768.jpg\" alt=\"\" class=\"wp-image-8544\" srcset=\"https:\/\/site.ac-martinique.fr\/clg-carbet\/wp-content\/uploads\/sites\/68\/IMG-20250214-WA0005-1024x768.jpg 1024w, https:\/\/site.ac-martinique.fr\/clg-carbet\/wp-content\/uploads\/sites\/68\/IMG-20250214-WA0005-300x225.jpg 300w, https:\/\/site.ac-martinique.fr\/clg-carbet\/wp-content\/uploads\/sites\/68\/IMG-20250214-WA0005-768x576.jpg 768w, https:\/\/site.ac-martinique.fr\/clg-carbet\/wp-content\/uploads\/sites\/68\/IMG-20250214-WA0005-1536x1152.jpg 1536w, https:\/\/site.ac-martinique.fr\/clg-carbet\/wp-content\/uploads\/sites\/68\/IMG-20250214-WA0005-1140x855.jpg 1140w, https:\/\/site.ac-martinique.fr\/clg-carbet\/wp-content\/uploads\/sites\/68\/IMG-20250214-WA0005.jpg 1600w\" sizes=\"auto, (max-width: 1024px) 100vw, 1024px\" \/><\/figure>\n\n\n\n<figure class=\"wp-block-image size-large\"><img loading=\"lazy\" decoding=\"async\" width=\"768\" height=\"1024\" data-id=\"8548\" src=\"https:\/\/site.ac-martinique.fr\/clg-carbet\/wp-content\/uploads\/sites\/68\/IMG-20250214-WA0007-768x1024.jpg\" alt=\"\" class=\"wp-image-8548\" srcset=\"https:\/\/site.ac-martinique.fr\/clg-carbet\/wp-content\/uploads\/sites\/68\/IMG-20250214-WA0007-768x1024.jpg 768w, https:\/\/site.ac-martinique.fr\/clg-carbet\/wp-content\/uploads\/sites\/68\/IMG-20250214-WA0007-225x300.jpg 225w, https:\/\/site.ac-martinique.fr\/clg-carbet\/wp-content\/uploads\/sites\/68\/IMG-20250214-WA0007-1152x1536.jpg 1152w, https:\/\/site.ac-martinique.fr\/clg-carbet\/wp-content\/uploads\/sites\/68\/IMG-20250214-WA0007-1140x1520.jpg 1140w, https:\/\/site.ac-martinique.fr\/clg-carbet\/wp-content\/uploads\/sites\/68\/IMG-20250214-WA0007.jpg 1200w\" sizes=\"auto, (max-width: 768px) 100vw, 768px\" \/><\/figure>\n\n\n\n<figure class=\"wp-block-image size-large\"><img loading=\"lazy\" decoding=\"async\" width=\"768\" height=\"1024\" data-id=\"8547\" src=\"https:\/\/site.ac-martinique.fr\/clg-carbet\/wp-content\/uploads\/sites\/68\/IMG-20250214-WA0008-768x1024.jpg\" alt=\"\" class=\"wp-image-8547\" srcset=\"https:\/\/site.ac-martinique.fr\/clg-carbet\/wp-content\/uploads\/sites\/68\/IMG-20250214-WA0008-768x1024.jpg 768w, https:\/\/site.ac-martinique.fr\/clg-carbet\/wp-content\/uploads\/sites\/68\/IMG-20250214-WA0008-225x300.jpg 225w, https:\/\/site.ac-martinique.fr\/clg-carbet\/wp-content\/uploads\/sites\/68\/IMG-20250214-WA0008-1152x1536.jpg 1152w, https:\/\/site.ac-martinique.fr\/clg-carbet\/wp-content\/uploads\/sites\/68\/IMG-20250214-WA0008-1140x1520.jpg 1140w, https:\/\/site.ac-martinique.fr\/clg-carbet\/wp-content\/uploads\/sites\/68\/IMG-20250214-WA0008.jpg 1200w\" sizes=\"auto, (max-width: 768px) 100vw, 768px\" \/><\/figure>\n\n\n<div class=\"wp-block-image\">\n<figure class=\"aligncenter size-large\"><img loading=\"lazy\" decoding=\"async\" width=\"1024\" height=\"576\" data-id=\"8546\" src=\"https:\/\/site.ac-martinique.fr\/clg-carbet\/wp-content\/uploads\/sites\/68\/20250214_095211-1024x576.jpg\" alt=\"\" class=\"wp-image-8546\" srcset=\"https:\/\/site.ac-martinique.fr\/clg-carbet\/wp-content\/uploads\/sites\/68\/20250214_095211-1024x576.jpg 1024w, https:\/\/site.ac-martinique.fr\/clg-carbet\/wp-content\/uploads\/sites\/68\/20250214_095211-300x169.jpg 300w, https:\/\/site.ac-martinique.fr\/clg-carbet\/wp-content\/uploads\/sites\/68\/20250214_095211-768x432.jpg 768w, https:\/\/site.ac-martinique.fr\/clg-carbet\/wp-content\/uploads\/sites\/68\/20250214_095211-1536x864.jpg 1536w, https:\/\/site.ac-martinique.fr\/clg-carbet\/wp-content\/uploads\/sites\/68\/20250214_095211-2048x1152.jpg 2048w, https:\/\/site.ac-martinique.fr\/clg-carbet\/wp-content\/uploads\/sites\/68\/20250214_095211-1140x641.jpg 1140w\" sizes=\"auto, (max-width: 1024px) 100vw, 1024px\" \/><\/figure>\n<\/div>\n\n<div class=\"wp-block-image\">\n<figure class=\"aligncenter size-large\"><img loading=\"lazy\" decoding=\"async\" width=\"1024\" height=\"527\" data-id=\"8549\" src=\"https:\/\/site.ac-martinique.fr\/clg-carbet\/wp-content\/uploads\/sites\/68\/20250214_125201-1-1024x527.jpg\" alt=\"\" class=\"wp-image-8549\" srcset=\"https:\/\/site.ac-martinique.fr\/clg-carbet\/wp-content\/uploads\/sites\/68\/20250214_125201-1-1024x527.jpg 1024w, https:\/\/site.ac-martinique.fr\/clg-carbet\/wp-content\/uploads\/sites\/68\/20250214_125201-1-300x154.jpg 300w, https:\/\/site.ac-martinique.fr\/clg-carbet\/wp-content\/uploads\/sites\/68\/20250214_125201-1-768x395.jpg 768w, https:\/\/site.ac-martinique.fr\/clg-carbet\/wp-content\/uploads\/sites\/68\/20250214_125201-1-1536x790.jpg 1536w, https:\/\/site.ac-martinique.fr\/clg-carbet\/wp-content\/uploads\/sites\/68\/20250214_125201-1-2048x1053.jpg 2048w, https:\/\/site.ac-martinique.fr\/clg-carbet\/wp-content\/uploads\/sites\/68\/20250214_125201-1-1140x586.jpg 1140w\" sizes=\"auto, (max-width: 1024px) 100vw, 1024px\" \/><\/figure>\n<\/div><\/figure>\n\n\n\n\n\n\n\n<figure class=\"wp-block-video\"><video height=\"1080\" style=\"aspect-ratio: 1920 \/ 1080;\" width=\"1920\" controls src=\"https:\/\/site.ac-martinique.fr\/clg-carbet\/wp-content\/uploads\/sites\/68\/Sequence-01.mp4\"><\/video><\/figure>\n\n\n","protected":false},"excerpt":{"rendered":"<p>PAR TALULAH, INES ET CYANE Le vendredi 14 f\u00e9vrier, la classe de 4\u00e8me 3 ainsi que 7 \u00e9l\u00e8ves de troisi\u00e8me se sont rendus \u00e0 la Montagne Pel\u00e9e afin d\u2019observer l\u2019\u00e9cosyst\u00e8me pel\u00e9en et de r\u00e9aliser plusieurs affiches sur les activit\u00e9s humaines pouvant y \u00eatre pratiqu\u00e9es et les cons\u00e9quences de celles-ci sur le milieu. L\u2019ascension a \u00e9t\u00e9 rendue difficile par la m\u00e9t\u00e9o capricieuse. Mais nous avons r\u00e9ussi \u00e0 rejoindre le 2\u00e8me refuge (sous la pluie).<\/p>\n","protected":false},"author":557,"featured_media":0,"comment_status":"closed","ping_status":"open","sticky":false,"template":"","format":"standard","meta":{"footnotes":""},"categories":[1],"tags":[],"class_list":["post-8534","post","type-post","status-publish","format-standard","hentry","category-non-classe"],"_links":{"self":[{"href":"https:\/\/site.ac-martinique.fr\/clg-carbet\/index.php?rest_route=\/wp\/v2\/posts\/8534","targetHints":{"allow":["GET"]}}],"collection":[{"href":"https:\/\/site.ac-martinique.fr\/clg-carbet\/index.php?rest_route=\/wp\/v2\/posts"}],"about":[{"href":"https:\/\/site.ac-martinique.fr\/clg-carbet\/index.php?rest_route=\/wp\/v2\/types\/post"}],"author":[{"embeddable":true,"href":"https:\/\/site.ac-martinique.fr\/clg-carbet\/index.php?rest_route=\/wp\/v2\/users\/557"}],"replies":[{"embeddable":true,"href":"https:\/\/site.ac-martinique.fr\/clg-carbet\/index.php?rest_route=%2Fwp%2Fv2%2Fcomments&post=8534"}],"version-history":[{"count":3,"href":"https:\/\/site.ac-martinique.fr\/clg-carbet\/index.php?rest_route=\/wp\/v2\/posts\/8534\/revisions"}],"predecessor-version":[{"id":8554,"href":"https:\/\/site.ac-martinique.fr\/clg-carbet\/index.php?rest_route=\/wp\/v2\/posts\/8534\/revisions\/8554"}],"wp:attachment":[{"href":"https:\/\/site.ac-martinique.fr\/clg-carbet\/index.php?rest_route=%2Fwp%2Fv2%2Fmedia&parent=8534"}],"wp:term":[{"taxonomy":"category","embeddable":true,"href":"https:\/\/site.ac-martinique.fr\/clg-carbet\/index.php?rest_route=%2Fwp%2Fv2%2Fcategories&post=8534"},{"taxonomy":"post_tag","embeddable":true,"href":"https:\/\/site.ac-martinique.fr\/clg-carbet\/index.php?rest_route=%2Fwp%2Fv2%2Ftags&post=8534"}],"curies":[{"name":"wp","href":"https:\/\/api.w.org\/{rel}","templated":true}]}}