{"id":8583,"date":"2025-03-15T07:39:36","date_gmt":"2025-03-15T11:39:36","guid":{"rendered":"https:\/\/site.ac-martinique.fr\/clg-carbet\/?p=8583"},"modified":"2025-03-15T07:39:36","modified_gmt":"2025-03-15T11:39:36","slug":"alpimaths-cest-parti","status":"publish","type":"post","link":"https:\/\/site.ac-martinique.fr\/clg-carbet\/?p=8583","title":{"rendered":"ALPIMATHS : C&#8217;est parti !"},"content":{"rendered":"\n\n\n<figure class=\"wp-block-image size-large\"><img loading=\"lazy\" decoding=\"async\" width=\"1024\" height=\"576\" src=\"https:\/\/site.ac-martinique.fr\/clg-carbet\/wp-content\/uploads\/sites\/68\/depart-Alpimaths-1024x576.jpg\" alt=\"\" class=\"wp-image-8578\" srcset=\"https:\/\/site.ac-martinique.fr\/clg-carbet\/wp-content\/uploads\/sites\/68\/depart-Alpimaths-1024x576.jpg 1024w, https:\/\/site.ac-martinique.fr\/clg-carbet\/wp-content\/uploads\/sites\/68\/depart-Alpimaths-300x169.jpg 300w, https:\/\/site.ac-martinique.fr\/clg-carbet\/wp-content\/uploads\/sites\/68\/depart-Alpimaths-768x432.jpg 768w, https:\/\/site.ac-martinique.fr\/clg-carbet\/wp-content\/uploads\/sites\/68\/depart-Alpimaths-1140x641.jpg 1140w, https:\/\/site.ac-martinique.fr\/clg-carbet\/wp-content\/uploads\/sites\/68\/depart-Alpimaths.jpg 1280w\" sizes=\"auto, (max-width: 1024px) 100vw, 1024px\" \/><figcaption class=\"wp-element-caption\">Le groupe d&#8217;Alpimaths au grand complet (de gauche \u00e0 droite de haut en bas) : Gabriel, Agathe, Manoa, Paul, Evahnn, Andrice, Samuel, Layann, Luciano, Sarah, L\u00e9ana, Mme LAURENT, Mathias, Wynill, Melissa, Rom\u00e9o, Kyliane et Mme LAFFITE<\/figcaption><\/figure>\n\n\n\n\n\n<p>\u00a0<\/p>\n<p>\u00a0<\/p>\n<p>Chers coll\u00e8gues,<\/p>\n<p>Notre projet Alpimaths prend son envol ! Ce vendredi 14 mars 2025, 17 \u00e9l\u00e8ves de 3\u1d49 et 3 accompagnateurs partent pour une semaine de d\u00e9couverte et d\u2019apprentissage dans les Alpes.<\/p>\n<p>Apr\u00e8s une nuit de vol et un trajet en bus, nous arriverons \u00e0 Morzine o\u00f9 nos \u00e9l\u00e8ves profiteront d\u2019un programme riche : ski alpin, randonn\u00e9e en raquettes et une soir\u00e9e \u00e0 la patinoire. Avant notre retour, une<\/p>\n<p>escale \u00e0 Lyon nous permettra de vivre une exp\u00e9rience en r\u00e9alit\u00e9 virtuelle et de d\u00e9couvrir la ville.<\/p>\n<p>Vous pourrez suivre notre voyage et d\u00e9couvrir nos moments forts sur le blog d\u00e9di\u00e9 :<\/p>\n<p>https:\/\/alpimaths.blogspot.com\/<\/p>\n<p>\u00c0 bient\u00f4t pour des nouvelles de notre s\u00e9jour !<\/p>\n<p>L\u2019\u00e9quipe Alpimaths<\/p>\n<p>Luciano, Sandra et Marl\u00e8ne<\/p>\n","protected":false},"excerpt":{"rendered":"<p>\u00a0 \u00a0 Chers coll\u00e8gues, Notre projet Alpimaths prend son envol ! Ce vendredi 14 mars 2025, 17 \u00e9l\u00e8ves de 3\u1d49 et 3 accompagnateurs partent pour une semaine de d\u00e9couverte et d\u2019apprentissage dans les Alpes. Apr\u00e8s une nuit de vol et un trajet en bus, nous arriverons \u00e0 Morzine o\u00f9 nos \u00e9l\u00e8ves profiteront d\u2019un programme riche : ski alpin, randonn\u00e9e en raquettes et une soir\u00e9e \u00e0 la patinoire. Avant notre retour, une escale \u00e0 Lyon nous permettra de vivre une exp\u00e9rience en r\u00e9alit\u00e9 virtuelle et de d\u00e9couvrir la ville. Vous pourrez suivre notre voyage et d\u00e9couvrir nos moments forts sur le blog d\u00e9di\u00e9 : https:\/\/alpimaths.blogspot.com\/ \u00c0 bient\u00f4t pour des nouvelles de notre s\u00e9jour ! L\u2019\u00e9quipe Alpimaths Luciano, Sandra et Marl\u00e8ne<\/p>\n","protected":false},"author":557,"featured_media":0,"comment_status":"closed","ping_status":"open","sticky":false,"template":"","format":"standard","meta":{"footnotes":""},"categories":[1],"tags":[],"class_list":["post-8583","post","type-post","status-publish","format-standard","hentry","category-non-classe"],"_links":{"self":[{"href":"https:\/\/site.ac-martinique.fr\/clg-carbet\/index.php?rest_route=\/wp\/v2\/posts\/8583","targetHints":{"allow":["GET"]}}],"collection":[{"href":"https:\/\/site.ac-martinique.fr\/clg-carbet\/index.php?rest_route=\/wp\/v2\/posts"}],"about":[{"href":"https:\/\/site.ac-martinique.fr\/clg-carbet\/index.php?rest_route=\/wp\/v2\/types\/post"}],"author":[{"embeddable":true,"href":"https:\/\/site.ac-martinique.fr\/clg-carbet\/index.php?rest_route=\/wp\/v2\/users\/557"}],"replies":[{"embeddable":true,"href":"https:\/\/site.ac-martinique.fr\/clg-carbet\/index.php?rest_route=%2Fwp%2Fv2%2Fcomments&post=8583"}],"version-history":[{"count":6,"href":"https:\/\/site.ac-martinique.fr\/clg-carbet\/index.php?rest_route=\/wp\/v2\/posts\/8583\/revisions"}],"predecessor-version":[{"id":8589,"href":"https:\/\/site.ac-martinique.fr\/clg-carbet\/index.php?rest_route=\/wp\/v2\/posts\/8583\/revisions\/8589"}],"wp:attachment":[{"href":"https:\/\/site.ac-martinique.fr\/clg-carbet\/index.php?rest_route=%2Fwp%2Fv2%2Fmedia&parent=8583"}],"wp:term":[{"taxonomy":"category","embeddable":true,"href":"https:\/\/site.ac-martinique.fr\/clg-carbet\/index.php?rest_route=%2Fwp%2Fv2%2Fcategories&post=8583"},{"taxonomy":"post_tag","embeddable":true,"href":"https:\/\/site.ac-martinique.fr\/clg-carbet\/index.php?rest_route=%2Fwp%2Fv2%2Ftags&post=8583"}],"curies":[{"name":"wp","href":"https:\/\/api.w.org\/{rel}","templated":true}]}}