{"id":8591,"date":"2025-03-16T16:48:32","date_gmt":"2025-03-16T20:48:32","guid":{"rendered":"https:\/\/site.ac-martinique.fr\/clg-carbet\/?p=8591"},"modified":"2025-03-16T17:20:59","modified_gmt":"2025-03-16T21:20:59","slug":"10eme-edition-de-la-semaine-des-langues-au-college-du-carbet","status":"publish","type":"post","link":"https:\/\/site.ac-martinique.fr\/clg-carbet\/?p=8591","title":{"rendered":"10\u00e8me \u00c9dition de la Semaine des Langues au coll\u00e8ge du Carbet"},"content":{"rendered":"\n<p>Osons les langues pour cr\u00e9er, innover et s&#8217;engager !<\/p>\n\n\n\n<p>&nbsp;<\/p>\n<p>Chers membres de la communaut\u00e9 \u00e9ducative du coll\u00e8ge du Carbet,<\/p>\n\n\n\n<figure class=\"wp-block-image size-full\"><img loading=\"lazy\" decoding=\"async\" width=\"847\" height=\"353\" src=\"https:\/\/site.ac-martinique.fr\/clg-carbet\/wp-content\/uploads\/sites\/68\/semaine-des-langues-2024.png\" alt=\"semaine de slangues\" class=\"wp-image-8592\" srcset=\"https:\/\/site.ac-martinique.fr\/clg-carbet\/wp-content\/uploads\/sites\/68\/semaine-des-langues-2024.png 847w, https:\/\/site.ac-martinique.fr\/clg-carbet\/wp-content\/uploads\/sites\/68\/semaine-des-langues-2024-300x125.png 300w, https:\/\/site.ac-martinique.fr\/clg-carbet\/wp-content\/uploads\/sites\/68\/semaine-des-langues-2024-768x320.png 768w\" sizes=\"auto, (max-width: 847px) 100vw, 847px\" \/><\/figure>\n\n\n\n<p>Nous avons le plaisir de vous annoncer la 10\u00e8me \u00e9dition de la Semaine des Langues, qui se tiendra du <strong>17 au 22 mars 2025. <\/strong><\/p>\n\n\n\n<p>Cet \u00e9v\u00e9nement annuel est une occasion unique pour nos \u00e9l\u00e8ves de d\u00e9couvrir et de c\u00e9l\u00e9brer les langues vivantes r\u00e9gionales et \u00e9trang\u00e8res. Cette ann\u00e9e, notre th\u00e8me est &#8220;Osons les langues pour cr\u00e9er, innover et s&#8217;engager&#8221;.<\/p>\n\n\n\n<p>Programme de la Semaine<\/p>\n\n\n\n<p><strong>Lundi <\/strong>: Espagnol<\/p>\n\n\n\n<p><strong>Mardi <\/strong>: Cr\u00e9ole<\/p>\n\n\n\n<p><strong>Mercredi <\/strong>: Anglais et Espagnol<\/p>\n\n\n\n<p><strong>Jeudi <\/strong>: Anglais<\/p>\n\n\n\n<p><strong>Vendredi <\/strong>: Toutes les langues<\/p>\n\n\n\n<p>Chaque matin, nous commencerons la journ\u00e9e avec un accueil musical pour mettre tout le monde dans l&#8217;ambiance festive. So listen carefully to the songs.<\/p>\n\n\n\n<p style=\"text-align: left\">Tout au long de la semaine, nos \u00e9l\u00e8ves auront l&#8217;opportunit\u00e9 de s&#8217;exprimer dans ces langues et de pr\u00e9senter leurs travaux, montrant ainsi leur comp\u00e9tences acquises et leur int\u00e9r\u00eat pour les langues.<\/p>\n\n\n\n<p>Pourquoi Participer ?<\/p>\n\n\n\n<p>Participer \u00e0 la Semaine des Langues, c&#8217;est :<\/p>\n\n\n\n<p><strong>Cr\u00e9er <\/strong>: Utiliser les langues pour exprimer sa cr\u00e9ativit\u00e9 et ses connaissances&nbsp;\u00e0 travers des pr\u00e9sentations vari\u00e9es.<\/p>\n\n\n\n<p><strong>Innover <\/strong>: D\u00e9couvrir de nouvelles m\u00e9thodes d&#8217;apprentissage et d&#8217;enseignement des langues.<\/p>\n\n\n\n<p><strong>S<\/strong>&#8216;<strong>engager <\/strong>: Promouvoir la diversit\u00e9 linguistique et culturelle, et encourager l&#8217;ouverture d&#8217;esprit.<\/p>\n\n\n\n<p>Nous vous invitons tous \u00e0 vous joindre \u00e0 nous pour cette semaine \u00e0 venir . Ensemble, osons les langues pour un avenir plus riche et plus diversifi\u00e9 !<\/p>\n\n\n\n<p>\u00c0 tr\u00e8s bient\u00f4t,<\/p>\n\n\n\n<p>Hasta Pronto,<\/p>\n<p>An lot soleil,<\/p>\n<p>See you soon,<\/p>\n\n\n\n<p>L&#8217;\u00e9quipe des langues du coll\u00e8ge du Carbet<\/p>\n<p>\u00a0<\/p>\n\n\n\n\n","protected":false},"excerpt":{"rendered":"<p>Osons les langues pour cr\u00e9er, innover et s&#8217;engager ! &nbsp; Chers membres de la communaut\u00e9 \u00e9ducative du coll\u00e8ge du Carbet, Nous avons le plaisir de vous annoncer la 10\u00e8me \u00e9dition de la Semaine des Langues, qui se tiendra du 17 au 22 mars 2025. Cet \u00e9v\u00e9nement annuel est une occasion unique pour nos \u00e9l\u00e8ves de d\u00e9couvrir et de c\u00e9l\u00e9brer les langues vivantes r\u00e9gionales et \u00e9trang\u00e8res. Cette ann\u00e9e, notre th\u00e8me est &#8220;Osons les langues pour cr\u00e9er, innover et s&#8217;engager&#8221;. Programme de la Semaine Lundi : Espagnol Mardi : Cr\u00e9ole Mercredi : Anglais et Espagnol Jeudi : Anglais Vendredi : Toutes les langues Chaque matin, nous commencerons la journ\u00e9e avec un accueil musical pour mettre tout le monde dans l&#8217;ambiance festive. So listen carefully to the songs. Tout au long de la semaine, nos \u00e9l\u00e8ves auront l&#8217;opportunit\u00e9 de s&#8217;exprimer dans ces langues et de pr\u00e9senter leurs travaux, montrant ainsi leur comp\u00e9tences acquises et leur int\u00e9r\u00eat pour les langues. Pourquoi Participer ? Participer \u00e0 la Semaine des Langues, c&#8217;est : Cr\u00e9er : Utiliser les langues pour exprimer sa cr\u00e9ativit\u00e9 et ses connaissances&nbsp;\u00e0 travers des pr\u00e9sentations vari\u00e9es. Innover : D\u00e9couvrir de nouvelles m\u00e9thodes d&#8217;apprentissage et d&#8217;enseignement des langues. S&#8216;engager : Promouvoir la diversit\u00e9 linguistique et culturelle, et encourager l&#8217;ouverture d&#8217;esprit. Nous vous invitons tous \u00e0 vous joindre \u00e0 nous pour cette semaine \u00e0 venir . Ensemble, osons les langues pour un avenir plus riche et plus diversifi\u00e9 ! \u00c0 tr\u00e8s bient\u00f4t, Hasta Pronto, An lot soleil, See you soon, L&#8217;\u00e9quipe des langues du coll\u00e8ge du Carbet \u00a0<\/p>\n","protected":false},"author":557,"featured_media":0,"comment_status":"closed","ping_status":"open","sticky":false,"template":"","format":"standard","meta":{"footnotes":""},"categories":[1],"tags":[],"class_list":["post-8591","post","type-post","status-publish","format-standard","hentry","category-non-classe"],"_links":{"self":[{"href":"https:\/\/site.ac-martinique.fr\/clg-carbet\/index.php?rest_route=\/wp\/v2\/posts\/8591","targetHints":{"allow":["GET"]}}],"collection":[{"href":"https:\/\/site.ac-martinique.fr\/clg-carbet\/index.php?rest_route=\/wp\/v2\/posts"}],"about":[{"href":"https:\/\/site.ac-martinique.fr\/clg-carbet\/index.php?rest_route=\/wp\/v2\/types\/post"}],"author":[{"embeddable":true,"href":"https:\/\/site.ac-martinique.fr\/clg-carbet\/index.php?rest_route=\/wp\/v2\/users\/557"}],"replies":[{"embeddable":true,"href":"https:\/\/site.ac-martinique.fr\/clg-carbet\/index.php?rest_route=%2Fwp%2Fv2%2Fcomments&post=8591"}],"version-history":[{"count":2,"href":"https:\/\/site.ac-martinique.fr\/clg-carbet\/index.php?rest_route=\/wp\/v2\/posts\/8591\/revisions"}],"predecessor-version":[{"id":8594,"href":"https:\/\/site.ac-martinique.fr\/clg-carbet\/index.php?rest_route=\/wp\/v2\/posts\/8591\/revisions\/8594"}],"wp:attachment":[{"href":"https:\/\/site.ac-martinique.fr\/clg-carbet\/index.php?rest_route=%2Fwp%2Fv2%2Fmedia&parent=8591"}],"wp:term":[{"taxonomy":"category","embeddable":true,"href":"https:\/\/site.ac-martinique.fr\/clg-carbet\/index.php?rest_route=%2Fwp%2Fv2%2Fcategories&post=8591"},{"taxonomy":"post_tag","embeddable":true,"href":"https:\/\/site.ac-martinique.fr\/clg-carbet\/index.php?rest_route=%2Fwp%2Fv2%2Ftags&post=8591"}],"curies":[{"name":"wp","href":"https:\/\/api.w.org\/{rel}","templated":true}]}}