{"id":8643,"date":"2025-03-28T08:01:43","date_gmt":"2025-03-28T12:01:43","guid":{"rendered":"https:\/\/site.ac-martinique.fr\/clg-carbet\/?p=8643"},"modified":"2025-03-28T08:01:43","modified_gmt":"2025-03-28T12:01:43","slug":"alpimaths-le-retour","status":"publish","type":"post","link":"https:\/\/site.ac-martinique.fr\/clg-carbet\/?p=8643","title":{"rendered":"ALPIMATHS : LE RETOUR !"},"content":{"rendered":"\n<p>par Mme LAFFITE<\/p>\n\n\n\n<figure class=\"wp-block-image size-large\"><img loading=\"lazy\" decoding=\"async\" width=\"1024\" height=\"768\" src=\"https:\/\/site.ac-martinique.fr\/clg-carbet\/wp-content\/uploads\/sites\/68\/20250317_084111-1024x768.jpg\" alt=\"\" class=\"wp-image-8644\" srcset=\"https:\/\/site.ac-martinique.fr\/clg-carbet\/wp-content\/uploads\/sites\/68\/20250317_084111-1024x768.jpg 1024w, https:\/\/site.ac-martinique.fr\/clg-carbet\/wp-content\/uploads\/sites\/68\/20250317_084111-300x225.jpg 300w, https:\/\/site.ac-martinique.fr\/clg-carbet\/wp-content\/uploads\/sites\/68\/20250317_084111-768x576.jpg 768w, https:\/\/site.ac-martinique.fr\/clg-carbet\/wp-content\/uploads\/sites\/68\/20250317_084111-1536x1152.jpg 1536w, https:\/\/site.ac-martinique.fr\/clg-carbet\/wp-content\/uploads\/sites\/68\/20250317_084111-2048x1536.jpg 2048w, https:\/\/site.ac-martinique.fr\/clg-carbet\/wp-content\/uploads\/sites\/68\/20250317_084111-1140x855.jpg 1140w\" sizes=\"auto, (max-width: 1024px) 100vw, 1024px\" \/><\/figure>\n\n\n\n<p><strong>Du 14 au 23 mars 2025, 17 \u00e9l\u00e8ves de 3<sup>\u00e8me<\/sup> de notre coll\u00e8ge ont eu la chance de participer au voyage Alpimaths\u00a0; une exp\u00e9rience unique alliant sciences et sport en montagne. <\/strong><\/p>\n<p><strong>Accompagn\u00e9s de leurs professeures de math\u00e9matiques Mme LAFFITE et d&#8217;EPS Mme LAURENT ainsi que de Luciano, un des membres de la Vie scolaire, ils ont d\u00e9couvert les paysages enneig\u00e9s des Alpes tout en approfondissant leurs connaissances en math\u00e9matiques et en physique \u00e0 travers des activit\u00e9s ludiques et concr\u00e8tes.<\/strong><\/p>\n\n\n\n<figure class=\"wp-block-image size-large\"><img loading=\"lazy\" decoding=\"async\" width=\"768\" height=\"1024\" src=\"https:\/\/site.ac-martinique.fr\/clg-carbet\/wp-content\/uploads\/sites\/68\/IMG-20250319-WA0008-1-768x1024.jpg\" alt=\"\" class=\"wp-image-8648\" srcset=\"https:\/\/site.ac-martinique.fr\/clg-carbet\/wp-content\/uploads\/sites\/68\/IMG-20250319-WA0008-1-768x1024.jpg 768w, https:\/\/site.ac-martinique.fr\/clg-carbet\/wp-content\/uploads\/sites\/68\/IMG-20250319-WA0008-1-225x300.jpg 225w, https:\/\/site.ac-martinique.fr\/clg-carbet\/wp-content\/uploads\/sites\/68\/IMG-20250319-WA0008-1.jpg 960w\" sizes=\"auto, (max-width: 768px) 100vw, 768px\" \/><figcaption class=\"wp-element-caption\">Mme LAURENT, Luciano et Mme LAFFITE<\/figcaption><\/figure>\n\n\n\n<p><strong>Au programme : cours et exp\u00e9riences scientifiques, notamment autour de la nivologie, l\u2019\u00e9tude du manteau neigeux et de ses caract\u00e9ristiques, mais aussi pratique du ski et d&#8217;autres activit\u00e9s physiques en altitude. L&#8217;objectif \u00e9tait de montrer aux \u00e9l\u00e8ves que les math\u00e9matiques et les sciences sont partout, m\u00eame sur les pistes !<\/strong><\/p>\n<p>\u00a0<\/p>\n\n\n\n\n\n<figure class=\"wp-block-gallery has-nested-images columns-default is-cropped wp-block-gallery-1 is-layout-flex wp-block-gallery-is-layout-flex\">\n<figure class=\"wp-block-image size-large tw-width-100\"><img loading=\"lazy\" decoding=\"async\" width=\"1024\" height=\"768\" data-id=\"8651\" src=\"https:\/\/site.ac-martinique.fr\/clg-carbet\/wp-content\/uploads\/sites\/68\/IMG-20250321-WA0022-1024x768.jpg\" alt=\"\" class=\"wp-image-8651\" srcset=\"https:\/\/site.ac-martinique.fr\/clg-carbet\/wp-content\/uploads\/sites\/68\/IMG-20250321-WA0022-1024x768.jpg 1024w, https:\/\/site.ac-martinique.fr\/clg-carbet\/wp-content\/uploads\/sites\/68\/IMG-20250321-WA0022-300x225.jpg 300w, https:\/\/site.ac-martinique.fr\/clg-carbet\/wp-content\/uploads\/sites\/68\/IMG-20250321-WA0022-768x576.jpg 768w, https:\/\/site.ac-martinique.fr\/clg-carbet\/wp-content\/uploads\/sites\/68\/IMG-20250321-WA0022-1536x1152.jpg 1536w, https:\/\/site.ac-martinique.fr\/clg-carbet\/wp-content\/uploads\/sites\/68\/IMG-20250321-WA0022-1140x855.jpg 1140w, https:\/\/site.ac-martinique.fr\/clg-carbet\/wp-content\/uploads\/sites\/68\/IMG-20250321-WA0022.jpg 1600w\" sizes=\"auto, (max-width: 1024px) 100vw, 1024px\" \/><\/figure>\n\n\n\n<figure class=\"wp-block-image size-large\"><img loading=\"lazy\" decoding=\"async\" width=\"768\" height=\"1024\" data-id=\"8650\" src=\"https:\/\/site.ac-martinique.fr\/clg-carbet\/wp-content\/uploads\/sites\/68\/IMG-20250321-WA0015-768x1024.jpg\" alt=\"\" class=\"wp-image-8650\" srcset=\"https:\/\/site.ac-martinique.fr\/clg-carbet\/wp-content\/uploads\/sites\/68\/IMG-20250321-WA0015-768x1024.jpg 768w, https:\/\/site.ac-martinique.fr\/clg-carbet\/wp-content\/uploads\/sites\/68\/IMG-20250321-WA0015-225x300.jpg 225w, https:\/\/site.ac-martinique.fr\/clg-carbet\/wp-content\/uploads\/sites\/68\/IMG-20250321-WA0015.jpg 960w\" sizes=\"auto, (max-width: 768px) 100vw, 768px\" \/><\/figure>\n\n\n\n<figure class=\"wp-block-image size-large tw-width-100\"><img loading=\"lazy\" decoding=\"async\" width=\"1024\" height=\"768\" data-id=\"8649\" src=\"https:\/\/site.ac-martinique.fr\/clg-carbet\/wp-content\/uploads\/sites\/68\/IMG-20250320-WA0022-1024x768.jpg\" alt=\"\" class=\"wp-image-8649\" srcset=\"https:\/\/site.ac-martinique.fr\/clg-carbet\/wp-content\/uploads\/sites\/68\/IMG-20250320-WA0022-1024x768.jpg 1024w, https:\/\/site.ac-martinique.fr\/clg-carbet\/wp-content\/uploads\/sites\/68\/IMG-20250320-WA0022-300x225.jpg 300w, https:\/\/site.ac-martinique.fr\/clg-carbet\/wp-content\/uploads\/sites\/68\/IMG-20250320-WA0022-768x576.jpg 768w, https:\/\/site.ac-martinique.fr\/clg-carbet\/wp-content\/uploads\/sites\/68\/IMG-20250320-WA0022-1536x1152.jpg 1536w, https:\/\/site.ac-martinique.fr\/clg-carbet\/wp-content\/uploads\/sites\/68\/IMG-20250320-WA0022-1140x855.jpg 1140w, https:\/\/site.ac-martinique.fr\/clg-carbet\/wp-content\/uploads\/sites\/68\/IMG-20250320-WA0022.jpg 1600w\" sizes=\"auto, (max-width: 1024px) 100vw, 1024px\" \/><\/figure>\n\n\n\n<figure class=\"wp-block-image size-large\"><img loading=\"lazy\" decoding=\"async\" width=\"791\" height=\"1024\" data-id=\"8646\" src=\"https:\/\/site.ac-martinique.fr\/clg-carbet\/wp-content\/uploads\/sites\/68\/20250321_145101-791x1024.jpg\" alt=\"\" class=\"wp-image-8646\" srcset=\"https:\/\/site.ac-martinique.fr\/clg-carbet\/wp-content\/uploads\/sites\/68\/20250321_145101-791x1024.jpg 791w, https:\/\/site.ac-martinique.fr\/clg-carbet\/wp-content\/uploads\/sites\/68\/20250321_145101-232x300.jpg 232w, https:\/\/site.ac-martinique.fr\/clg-carbet\/wp-content\/uploads\/sites\/68\/20250321_145101-768x994.jpg 768w, https:\/\/site.ac-martinique.fr\/clg-carbet\/wp-content\/uploads\/sites\/68\/20250321_145101-1187x1536.jpg 1187w, https:\/\/site.ac-martinique.fr\/clg-carbet\/wp-content\/uploads\/sites\/68\/20250321_145101-1583x2048.jpg 1583w, https:\/\/site.ac-martinique.fr\/clg-carbet\/wp-content\/uploads\/sites\/68\/20250321_145101-1140x1475.jpg 1140w, https:\/\/site.ac-martinique.fr\/clg-carbet\/wp-content\/uploads\/sites\/68\/20250321_145101-scaled.jpg 1978w\" sizes=\"auto, (max-width: 791px) 100vw, 791px\" \/><\/figure>\n\n\n\n<figure class=\"wp-block-image size-large\"><img loading=\"lazy\" decoding=\"async\" width=\"860\" height=\"1024\" data-id=\"8645\" src=\"https:\/\/site.ac-martinique.fr\/clg-carbet\/wp-content\/uploads\/sites\/68\/20250320_151412-860x1024.jpg\" alt=\"\" class=\"wp-image-8645\" srcset=\"https:\/\/site.ac-martinique.fr\/clg-carbet\/wp-content\/uploads\/sites\/68\/20250320_151412-860x1024.jpg 860w, https:\/\/site.ac-martinique.fr\/clg-carbet\/wp-content\/uploads\/sites\/68\/20250320_151412-252x300.jpg 252w, https:\/\/site.ac-martinique.fr\/clg-carbet\/wp-content\/uploads\/sites\/68\/20250320_151412-768x915.jpg 768w, https:\/\/site.ac-martinique.fr\/clg-carbet\/wp-content\/uploads\/sites\/68\/20250320_151412-1290x1536.jpg 1290w, https:\/\/site.ac-martinique.fr\/clg-carbet\/wp-content\/uploads\/sites\/68\/20250320_151412-1720x2048.jpg 1720w, https:\/\/site.ac-martinique.fr\/clg-carbet\/wp-content\/uploads\/sites\/68\/20250320_151412-1140x1358.jpg 1140w\" sizes=\"auto, (max-width: 860px) 100vw, 860px\" \/><\/figure>\n<\/figure>\n\n\n\n<p><strong>Ce s\u00e9jour a \u00e9galement \u00e9t\u00e9 une formidable occasion de d\u00e9velopper l&#8217;autonomie et l&#8217;esprit d&#8217;\u00e9quipe des \u00e9l\u00e8ves, tout en leur offrant une premi\u00e8re immersion en milieu montagnard. Gr\u00e2ce \u00e0 la mobilisation des familles, du coll\u00e8ge et des partenaires engag\u00e9s, ce projet a pu voir le jour et laisser des souvenirs inoubliables aux participants.<\/strong><\/p>\n<p><strong>Un grand merci \u00e0 tous ceux qui ont contribu\u00e9 \u00e0 cette belle aventure !<\/strong><\/p>\n<p><strong>L&#8217;\u00e9quipe Alpimaths<\/strong><\/p>\n\n\n\n\n\n<figure class=\"wp-block-image size-large\"><img loading=\"lazy\" decoding=\"async\" width=\"1024\" height=\"768\" src=\"https:\/\/site.ac-martinique.fr\/clg-carbet\/wp-content\/uploads\/sites\/68\/IMG-20250322-WA0009-1024x768.jpg\" alt=\"\" class=\"wp-image-8652\" srcset=\"https:\/\/site.ac-martinique.fr\/clg-carbet\/wp-content\/uploads\/sites\/68\/IMG-20250322-WA0009-1024x768.jpg 1024w, https:\/\/site.ac-martinique.fr\/clg-carbet\/wp-content\/uploads\/sites\/68\/IMG-20250322-WA0009-300x225.jpg 300w, https:\/\/site.ac-martinique.fr\/clg-carbet\/wp-content\/uploads\/sites\/68\/IMG-20250322-WA0009-768x576.jpg 768w, https:\/\/site.ac-martinique.fr\/clg-carbet\/wp-content\/uploads\/sites\/68\/IMG-20250322-WA0009-1536x1152.jpg 1536w, https:\/\/site.ac-martinique.fr\/clg-carbet\/wp-content\/uploads\/sites\/68\/IMG-20250322-WA0009-1140x855.jpg 1140w, https:\/\/site.ac-martinique.fr\/clg-carbet\/wp-content\/uploads\/sites\/68\/IMG-20250322-WA0009.jpg 1600w\" sizes=\"auto, (max-width: 1024px) 100vw, 1024px\" \/><\/figure>\n","protected":false},"excerpt":{"rendered":"<p>par Mme LAFFITE Du 14 au 23 mars 2025, 17 \u00e9l\u00e8ves de 3\u00e8me de notre coll\u00e8ge ont eu la chance de participer au voyage Alpimaths\u00a0; une exp\u00e9rience unique alliant sciences et sport en montagne. Accompagn\u00e9s de leurs professeures de math\u00e9matiques Mme LAFFITE et d&#8217;EPS Mme LAURENT ainsi que de Luciano, un des membres de la Vie scolaire, ils ont d\u00e9couvert les paysages enneig\u00e9s des Alpes tout en approfondissant leurs connaissances en math\u00e9matiques et en physique \u00e0 travers des activit\u00e9s ludiques et concr\u00e8tes. Au programme : cours et exp\u00e9riences scientifiques, notamment autour de la nivologie, l\u2019\u00e9tude du manteau neigeux et de ses caract\u00e9ristiques, mais aussi pratique du ski et d&#8217;autres activit\u00e9s physiques en altitude. L&#8217;objectif \u00e9tait de montrer aux \u00e9l\u00e8ves que les math\u00e9matiques et les sciences sont partout, m\u00eame sur les pistes ! \u00a0 Ce s\u00e9jour a \u00e9galement \u00e9t\u00e9 une formidable occasion de d\u00e9velopper l&#8217;autonomie et l&#8217;esprit d&#8217;\u00e9quipe des \u00e9l\u00e8ves, tout en leur offrant une premi\u00e8re immersion en milieu montagnard. Gr\u00e2ce \u00e0 la mobilisation des familles, du coll\u00e8ge et des partenaires engag\u00e9s, ce projet a pu voir le jour et laisser des souvenirs inoubliables aux participants. Un grand merci \u00e0 tous ceux qui ont contribu\u00e9 \u00e0 cette belle aventure ! L&#8217;\u00e9quipe Alpimaths<\/p>\n","protected":false},"author":557,"featured_media":0,"comment_status":"closed","ping_status":"open","sticky":false,"template":"","format":"standard","meta":{"footnotes":""},"categories":[1],"tags":[],"class_list":["post-8643","post","type-post","status-publish","format-standard","hentry","category-non-classe"],"_links":{"self":[{"href":"https:\/\/site.ac-martinique.fr\/clg-carbet\/index.php?rest_route=\/wp\/v2\/posts\/8643","targetHints":{"allow":["GET"]}}],"collection":[{"href":"https:\/\/site.ac-martinique.fr\/clg-carbet\/index.php?rest_route=\/wp\/v2\/posts"}],"about":[{"href":"https:\/\/site.ac-martinique.fr\/clg-carbet\/index.php?rest_route=\/wp\/v2\/types\/post"}],"author":[{"embeddable":true,"href":"https:\/\/site.ac-martinique.fr\/clg-carbet\/index.php?rest_route=\/wp\/v2\/users\/557"}],"replies":[{"embeddable":true,"href":"https:\/\/site.ac-martinique.fr\/clg-carbet\/index.php?rest_route=%2Fwp%2Fv2%2Fcomments&post=8643"}],"version-history":[{"count":2,"href":"https:\/\/site.ac-martinique.fr\/clg-carbet\/index.php?rest_route=\/wp\/v2\/posts\/8643\/revisions"}],"predecessor-version":[{"id":8655,"href":"https:\/\/site.ac-martinique.fr\/clg-carbet\/index.php?rest_route=\/wp\/v2\/posts\/8643\/revisions\/8655"}],"wp:attachment":[{"href":"https:\/\/site.ac-martinique.fr\/clg-carbet\/index.php?rest_route=%2Fwp%2Fv2%2Fmedia&parent=8643"}],"wp:term":[{"taxonomy":"category","embeddable":true,"href":"https:\/\/site.ac-martinique.fr\/clg-carbet\/index.php?rest_route=%2Fwp%2Fv2%2Fcategories&post=8643"},{"taxonomy":"post_tag","embeddable":true,"href":"https:\/\/site.ac-martinique.fr\/clg-carbet\/index.php?rest_route=%2Fwp%2Fv2%2Ftags&post=8643"}],"curies":[{"name":"wp","href":"https:\/\/api.w.org\/{rel}","templated":true}]}}