{"id":1262,"date":"2021-05-12T09:54:22","date_gmt":"2021-05-12T13:54:22","guid":{"rendered":"https:\/\/site.ac-martinique.fr\/clg-cassiensainteclaire\/?p=1262"},"modified":"2022-05-06T10:37:23","modified_gmt":"2022-05-06T14:37:23","slug":"la-biodiversite-dans-et-hors-de-cassien","status":"publish","type":"post","link":"https:\/\/site.ac-martinique.fr\/clg-cassiensainteclaire\/2021\/05\/12\/la-biodiversite-dans-et-hors-de-cassien\/","title":{"rendered":"La biodiversit\u00e9 dans et hors de Cassien SAINTE-CLAIRE"},"content":{"rendered":"\n<p>\n\n\n\n\n\n\n\n\n\n\n\n\n\n\n\n\n\n\nD\u00e9couvrir, r\u00e9parer,\nprot\u00e9ger, valoriser\n\n\n\n<\/p>\n\n\n\n<p>Avec le\nCarbet des sciences, d\u00e9couvrons la biodiversit\u00e9 marine de la Martinique en\nclasse et r\u00e9fl\u00e9chissons \u00e0 comment la r\u00e9parer&nbsp;:<\/p>\n\n\n\n<figure class=\"wp-block-image\"><img decoding=\"async\" src=\"https:\/\/site.ac-martinique.fr\/clg-cassiensainteclaire\/wp-content\/uploads\/sites\/82\/2021\/05\/La-biodiversit\u00e9-dans-et-hors-de-Cassien_Page_1-1024x724.jpg\" alt=\"\" class=\"wp-image-1263\"\/><\/figure>\n\n\n\n<figure class=\"wp-block-image\"><img decoding=\"async\" src=\"https:\/\/site.ac-martinique.fr\/clg-cassiensainteclaire\/wp-content\/uploads\/sites\/82\/2021\/05\/La-biodiversit\u00e9-dans-et-hors-de-Cassien_Page_2-1024x724.jpg\" alt=\"\" class=\"wp-image-1264\"\/><\/figure>\n\n\n\n<figure class=\"wp-block-image\"><img decoding=\"async\" src=\"https:\/\/site.ac-martinique.fr\/clg-cassiensainteclaire\/wp-content\/uploads\/sites\/82\/2021\/05\/La-biodiversit\u00e9-dans-et-hors-de-Cassien_Page_3-1024x724.jpg\" alt=\"\" class=\"wp-image-1265\"\/><\/figure>\n\n\n\n<figure class=\"wp-block-image\"><img decoding=\"async\" src=\"https:\/\/site.ac-martinique.fr\/clg-cassiensainteclaire\/wp-content\/uploads\/sites\/82\/2021\/05\/La-biodiversit\u00e9-dans-et-hors-de-Cassien_Page_4-1024x724.jpg\" alt=\"\" class=\"wp-image-1266\"\/><\/figure>\n\n\n\n<p>Avec le\nCarbet des sciences, d\u00e9couvrons la biodiversit\u00e9 terrestre des milieux\naquatiques des 161 rivi\u00e8res de Martinique en classe et r\u00e9fl\u00e9chissons \u00e0 comment\nla r\u00e9parer&nbsp;:<\/p>\n\n\n\n<figure class=\"wp-block-image\"><img decoding=\"async\" src=\"https:\/\/site.ac-martinique.fr\/clg-cassiensainteclaire\/wp-content\/uploads\/sites\/82\/2021\/05\/La-biodiversit\u00e9-dans-et-hors-de-Cassien_Page_5-1024x724.jpg\" alt=\"\" class=\"wp-image-1267\"\/><\/figure>\n\n\n\n<figure class=\"wp-block-image\"><img decoding=\"async\" src=\"https:\/\/site.ac-martinique.fr\/clg-cassiensainteclaire\/wp-content\/uploads\/sites\/82\/2021\/05\/La-biodiversit\u00e9-dans-et-hors-de-Cassien-2_Page_1-1024x724.jpg\" alt=\"\" class=\"wp-image-1268\"\/><\/figure>\n\n\n\n<figure class=\"wp-block-image\"><img decoding=\"async\" src=\"https:\/\/site.ac-martinique.fr\/clg-cassiensainteclaire\/wp-content\/uploads\/sites\/82\/2021\/05\/La-biodiversit\u00e9-dans-et-hors-de-Cassien-2_Page_2-1024x725.jpg\" alt=\"\" class=\"wp-image-1269\"\/><\/figure>\n\n\n\n<p>\n\n\n\n\n\n\n\n\n\n\n\n\n\n\n\n\n\n\nAvec le Conservatoire\nbotanique de Martinique, d\u00e9couvrons la biodiversit\u00e9 terrestre de la Martinique\nen classe et r\u00e9fl\u00e9chissons \u00e0 comment la r\u00e9parer&nbsp;:\n\n\n\n<\/p>\n\n\n\n<figure class=\"wp-block-image\"><img decoding=\"async\" src=\"https:\/\/site.ac-martinique.fr\/clg-cassiensainteclaire\/wp-content\/uploads\/sites\/82\/2021\/05\/La-biodiversit\u00e9-dans-et-hors-de-Cassien-2_Page_3-1024x725.jpg\" alt=\"\" class=\"wp-image-1270\"\/><\/figure>\n\n\n\n<figure class=\"wp-block-image\"><img decoding=\"async\" src=\"https:\/\/site.ac-martinique.fr\/clg-cassiensainteclaire\/wp-content\/uploads\/sites\/82\/2021\/05\/La-biodiversit\u00e9-dans-et-hors-de-Cassien-2_Page_4-1024x724.jpg\" alt=\"\" class=\"wp-image-1271\"\/><\/figure>\n\n\n\n<figure class=\"wp-block-image\"><img decoding=\"async\" src=\"https:\/\/site.ac-martinique.fr\/clg-cassiensainteclaire\/wp-content\/uploads\/sites\/82\/2021\/05\/La-biodiversit\u00e9-dans-et-hors-de-Cassien-3_Page_1-1024x725.jpg\" alt=\"\" class=\"wp-image-1272\"\/><\/figure>\n\n\n\n<figure class=\"wp-block-image\"><img decoding=\"async\" src=\"https:\/\/site.ac-martinique.fr\/clg-cassiensainteclaire\/wp-content\/uploads\/sites\/82\/2021\/05\/La-biodiversit\u00e9-dans-et-hors-de-Cassien-3_Page_2-1024x724.jpg\" alt=\"\" class=\"wp-image-1273\"\/><\/figure>\n\n\n\n<figure class=\"wp-block-image\"><img decoding=\"async\" src=\"https:\/\/site.ac-martinique.fr\/clg-cassiensainteclaire\/wp-content\/uploads\/sites\/82\/2021\/05\/La-biodiversit\u00e9-dans-et-hors-de-Cassien-3_Page_3-1024x724.jpg\" alt=\"\" class=\"wp-image-1274\"\/><\/figure>\n\n\n\n<p>\n\n\n\n\n\n\n\n\n\n\n\n\n\n\n\n\n\n\nAvec le Conservatoire botanique\nde Martinique, d\u00e9couvrons la biodiversit\u00e9 \u00e0 la maison foresti\u00e8re de La Donis,\nFort-de-France\n\n\n\n<\/p>\n\n\n\n<figure class=\"wp-block-image\"><img decoding=\"async\" src=\"https:\/\/site.ac-martinique.fr\/clg-cassiensainteclaire\/wp-content\/uploads\/sites\/82\/2021\/05\/La-biodiversit\u00e9-dans-et-hors-de-Cassien-3_Page_4-1024x725.jpg\" alt=\"\" class=\"wp-image-1275\"\/><\/figure>\n\n\n\n<figure class=\"wp-block-image\"><img decoding=\"async\" src=\"https:\/\/site.ac-martinique.fr\/clg-cassiensainteclaire\/wp-content\/uploads\/sites\/82\/2021\/05\/La-biodiversit\u00e9-dans-et-hors-de-Cassien-3_Page_5-1024x724.jpg\" alt=\"\" class=\"wp-image-1276\"\/><\/figure>\n\n\n\n<figure class=\"wp-block-image\"><img decoding=\"async\" src=\"https:\/\/site.ac-martinique.fr\/clg-cassiensainteclaire\/wp-content\/uploads\/sites\/82\/2021\/05\/La-biodiversit\u00e9-dans-et-hors-de-Cassien-3_Page_6-1024x724.jpg\" alt=\"\" class=\"wp-image-1277\"\/><\/figure>\n\n\n\n<figure class=\"wp-block-image\"><img decoding=\"async\" src=\"https:\/\/site.ac-martinique.fr\/clg-cassiensainteclaire\/wp-content\/uploads\/sites\/82\/2021\/05\/La-biodiversit\u00e9-dans-et-hors-de-Cassien-3_Page_7-1024x724.jpg\" alt=\"\" class=\"wp-image-1278\"\/><\/figure>\n\n\n\n<figure class=\"wp-block-image\"><img decoding=\"async\" src=\"https:\/\/site.ac-martinique.fr\/clg-cassiensainteclaire\/wp-content\/uploads\/sites\/82\/2021\/05\/La-biodiversit\u00e9-dans-et-hors-de-Cassien-3_Page_8-1024x724.jpg\" alt=\"\" class=\"wp-image-1279\"\/><\/figure>\n\n\n\n<p>R\u00e9parer et\nvaloriser la biodiversit\u00e9 de Martinique en agissant dans le coll\u00e8ge&nbsp;:<\/p>\n\n\n\n<figure class=\"wp-block-image\"><img decoding=\"async\" src=\"https:\/\/site.ac-martinique.fr\/clg-cassiensainteclaire\/wp-content\/uploads\/sites\/82\/2021\/05\/La-biodiversit\u00e9-dans-et-hors-de-Cassien-4_Page_1-1024x725.jpg\" alt=\"\" class=\"wp-image-1280\"\/><\/figure>\n\n\n\n<figure class=\"wp-block-image\"><img decoding=\"async\" src=\"https:\/\/site.ac-martinique.fr\/clg-cassiensainteclaire\/wp-content\/uploads\/sites\/82\/2021\/05\/La-biodiversit\u00e9-dans-et-hors-de-Cassien-4_Page_2-1024x725.jpg\" alt=\"\" class=\"wp-image-1281\"\/><\/figure>\n\n\n\n<figure class=\"wp-block-image\"><img decoding=\"async\" src=\"https:\/\/site.ac-martinique.fr\/clg-cassiensainteclaire\/wp-content\/uploads\/sites\/82\/2021\/05\/La-biodiversit\u00e9-dans-et-hors-de-Cassien-4_Page_3-1024x725.jpg\" alt=\"\" class=\"wp-image-1282\"\/><\/figure>\n\n\n\n<figure class=\"wp-block-image\"><img decoding=\"async\" src=\"https:\/\/site.ac-martinique.fr\/clg-cassiensainteclaire\/wp-content\/uploads\/sites\/82\/2021\/05\/La-biodiversit\u00e9-dans-et-hors-de-Cassien-4_Page_4-1024x724.jpg\" alt=\"\" class=\"wp-image-1283\"\/><\/figure>\n\n\n","protected":false},"excerpt":{"rendered":"<p>D\u00e9couvrir, r\u00e9parer, prot\u00e9ger, valoriser Avec le Carbet des sciences, d\u00e9couvrons la biodiversit\u00e9 marine de la Martinique en classe et r\u00e9fl\u00e9chissons &hellip; <\/p>\n<p class=\"link-more\"><a href=\"https:\/\/site.ac-martinique.fr\/clg-cassiensainteclaire\/2021\/05\/12\/la-biodiversite-dans-et-hors-de-cassien\/\" class=\"more-link\">Lire la suite&#8230;<span class=\"screen-reader-text\"> \u00ab\u00a0La biodiversit\u00e9 dans et hors de Cassien SAINTE-CLAIRE\u00a0\u00bb<\/span><\/a><\/p>\n","protected":false},"author":214,"featured_media":0,"comment_status":"closed","ping_status":"closed","sticky":false,"template":"","format":"standard","meta":{"footnotes":""},"categories":[49],"tags":[],"class_list":["post-1262","post","type-post","status-publish","format-standard","hentry","category-edd"],"_links":{"self":[{"href":"https:\/\/site.ac-martinique.fr\/clg-cassiensainteclaire\/wp-json\/wp\/v2\/posts\/1262","targetHints":{"allow":["GET"]}}],"collection":[{"href":"https:\/\/site.ac-martinique.fr\/clg-cassiensainteclaire\/wp-json\/wp\/v2\/posts"}],"about":[{"href":"https:\/\/site.ac-martinique.fr\/clg-cassiensainteclaire\/wp-json\/wp\/v2\/types\/post"}],"author":[{"embeddable":true,"href":"https:\/\/site.ac-martinique.fr\/clg-cassiensainteclaire\/wp-json\/wp\/v2\/users\/214"}],"replies":[{"embeddable":true,"href":"https:\/\/site.ac-martinique.fr\/clg-cassiensainteclaire\/wp-json\/wp\/v2\/comments?post=1262"}],"version-history":[{"count":1,"href":"https:\/\/site.ac-martinique.fr\/clg-cassiensainteclaire\/wp-json\/wp\/v2\/posts\/1262\/revisions"}],"predecessor-version":[{"id":1642,"href":"https:\/\/site.ac-martinique.fr\/clg-cassiensainteclaire\/wp-json\/wp\/v2\/posts\/1262\/revisions\/1642"}],"wp:attachment":[{"href":"https:\/\/site.ac-martinique.fr\/clg-cassiensainteclaire\/wp-json\/wp\/v2\/media?parent=1262"}],"wp:term":[{"taxonomy":"category","embeddable":true,"href":"https:\/\/site.ac-martinique.fr\/clg-cassiensainteclaire\/wp-json\/wp\/v2\/categories?post=1262"},{"taxonomy":"post_tag","embeddable":true,"href":"https:\/\/site.ac-martinique.fr\/clg-cassiensainteclaire\/wp-json\/wp\/v2\/tags?post=1262"}],"curies":[{"name":"wp","href":"https:\/\/api.w.org\/{rel}","templated":true}]}}