{"id":1407,"date":"2012-05-11T00:09:10","date_gmt":"2012-05-11T00:09:10","guid":{"rendered":"http:\/\/www.clg-constantleray.ac-martinique.fr\/?p=1407"},"modified":"2012-11-24T13:51:43","modified_gmt":"2012-11-24T13:51:43","slug":"cadre-theorique-de-lepreuve-dhistoire-des-arts","status":"publish","type":"post","link":"\/clg-constantleray\/?p=1407","title":{"rendered":"Cadre th\u00e9orique de l&rsquo;\u00e9preuve d&rsquo;histoire des arts"},"content":{"rendered":"<p>Le texte officiel d\u00e9finissant les \u00e9preuves d&rsquo;histoire des arts se trouve ici:<a href=\"http:\/\/www.education.gouv.fr\/pid25535\/bulletin_officiel.html?cid_bo=58238\"><br \/>\nhttp:\/\/www.education.gouv.fr\/pid25535\/bulletin_officiel.html?cid_bo=58238<\/a><\/p>\n<p>A retenir notamment, les crit\u00e8res d&rsquo;\u00e9valuation:<\/p>\n<p><strong>Grille des crit\u00e8res d&rsquo;\u00e9valuation de l&rsquo;\u00e9preuve orale d&rsquo;histoire des arts, assortie d&rsquo;un bar\u00e8me indicatif de notation<\/strong><br \/>\n<em>Cette grille qui recense les crit\u00e8res d&rsquo;\u00e9valuation de l&rsquo;\u00e9preuve orale d&rsquo;histoire des arts est propos\u00e9e \u00e0 titre indicatif. Elle ne vise ni \u00e0 l&rsquo;exhaustivit\u00e9 des comp\u00e9tences attendues d&rsquo;un candidat pr\u00e9sentant cette \u00e9preuve, ni \u00e0 l&rsquo;exigence que le candidat r\u00e9ponde \u00e0 tous ces crit\u00e8res pour lui attribuer la note maximale.<\/em><br \/>\n<a href=\"\/clg-constantleray\/wp-content\/uploads\/sites\/51\/2012\/05\/hda.jpg\"><a href=\"\/clg-constantleray\/wp-content\/uploads\/sites\/51\/2012\/05\/hda1.jpg\"><img loading=\"lazy\" decoding=\"async\" class=\"aligncenter size-full wp-image-1409\" src=\"\/clg-constantleray\/wp-content\/uploads\/sites\/51\/2012\/05\/hda1.jpg\" alt=\"\" width=\"569\" height=\"420\" srcset=\"https:\/\/site.ac-martinique.fr\/clg-constantleray\/wp-content\/uploads\/sites\/51\/2012\/05\/hda1.jpg 569w, https:\/\/site.ac-martinique.fr\/clg-constantleray\/wp-content\/uploads\/sites\/51\/2012\/05\/hda1-300x221.jpg 300w\" sizes=\"auto, (max-width: 569px) 100vw, 569px\" \/><\/a><\/a><\/p>\n","protected":false},"excerpt":{"rendered":"<p>Le texte officiel d\u00e9finissant les \u00e9preuves d&rsquo;histoire des arts se trouve ici: http:\/\/www.education.gouv.fr\/pid25535\/bulletin_officiel.html?cid_bo=58238 A retenir notamment, les crit\u00e8res d&rsquo;\u00e9valuation: Grille des crit\u00e8res d&rsquo;\u00e9valuation de l&rsquo;\u00e9preuve orale d&rsquo;histoire des arts, assortie d&rsquo;un bar\u00e8me indicatif de notation Cette grille qui recense les &hellip; <a href=\"\/clg-constantleray\/?p=1407\">Continuer la lecture <span class=\"meta-nav\">&rarr;<\/span><\/a><\/p>\n","protected":false},"author":80,"featured_media":0,"comment_status":"closed","ping_status":"closed","sticky":false,"template":"","format":"standard","meta":{"footnotes":""},"categories":[6,19],"tags":[],"class_list":["post-1407","post","type-post","status-publish","format-standard","hentry","category-3emes","category-histoire-des-arts"],"_links":{"self":[{"href":"\/clg-constantleray\/index.php?rest_route=\/wp\/v2\/posts\/1407","targetHints":{"allow":["GET"]}}],"collection":[{"href":"\/clg-constantleray\/index.php?rest_route=\/wp\/v2\/posts"}],"about":[{"href":"\/clg-constantleray\/index.php?rest_route=\/wp\/v2\/types\/post"}],"author":[{"embeddable":true,"href":"\/clg-constantleray\/index.php?rest_route=\/wp\/v2\/users\/80"}],"replies":[{"embeddable":true,"href":"\/clg-constantleray\/index.php?rest_route=%2Fwp%2Fv2%2Fcomments&post=1407"}],"version-history":[{"count":4,"href":"\/clg-constantleray\/index.php?rest_route=\/wp\/v2\/posts\/1407\/revisions"}],"predecessor-version":[{"id":1769,"href":"\/clg-constantleray\/index.php?rest_route=\/wp\/v2\/posts\/1407\/revisions\/1769"}],"wp:attachment":[{"href":"\/clg-constantleray\/index.php?rest_route=%2Fwp%2Fv2%2Fmedia&parent=1407"}],"wp:term":[{"taxonomy":"category","embeddable":true,"href":"\/clg-constantleray\/index.php?rest_route=%2Fwp%2Fv2%2Fcategories&post=1407"},{"taxonomy":"post_tag","embeddable":true,"href":"\/clg-constantleray\/index.php?rest_route=%2Fwp%2Fv2%2Ftags&post=1407"}],"curies":[{"name":"wp","href":"https:\/\/api.w.org\/{rel}","templated":true}]}}