{"id":2340,"date":"2014-11-28T12:45:17","date_gmt":"2014-11-28T12:45:17","guid":{"rendered":"\/clg-constantleray\/?p=2340"},"modified":"2014-11-28T12:49:43","modified_gmt":"2014-11-28T12:49:43","slug":"journee-mondiale-de-la-lutte-contre-le-sida","status":"publish","type":"post","link":"\/clg-constantleray\/?p=2340","title":{"rendered":"JOURNEE MONDIALE de la lutte contre le SIDA"},"content":{"rendered":"<p>En vue de la journ\u00e9e mondiale de la lutte contre le Sida du 1er D\u00e9cembre 2014, une exposition a lieu \u00e0 compter de ce jour vendredi 28 novembre et ce jusqu&rsquo;au vendredi 05 d\u00e9cembre au CDI \u00e0 l&rsquo;initiative de Madame l&rsquo;infirmi\u00e8re scolaire et de Madame la documentaliste.<\/p>\n<p style=\"text-align: center;\"><a href=\"\/clg-constantleray\/wp-content\/uploads\/sites\/51\/2014\/11\/Expo-sida-3.jpg\"><img loading=\"lazy\" decoding=\"async\" class=\"aligncenter  wp-image-2341\" title=\"Expo sida 3\" src=\"\/clg-constantleray\/wp-content\/uploads\/sites\/51\/2014\/11\/Expo-sida-3-225x300.jpg\" alt=\"\" width=\"203\" height=\"270\" srcset=\"https:\/\/site.ac-martinique.fr\/clg-constantleray\/wp-content\/uploads\/sites\/51\/2014\/11\/Expo-sida-3-225x300.jpg 225w, https:\/\/site.ac-martinique.fr\/clg-constantleray\/wp-content\/uploads\/sites\/51\/2014\/11\/Expo-sida-3.jpg 490w\" sizes=\"auto, (max-width: 203px) 100vw, 203px\" \/><\/a><\/p>\n<p><a href=\"\/clg-constantleray\/wp-content\/uploads\/sites\/51\/2014\/11\/Expo-sida-21.jpg\"><img loading=\"lazy\" decoding=\"async\" class=\"alignleft  wp-image-2343\" title=\"Expo sida 2\" src=\"\/clg-constantleray\/wp-content\/uploads\/sites\/51\/2014\/11\/Expo-sida-21-300x225.jpg\" alt=\"\" width=\"270\" height=\"203\" srcset=\"https:\/\/site.ac-martinique.fr\/clg-constantleray\/wp-content\/uploads\/sites\/51\/2014\/11\/Expo-sida-21-300x225.jpg 300w, https:\/\/site.ac-martinique.fr\/clg-constantleray\/wp-content\/uploads\/sites\/51\/2014\/11\/Expo-sida-21.jpg 653w\" sizes=\"auto, (max-width: 270px) 100vw, 270px\" \/><\/a><a href=\"\/clg-constantleray\/wp-content\/uploads\/sites\/51\/2014\/11\/Expo-sida-11.jpg\"><img loading=\"lazy\" decoding=\"async\" class=\"alignright  wp-image-2345\" title=\"Expo sida 1\" src=\"\/clg-constantleray\/wp-content\/uploads\/sites\/51\/2014\/11\/Expo-sida-11-300x225.jpg\" alt=\"\" width=\"270\" height=\"203\" srcset=\"https:\/\/site.ac-martinique.fr\/clg-constantleray\/wp-content\/uploads\/sites\/51\/2014\/11\/Expo-sida-11-300x225.jpg 300w, https:\/\/site.ac-martinique.fr\/clg-constantleray\/wp-content\/uploads\/sites\/51\/2014\/11\/Expo-sida-11.jpg 653w\" sizes=\"auto, (max-width: 270px) 100vw, 270px\" \/><\/a><\/p>\n<p>&nbsp;<\/p>\n<p>&nbsp;<\/p>\n<p>&nbsp;<\/p>\n<p>&nbsp;<\/p>\n<p>&nbsp;<\/p>\n<p>Venez nombreux et pensez \u00e0 porter votre ruban rouge lundi, symbole mondial de la lutte contre le sida !<\/p>\n","protected":false},"excerpt":{"rendered":"<p>En vue de la journ\u00e9e mondiale de la lutte contre le Sida du 1er D\u00e9cembre 2014, une exposition a lieu \u00e0 compter de ce jour vendredi 28 novembre et ce jusqu&rsquo;au vendredi 05 d\u00e9cembre au CDI \u00e0 l&rsquo;initiative de Madame &hellip; <a href=\"\/clg-constantleray\/?p=2340\">Continuer la lecture <span class=\"meta-nav\">&rarr;<\/span><\/a><\/p>\n","protected":false},"author":80,"featured_media":0,"comment_status":"closed","ping_status":"closed","sticky":false,"template":"","format":"standard","meta":{"footnotes":""},"categories":[51],"tags":[],"class_list":["post-2340","post","type-post","status-publish","format-standard","hentry","category-cdi"],"_links":{"self":[{"href":"\/clg-constantleray\/index.php?rest_route=\/wp\/v2\/posts\/2340","targetHints":{"allow":["GET"]}}],"collection":[{"href":"\/clg-constantleray\/index.php?rest_route=\/wp\/v2\/posts"}],"about":[{"href":"\/clg-constantleray\/index.php?rest_route=\/wp\/v2\/types\/post"}],"author":[{"embeddable":true,"href":"\/clg-constantleray\/index.php?rest_route=\/wp\/v2\/users\/80"}],"replies":[{"embeddable":true,"href":"\/clg-constantleray\/index.php?rest_route=%2Fwp%2Fv2%2Fcomments&post=2340"}],"version-history":[{"count":6,"href":"\/clg-constantleray\/index.php?rest_route=\/wp\/v2\/posts\/2340\/revisions"}],"predecessor-version":[{"id":2351,"href":"\/clg-constantleray\/index.php?rest_route=\/wp\/v2\/posts\/2340\/revisions\/2351"}],"wp:attachment":[{"href":"\/clg-constantleray\/index.php?rest_route=%2Fwp%2Fv2%2Fmedia&parent=2340"}],"wp:term":[{"taxonomy":"category","embeddable":true,"href":"\/clg-constantleray\/index.php?rest_route=%2Fwp%2Fv2%2Fcategories&post=2340"},{"taxonomy":"post_tag","embeddable":true,"href":"\/clg-constantleray\/index.php?rest_route=%2Fwp%2Fv2%2Ftags&post=2340"}],"curies":[{"name":"wp","href":"https:\/\/api.w.org\/{rel}","templated":true}]}}