{"id":2756,"date":"2015-07-11T15:41:28","date_gmt":"2015-07-11T15:41:28","guid":{"rendered":"\/clg-constantleray\/?p=2756"},"modified":"2015-07-11T15:41:28","modified_gmt":"2015-07-11T15:41:28","slug":"une-remise-de-recompenses-tres-applaudie","status":"publish","type":"post","link":"\/clg-constantleray\/?p=2756","title":{"rendered":"Une remise de r\u00e9compenses tr\u00e8s applaudie !"},"content":{"rendered":"<p>Le vendredi 19 juin 2015\u00a0 plus de 50 \u00e9l\u00e8ves ont \u00e9t\u00e9 mis \u00e0 l&rsquo;honneur pour leur implication au CDI au cours de la c\u00e9r\u00e9monie officielle de remise de r\u00e9compenses au Coll\u00e8ge !<\/p>\n<p>Parmi eux les meilleurs lecteurs cat\u00e9gories Filles\/ Gar\u00e7ons\/ Livres et P\u00e9riodiques<\/p>\n<p><a href=\"\/clg-constantleray\/wp-content\/uploads\/sites\/51\/2015\/07\/el\u00e8ves-cdi-1.jpg\"><img loading=\"lazy\" decoding=\"async\" class=\"alignnone size-medium wp-image-2757\" src=\"\/clg-constantleray\/wp-content\/uploads\/sites\/51\/2015\/07\/el\u00e8ves-cdi-1-300x225.jpg\" alt=\"el\u00e8ves cdi 1\" width=\"300\" height=\"225\" srcset=\"https:\/\/site.ac-martinique.fr\/clg-constantleray\/wp-content\/uploads\/sites\/51\/2015\/07\/el\u00e8ves-cdi-1-300x225.jpg 300w, https:\/\/site.ac-martinique.fr\/clg-constantleray\/wp-content\/uploads\/sites\/51\/2015\/07\/el\u00e8ves-cdi-1.jpg 653w\" sizes=\"auto, (max-width: 300px) 100vw, 300px\" \/><\/a>\u00a0\u00a0 \u00a0 \u00a0 \u00a0\u00a0 <a href=\"\/clg-constantleray\/wp-content\/uploads\/sites\/51\/2015\/07\/20150619_091253.jpg\"><img loading=\"lazy\" decoding=\"async\" class=\"alignnone size-medium wp-image-2758\" src=\"\/clg-constantleray\/wp-content\/uploads\/sites\/51\/2015\/07\/20150619_091253-300x225.jpg\" alt=\"20150619_091253\" width=\"300\" height=\"225\" srcset=\"https:\/\/site.ac-martinique.fr\/clg-constantleray\/wp-content\/uploads\/sites\/51\/2015\/07\/20150619_091253-300x225.jpg 300w, https:\/\/site.ac-martinique.fr\/clg-constantleray\/wp-content\/uploads\/sites\/51\/2015\/07\/20150619_091253-1024x768.jpg 1024w\" sizes=\"auto, (max-width: 300px) 100vw, 300px\" \/><\/a><\/p>\n<p>ainsi que les membres du Club Journ@l l&rsquo;Hibiscus et les Winners du CDI qui m&rsquo;ont aid\u00e9 tout au long de l&rsquo;ann\u00e9e. Un prix sp\u00e9cial a t\u00e9t\u00e9 remis a deux \u00e9l\u00e8ves donateurs du CDI !<\/p>\n<p><a href=\"\/clg-constantleray\/wp-content\/uploads\/sites\/51\/2015\/07\/book-crossing.jpg\"><img loading=\"lazy\" decoding=\"async\" class=\"alignnone  wp-image-2759\" src=\"\/clg-constantleray\/wp-content\/uploads\/sites\/51\/2015\/07\/book-crossing-300x225.jpg\" alt=\"book crossing\" width=\"241\" height=\"181\" srcset=\"https:\/\/site.ac-martinique.fr\/clg-constantleray\/wp-content\/uploads\/sites\/51\/2015\/07\/book-crossing-300x225.jpg 300w, https:\/\/site.ac-martinique.fr\/clg-constantleray\/wp-content\/uploads\/sites\/51\/2015\/07\/book-crossing.jpg 653w\" sizes=\"auto, (max-width: 241px) 100vw, 241px\" \/><\/a>\u00a0\u00a0 \u00a0 \u00a0 \u00a0 \u00a0 <a href=\"\/clg-constantleray\/wp-content\/uploads\/sites\/51\/2015\/07\/groupe-musiciens1.jpg\"><img loading=\"lazy\" decoding=\"async\" class=\"alignnone size-medium wp-image-2767\" src=\"\/clg-constantleray\/wp-content\/uploads\/sites\/51\/2015\/07\/groupe-musiciens1-300x116.jpg\" alt=\"groupe musiciens\" width=\"300\" height=\"116\" srcset=\"https:\/\/site.ac-martinique.fr\/clg-constantleray\/wp-content\/uploads\/sites\/51\/2015\/07\/groupe-musiciens1-300x116.jpg 300w, https:\/\/site.ac-martinique.fr\/clg-constantleray\/wp-content\/uploads\/sites\/51\/2015\/07\/groupe-musiciens1.jpg 934w\" sizes=\"auto, (max-width: 300px) 100vw, 300px\" \/><\/a><\/p>\n<p>La manifestation a \u00e9t\u00e9 \u00e9galement sonoris\u00e9e par une \u00e9quipe de choc compos\u00e9e d&rsquo;\u00e9l\u00e8ves et de professeurs ! D&rsquo;anciens \u00e9l\u00e8ves nous ont fait le plaisir de se produire devant les spectateurs conquis!<\/p>\n<p><a href=\"\/clg-constantleray\/wp-content\/uploads\/sites\/51\/2015\/07\/ing\u00e9nieurs-du-son-1.jpg\"><img loading=\"lazy\" decoding=\"async\" class=\"alignnone size-medium wp-image-2761\" src=\"\/clg-constantleray\/wp-content\/uploads\/sites\/51\/2015\/07\/ing\u00e9nieurs-du-son-1-300x225.jpg\" alt=\"ing\u00e9nieurs du son 1\" width=\"300\" height=\"225\" srcset=\"https:\/\/site.ac-martinique.fr\/clg-constantleray\/wp-content\/uploads\/sites\/51\/2015\/07\/ing\u00e9nieurs-du-son-1-300x225.jpg 300w, https:\/\/site.ac-martinique.fr\/clg-constantleray\/wp-content\/uploads\/sites\/51\/2015\/07\/ing\u00e9nieurs-du-son-1.jpg 653w\" sizes=\"auto, (max-width: 300px) 100vw, 300px\" \/><\/a>\u00a0\u00a0\u00a0\u00a0 <a href=\"\/clg-constantleray\/wp-content\/uploads\/sites\/51\/2015\/07\/musiciens-1.jpg\"><img loading=\"lazy\" decoding=\"async\" class=\"alignnone  wp-image-2762\" src=\"\/clg-constantleray\/wp-content\/uploads\/sites\/51\/2015\/07\/musiciens-1-300x204.jpg\" alt=\"musiciens 1\" width=\"319\" height=\"217\" srcset=\"https:\/\/site.ac-martinique.fr\/clg-constantleray\/wp-content\/uploads\/sites\/51\/2015\/07\/musiciens-1-300x204.jpg 300w, https:\/\/site.ac-martinique.fr\/clg-constantleray\/wp-content\/uploads\/sites\/51\/2015\/07\/musiciens-1.jpg 651w\" sizes=\"auto, (max-width: 319px) 100vw, 319px\" \/><\/a><\/p>\n<p><a href=\"\/clg-constantleray\/wp-content\/uploads\/sites\/51\/2015\/07\/danseurs-2.jpg\"><img loading=\"lazy\" decoding=\"async\" class=\"alignnone size-medium wp-image-2763\" src=\"\/clg-constantleray\/wp-content\/uploads\/sites\/51\/2015\/07\/danseurs-2-300x156.jpg\" alt=\"danseurs 2\" width=\"300\" height=\"156\" srcset=\"https:\/\/site.ac-martinique.fr\/clg-constantleray\/wp-content\/uploads\/sites\/51\/2015\/07\/danseurs-2-300x156.jpg 300w, https:\/\/site.ac-martinique.fr\/clg-constantleray\/wp-content\/uploads\/sites\/51\/2015\/07\/danseurs-2.jpg 649w\" sizes=\"auto, (max-width: 300px) 100vw, 300px\" \/><\/a> <a href=\"\/clg-constantleray\/wp-content\/uploads\/sites\/51\/2015\/07\/Danseurs-1.jpg\"><img loading=\"lazy\" decoding=\"async\" class=\"alignnone  wp-image-2764\" src=\"\/clg-constantleray\/wp-content\/uploads\/sites\/51\/2015\/07\/Danseurs-1-300x103.jpg\" alt=\"Danseurs 1\" width=\"329\" height=\"113\" srcset=\"https:\/\/site.ac-martinique.fr\/clg-constantleray\/wp-content\/uploads\/sites\/51\/2015\/07\/Danseurs-1-300x103.jpg 300w, https:\/\/site.ac-martinique.fr\/clg-constantleray\/wp-content\/uploads\/sites\/51\/2015\/07\/Danseurs-1.jpg 886w\" sizes=\"auto, (max-width: 329px) 100vw, 329px\" \/><\/a><\/p>\n","protected":false},"excerpt":{"rendered":"<p>Le vendredi 19 juin 2015\u00a0 plus de 50 \u00e9l\u00e8ves ont \u00e9t\u00e9 mis \u00e0 l&rsquo;honneur pour leur implication au CDI au cours de la c\u00e9r\u00e9monie officielle de remise de r\u00e9compenses au Coll\u00e8ge ! Parmi eux les meilleurs lecteurs cat\u00e9gories Filles\/ Gar\u00e7ons\/ &hellip; <a href=\"\/clg-constantleray\/?p=2756\">Continuer la lecture <span class=\"meta-nav\">&rarr;<\/span><\/a><\/p>\n","protected":false},"author":80,"featured_media":0,"comment_status":"closed","ping_status":"closed","sticky":false,"template":"","format":"standard","meta":{"footnotes":""},"categories":[6,7,8,9,51,69],"tags":[],"class_list":["post-2756","post","type-post","status-publish","format-standard","hentry","category-3emes","category-4emes","category-5emes","category-6emes","category-cdi","category-vie-du-college"],"_links":{"self":[{"href":"\/clg-constantleray\/index.php?rest_route=\/wp\/v2\/posts\/2756","targetHints":{"allow":["GET"]}}],"collection":[{"href":"\/clg-constantleray\/index.php?rest_route=\/wp\/v2\/posts"}],"about":[{"href":"\/clg-constantleray\/index.php?rest_route=\/wp\/v2\/types\/post"}],"author":[{"embeddable":true,"href":"\/clg-constantleray\/index.php?rest_route=\/wp\/v2\/users\/80"}],"replies":[{"embeddable":true,"href":"\/clg-constantleray\/index.php?rest_route=%2Fwp%2Fv2%2Fcomments&post=2756"}],"version-history":[{"count":3,"href":"\/clg-constantleray\/index.php?rest_route=\/wp\/v2\/posts\/2756\/revisions"}],"predecessor-version":[{"id":2768,"href":"\/clg-constantleray\/index.php?rest_route=\/wp\/v2\/posts\/2756\/revisions\/2768"}],"wp:attachment":[{"href":"\/clg-constantleray\/index.php?rest_route=%2Fwp%2Fv2%2Fmedia&parent=2756"}],"wp:term":[{"taxonomy":"category","embeddable":true,"href":"\/clg-constantleray\/index.php?rest_route=%2Fwp%2Fv2%2Fcategories&post=2756"},{"taxonomy":"post_tag","embeddable":true,"href":"\/clg-constantleray\/index.php?rest_route=%2Fwp%2Fv2%2Ftags&post=2756"}],"curies":[{"name":"wp","href":"https:\/\/api.w.org\/{rel}","templated":true}]}}