{"id":3246,"date":"2017-11-24T14:36:40","date_gmt":"2017-11-24T14:36:40","guid":{"rendered":"\/clg-constantleray\/?p=3246"},"modified":"2017-11-24T14:36:40","modified_gmt":"2017-11-24T14:36:40","slug":"le-conseil-dadministration-du-college-constant-le-ray","status":"publish","type":"post","link":"\/clg-constantleray\/?p=3246","title":{"rendered":"Le Conseil d&rsquo;Administration du coll\u00e8ge Constant LE RAY"},"content":{"rendered":"<p>La premi\u00e8re rencontre du coll\u00e8ge a eu lieu le jeudi 16 novembre 2017.<\/p>\n<p>A l&rsquo;ordre du jour, l&rsquo;installation des commissions, \u00e0 savoir :<\/p>\n<ul style=\"text-align: justify\">\n<li>commission permanente<\/li>\n<li>conseil de discipline<\/li>\n<li>comit\u00e9 d&rsquo;\u00e9ducation \u00e0 la sant\u00e9 et \u00e0 la citoyennet\u00e9<\/li>\n<li>comit\u00e9 d&rsquo;hygi\u00e8ne et de s\u00e9curit\u00e9<\/li>\n<li>commission \u00e9ducative<\/li>\n<li>commission fonds social<\/li>\n<li>conseil p\u00e9dagogique<\/li>\n<li>conseil de vie coll\u00e9gienne<\/li>\n<\/ul>\n<p style=\"text-align: justify\">Les parents d&rsquo;\u00e9l\u00e8ves, les enseignants, les \u00e9l\u00e8ves, les agents, les personnels administratifs font partie du Conseil d&rsquo;Administration.<\/p>\n<p style=\"text-align: justify\">C&rsquo;est l&rsquo;instance par excellence o\u00f9 l&rsquo;on prend les d\u00e9cisions du coll\u00e8ge.<\/p>\n<p><a href=\"\/clg-constantleray\/wp-content\/uploads\/sites\/51\/2017\/11\/P1020926.jpg\"><img loading=\"lazy\" decoding=\"async\" class=\"size-medium wp-image-3250 aligncenter\" src=\"\/clg-constantleray\/wp-content\/uploads\/sites\/51\/2017\/11\/P1020926-300x225.jpg\" alt=\"\" width=\"300\" height=\"225\" srcset=\"https:\/\/site.ac-martinique.fr\/clg-constantleray\/wp-content\/uploads\/sites\/51\/2017\/11\/P1020926-300x225.jpg 300w, https:\/\/site.ac-martinique.fr\/clg-constantleray\/wp-content\/uploads\/sites\/51\/2017\/11\/P1020926-768x576.jpg 768w, https:\/\/site.ac-martinique.fr\/clg-constantleray\/wp-content\/uploads\/sites\/51\/2017\/11\/P1020926.jpg 1024w\" sizes=\"auto, (max-width: 300px) 100vw, 300px\" \/><\/a><a href=\"\/clg-constantleray\/wp-content\/uploads\/sites\/51\/2017\/11\/P1020923.jpg\"><img loading=\"lazy\" decoding=\"async\" class=\"size-medium wp-image-3247 aligncenter\" src=\"\/clg-constantleray\/wp-content\/uploads\/sites\/51\/2017\/11\/P1020923-300x225.jpg\" alt=\"\" width=\"300\" height=\"225\" srcset=\"https:\/\/site.ac-martinique.fr\/clg-constantleray\/wp-content\/uploads\/sites\/51\/2017\/11\/P1020923-300x225.jpg 300w, https:\/\/site.ac-martinique.fr\/clg-constantleray\/wp-content\/uploads\/sites\/51\/2017\/11\/P1020923-768x576.jpg 768w, https:\/\/site.ac-martinique.fr\/clg-constantleray\/wp-content\/uploads\/sites\/51\/2017\/11\/P1020923.jpg 1024w\" sizes=\"auto, (max-width: 300px) 100vw, 300px\" \/><\/a><a href=\"\/clg-constantleray\/wp-content\/uploads\/sites\/51\/2017\/11\/P1020925.jpg\"><img loading=\"lazy\" decoding=\"async\" class=\"alignnone size-medium wp-image-3249 aligncenter\" src=\"\/clg-constantleray\/wp-content\/uploads\/sites\/51\/2017\/11\/P1020925-300x225.jpg\" alt=\"\" width=\"300\" height=\"225\" srcset=\"https:\/\/site.ac-martinique.fr\/clg-constantleray\/wp-content\/uploads\/sites\/51\/2017\/11\/P1020925-300x225.jpg 300w, https:\/\/site.ac-martinique.fr\/clg-constantleray\/wp-content\/uploads\/sites\/51\/2017\/11\/P1020925-768x576.jpg 768w, https:\/\/site.ac-martinique.fr\/clg-constantleray\/wp-content\/uploads\/sites\/51\/2017\/11\/P1020925.jpg 1024w\" sizes=\"auto, (max-width: 300px) 100vw, 300px\" \/><\/a><a href=\"\/clg-constantleray\/wp-content\/uploads\/sites\/51\/2017\/11\/P1020924.jpg\"><img loading=\"lazy\" decoding=\"async\" class=\"alignnone size-medium wp-image-3248 aligncenter\" src=\"\/clg-constantleray\/wp-content\/uploads\/sites\/51\/2017\/11\/P1020924-300x225.jpg\" alt=\"\" width=\"300\" height=\"225\" srcset=\"https:\/\/site.ac-martinique.fr\/clg-constantleray\/wp-content\/uploads\/sites\/51\/2017\/11\/P1020924-300x225.jpg 300w, https:\/\/site.ac-martinique.fr\/clg-constantleray\/wp-content\/uploads\/sites\/51\/2017\/11\/P1020924-768x576.jpg 768w, https:\/\/site.ac-martinique.fr\/clg-constantleray\/wp-content\/uploads\/sites\/51\/2017\/11\/P1020924.jpg 1024w\" sizes=\"auto, (max-width: 300px) 100vw, 300px\" \/><\/a><\/p>\n<p>&nbsp;<\/p>\n","protected":false},"excerpt":{"rendered":"<p>La premi\u00e8re rencontre du coll\u00e8ge a eu lieu le jeudi 16 novembre 2017. A l&rsquo;ordre du jour, l&rsquo;installation des commissions, \u00e0 savoir : commission permanente conseil de discipline comit\u00e9 d&rsquo;\u00e9ducation \u00e0 la sant\u00e9 et \u00e0 la citoyennet\u00e9 comit\u00e9 d&rsquo;hygi\u00e8ne et &hellip; <a href=\"\/clg-constantleray\/?p=3246\">Continuer la lecture <span class=\"meta-nav\">&rarr;<\/span><\/a><\/p>\n","protected":false},"author":122,"featured_media":0,"comment_status":"closed","ping_status":"closed","sticky":false,"template":"","format":"standard","meta":{"footnotes":""},"categories":[1],"tags":[],"class_list":["post-3246","post","type-post","status-publish","format-standard","hentry","category-non-classe"],"_links":{"self":[{"href":"\/clg-constantleray\/index.php?rest_route=\/wp\/v2\/posts\/3246","targetHints":{"allow":["GET"]}}],"collection":[{"href":"\/clg-constantleray\/index.php?rest_route=\/wp\/v2\/posts"}],"about":[{"href":"\/clg-constantleray\/index.php?rest_route=\/wp\/v2\/types\/post"}],"author":[{"embeddable":true,"href":"\/clg-constantleray\/index.php?rest_route=\/wp\/v2\/users\/122"}],"replies":[{"embeddable":true,"href":"\/clg-constantleray\/index.php?rest_route=%2Fwp%2Fv2%2Fcomments&post=3246"}],"version-history":[{"count":1,"href":"\/clg-constantleray\/index.php?rest_route=\/wp\/v2\/posts\/3246\/revisions"}],"predecessor-version":[{"id":3251,"href":"\/clg-constantleray\/index.php?rest_route=\/wp\/v2\/posts\/3246\/revisions\/3251"}],"wp:attachment":[{"href":"\/clg-constantleray\/index.php?rest_route=%2Fwp%2Fv2%2Fmedia&parent=3246"}],"wp:term":[{"taxonomy":"category","embeddable":true,"href":"\/clg-constantleray\/index.php?rest_route=%2Fwp%2Fv2%2Fcategories&post=3246"},{"taxonomy":"post_tag","embeddable":true,"href":"\/clg-constantleray\/index.php?rest_route=%2Fwp%2Fv2%2Ftags&post=3246"}],"curies":[{"name":"wp","href":"https:\/\/api.w.org\/{rel}","templated":true}]}}