{"id":1063,"date":"2020-03-17T18:17:46","date_gmt":"2020-03-17T17:17:46","guid":{"rendered":"\/clg-edapierre\/?p=1063"},"modified":"2020-03-22T22:25:30","modified_gmt":"2020-03-22T21:25:30","slug":"coronavirus-covid-19-et-lecole-dans-tout-cela","status":"publish","type":"post","link":"https:\/\/site.ac-martinique.fr\/clg-edapierre\/?p=1063","title":{"rendered":"CORONAVIRUS &#8211; COVID 19 ? Et l&#8217;\u00e9cole dans tout cela ?"},"content":{"rendered":"<p><a href=\"\/clg-edapierre\/wp-content\/uploads\/sites\/54\/2020\/03\/Slide_site_covid_1257985-e1584823349786.jpg\"><img fetchpriority=\"high\" decoding=\"async\" class=\"alignnone size-full wp-image-1065\" src=\"\/clg-edapierre\/wp-content\/uploads\/sites\/54\/2020\/03\/Slide_site_covid_1257985-e1584823349786.jpg\" alt=\"slide_site_covid_1257985\" width=\"738\" height=\"254\" srcset=\"https:\/\/site.ac-martinique.fr\/clg-edapierre\/wp-content\/uploads\/sites\/54\/2020\/03\/Slide_site_covid_1257985-e1584823349786.jpg 738w, https:\/\/site.ac-martinique.fr\/clg-edapierre\/wp-content\/uploads\/sites\/54\/2020\/03\/Slide_site_covid_1257985-e1584823349786-300x103.jpg 300w, https:\/\/site.ac-martinique.fr\/clg-edapierre\/wp-content\/uploads\/sites\/54\/2020\/03\/Slide_site_covid_1257985-e1584823349786-624x215.jpg 624w\" sizes=\"(max-width: 738px) 100vw, 738px\" \/><\/a><\/p>\n<h3>Compte tenu des communiqu\u00e9s transmis par les autorit\u00e9s comp\u00e9tentes concernant le COVID-19 et aussi des restrictions en vigueur, le\u00a0Coll\u00e8ge Christiane EDA-PIERRE\u00a0est ferm\u00e9 \u00e0 compter de ce lundi 16 mars jusqu&#8217;\u00e0 nouvel ordre et ne peut donc recevoir le public.\u00a0En ce qui concerne le coll\u00e8ge, des informations compl\u00e9mentaires seront transmises via\u00a0<a href=\"https:\/\/clg-edapierre.ac-martinique.fr\/pronote\/\">PRONOTE<\/a>.<\/h3>\n<h3>Pour plus d&#8217;informations concernant\u00a0le suivi\u00a0p\u00e9dagogique cliquer sur les liens suivants :<\/h3>\n<h3><span style=\"color: #0000ff;\"><a style=\"color: #0000ff;\" href=\"http:\/\/www.ac-martinique.fr\/cid150307\/la-continuite-pedagogique-assuree-pendant-la-fermeture-des-ecoles-et-etablissements-scolaires.html\">Continuit\u00e9 P\u00e9dagogique<\/a><\/span><\/h3>\n<h3><span style=\"color: #0000ff;\"><a style=\"color: #0000ff;\" href=\"https:\/\/eduscol.education.fr\/cid149909\/continuite-pedagogique.html\">Ressources pour la continuit\u00e9 p\u00e9dagogique<\/a><\/span><\/h3>\n<h3><span style=\"color: #0000ff;\"><a style=\"color: #0000ff;\" href=\"https:\/\/www.education.gouv.fr\/ma-classe-la-maison-mise-en-oeuvre-de-la-continuite-pedagogique-289680\">CNED &#8211; Ma classe<\/a><\/span><\/h3>\n<h3><span style=\"color: #0000ff;\"><a style=\"color: #0000ff;\" href=\"http:\/\/cache.media.education.gouv.fr\/file\/2019-2020\/40\/8\/Courrier_aux_parents_15.03.2020_1258408.pdf\">Lettre aux familles<\/a><\/span><\/h3>\n<h3><span style=\"color: #0000ff;\"><a style=\"color: #0000ff;\" href=\"http:\/\/www.ac-martinique.fr\/\">Acad\u00e9mie de Martinique<\/a><\/span><\/h3>\n<h3><span style=\"color: #0000ff;\"><a style=\"color: #0000ff;\" href=\"https:\/\/www.education.gouv.fr\/\">Minist\u00e8re de l&#8217;Education<\/a><\/span><\/h3>\n<p>&nbsp;<\/p>\n","protected":false},"excerpt":{"rendered":"<p>Compte tenu des communiqu\u00e9s transmis par les autorit\u00e9s comp\u00e9tentes concernant le COVID-19 et aussi des restrictions en vigueur, le\u00a0Coll\u00e8ge Christiane &hellip; <\/p>\n<p class=\"link-more\"><a href=\"https:\/\/site.ac-martinique.fr\/clg-edapierre\/?p=1063\" class=\"more-link\">Lire la suite&#8230;<span class=\"screen-reader-text\"> &#8220;CORONAVIRUS &#8211; COVID 19 ? Et l&#8217;\u00e9cole dans tout cela ?&#8221;<\/span><\/a><\/p>\n","protected":false},"author":127,"featured_media":0,"comment_status":"closed","ping_status":"open","sticky":false,"template":"","format":"standard","meta":{"pagelayer_contact_templates":[],"_pagelayer_content":"","_uag_custom_page_level_css":"","episode_type":"","audio_file":"","podmotor_file_id":"","podmotor_episode_id":"","cover_image":"","cover_image_id":"","duration":"","filesize":"","filesize_raw":"","date_recorded":"","explicit":"","block":"","itunes_episode_number":"","itunes_title":"","itunes_season_number":"","itunes_episode_type":"","_themeisle_gutenberg_block_has_review":false,"footnotes":"","_links_to":"","_links_to_target":""},"categories":[36,29,3],"tags":[],"ppma_author":[42],"class_list":["post-1063","post","type-post","status-publish","format-standard","hentry","category-direction","category-information","category-vie-scolaire"],"yoast_head":"<!-- This site is optimized with the Yoast SEO plugin v27.5 - https:\/\/yoast.com\/product\/yoast-seo-wordpress\/ -->\n<title>CORONAVIRUS - COVID 19 ? Et l&#039;\u00e9cole dans tout cela ? - \u2728 Coll\u00e8ge Christiane EDA-PIERRE \u2728<\/title>\n<meta name=\"robots\" content=\"index, follow, max-snippet:-1, max-image-preview:large, max-video-preview:-1\" \/>\n<link rel=\"canonical\" href=\"https:\/\/site.ac-martinique.fr\/clg-edapierre\/?p=1063\" \/>\n<meta property=\"og:locale\" content=\"fr_FR\" \/>\n<meta property=\"og:type\" content=\"article\" \/>\n<meta property=\"og:title\" content=\"CORONAVIRUS - COVID 19 ? Et l&#039;\u00e9cole dans tout cela ? - \u2728 Coll\u00e8ge Christiane EDA-PIERRE \u2728\" \/>\n<meta property=\"og:description\" content=\"Compte tenu des communiqu\u00e9s transmis par les autorit\u00e9s comp\u00e9tentes concernant le COVID-19 et aussi des restrictions en vigueur, le\u00a0Coll\u00e8ge Christiane &hellip; Lire la suite... &quot;CORONAVIRUS &#8211; COVID 19 ? Et l&#8217;\u00e9cole dans tout cela ?&quot;\" \/>\n<meta property=\"og:url\" content=\"https:\/\/site.ac-martinique.fr\/clg-edapierre\/?p=1063\" \/>\n<meta property=\"og:site_name\" content=\"\u2728 Coll\u00e8ge Christiane EDA-PIERRE \u2728\" \/>\n<meta property=\"article:published_time\" content=\"2020-03-17T17:17:46+00:00\" \/>\n<meta property=\"article:modified_time\" content=\"2020-03-22T21:25:30+00:00\" \/>\n<meta name=\"author\" content=\"webmestre\" \/>\n<meta name=\"twitter:card\" content=\"summary_large_image\" \/>\n<meta name=\"twitter:label1\" content=\"\u00c9crit par\" \/>\n\t<meta name=\"twitter:data1\" content=\"webmestre\" \/>\n<script type=\"application\/ld+json\" class=\"yoast-schema-graph\">{\"@context\":\"https:\\\/\\\/schema.org\",\"@graph\":[{\"@type\":\"Article\",\"@id\":\"https:\\\/\\\/site.ac-martinique.fr\\\/clg-edapierre\\\/?p=1063#article\",\"isPartOf\":{\"@id\":\"https:\\\/\\\/site.ac-martinique.fr\\\/clg-edapierre\\\/?p=1063\"},\"author\":{\"name\":\"webmestre\",\"@id\":\"https:\\\/\\\/site.ac-martinique.fr\\\/clg-edapierre\\\/#\\\/schema\\\/person\\\/8b3e8100616d089049492ea4356f2bdb\"},\"headline\":\"CORONAVIRUS &#8211; COVID 19 ? Et l&#8217;\u00e9cole dans tout cela ?\",\"datePublished\":\"2020-03-17T17:17:46+00:00\",\"dateModified\":\"2020-03-22T21:25:30+00:00\",\"mainEntityOfPage\":{\"@id\":\"https:\\\/\\\/site.ac-martinique.fr\\\/clg-edapierre\\\/?p=1063\"},\"wordCount\":107,\"articleSection\":[\"Direction\",\"Information\",\"Vie scolaire\"],\"inLanguage\":\"fr-FR\"},{\"@type\":\"WebPage\",\"@id\":\"https:\\\/\\\/site.ac-martinique.fr\\\/clg-edapierre\\\/?p=1063\",\"url\":\"https:\\\/\\\/site.ac-martinique.fr\\\/clg-edapierre\\\/?p=1063\",\"name\":\"CORONAVIRUS - COVID 19 ? Et l'\u00e9cole dans tout cela ? - \u2728 Coll\u00e8ge Christiane EDA-PIERRE \u2728\",\"isPartOf\":{\"@id\":\"https:\\\/\\\/site.ac-martinique.fr\\\/clg-edapierre\\\/#website\"},\"datePublished\":\"2020-03-17T17:17:46+00:00\",\"dateModified\":\"2020-03-22T21:25:30+00:00\",\"author\":{\"@id\":\"https:\\\/\\\/site.ac-martinique.fr\\\/clg-edapierre\\\/#\\\/schema\\\/person\\\/8b3e8100616d089049492ea4356f2bdb\"},\"breadcrumb\":{\"@id\":\"https:\\\/\\\/site.ac-martinique.fr\\\/clg-edapierre\\\/?p=1063#breadcrumb\"},\"inLanguage\":\"fr-FR\",\"potentialAction\":[{\"@type\":\"ReadAction\",\"target\":[\"https:\\\/\\\/site.ac-martinique.fr\\\/clg-edapierre\\\/?p=1063\"]}]},{\"@type\":\"BreadcrumbList\",\"@id\":\"https:\\\/\\\/site.ac-martinique.fr\\\/clg-edapierre\\\/?p=1063#breadcrumb\",\"itemListElement\":[{\"@type\":\"ListItem\",\"position\":1,\"name\":\"Accueil\",\"item\":\"https:\\\/\\\/site.ac-martinique.fr\\\/clg-edapierre\"},{\"@type\":\"ListItem\",\"position\":2,\"name\":\"CORONAVIRUS &#8211; COVID 19 ? Et l&#8217;\u00e9cole dans tout cela ?\"}]},{\"@type\":\"WebSite\",\"@id\":\"https:\\\/\\\/site.ac-martinique.fr\\\/clg-edapierre\\\/#website\",\"url\":\"https:\\\/\\\/site.ac-martinique.fr\\\/clg-edapierre\\\/\",\"name\":\"\u2728 Coll\u00e8ge Christiane EDA-PIERRE \u2728\",\"description\":\"\",\"potentialAction\":[{\"@type\":\"SearchAction\",\"target\":{\"@type\":\"EntryPoint\",\"urlTemplate\":\"https:\\\/\\\/site.ac-martinique.fr\\\/clg-edapierre\\\/?s={search_term_string}\"},\"query-input\":{\"@type\":\"PropertyValueSpecification\",\"valueRequired\":true,\"valueName\":\"search_term_string\"}}],\"inLanguage\":\"fr-FR\"},{\"@type\":\"Person\",\"@id\":\"https:\\\/\\\/site.ac-martinique.fr\\\/clg-edapierre\\\/#\\\/schema\\\/person\\\/8b3e8100616d089049492ea4356f2bdb\",\"name\":\"webmestre\",\"image\":{\"@type\":\"ImageObject\",\"inLanguage\":\"fr-FR\",\"@id\":\"https:\\\/\\\/secure.gravatar.com\\\/avatar\\\/?s=96&d=mm&r=g23494c9101089ad44ae88ce9d2f56aac\",\"url\":\"https:\\\/\\\/secure.gravatar.com\\\/avatar\\\/?s=96&d=mm&r=g\",\"contentUrl\":\"https:\\\/\\\/secure.gravatar.com\\\/avatar\\\/?s=96&d=mm&r=g\",\"caption\":\"webmestre\"},\"url\":\"https:\\\/\\\/site.ac-martinique.fr\\\/clg-edapierre\\\/?author=127\"}]}<\/script>\n<!-- \/ Yoast SEO plugin. -->","yoast_head_json":{"title":"CORONAVIRUS - COVID 19 ? Et l'\u00e9cole dans tout cela ? - \u2728 Coll\u00e8ge Christiane EDA-PIERRE \u2728","robots":{"index":"index","follow":"follow","max-snippet":"max-snippet:-1","max-image-preview":"max-image-preview:large","max-video-preview":"max-video-preview:-1"},"canonical":"https:\/\/site.ac-martinique.fr\/clg-edapierre\/?p=1063","og_locale":"fr_FR","og_type":"article","og_title":"CORONAVIRUS - COVID 19 ? Et l'\u00e9cole dans tout cela ? - \u2728 Coll\u00e8ge Christiane EDA-PIERRE \u2728","og_description":"Compte tenu des communiqu\u00e9s transmis par les autorit\u00e9s comp\u00e9tentes concernant le COVID-19 et aussi des restrictions en vigueur, le\u00a0Coll\u00e8ge Christiane &hellip; Lire la suite... \"CORONAVIRUS &#8211; COVID 19 ? Et l&#8217;\u00e9cole dans tout cela ?\"","og_url":"https:\/\/site.ac-martinique.fr\/clg-edapierre\/?p=1063","og_site_name":"\u2728 Coll\u00e8ge Christiane EDA-PIERRE \u2728","article_published_time":"2020-03-17T17:17:46+00:00","article_modified_time":"2020-03-22T21:25:30+00:00","author":"webmestre","twitter_card":"summary_large_image","twitter_misc":{"\u00c9crit par":"webmestre"},"schema":{"@context":"https:\/\/schema.org","@graph":[{"@type":"Article","@id":"https:\/\/site.ac-martinique.fr\/clg-edapierre\/?p=1063#article","isPartOf":{"@id":"https:\/\/site.ac-martinique.fr\/clg-edapierre\/?p=1063"},"author":{"name":"webmestre","@id":"https:\/\/site.ac-martinique.fr\/clg-edapierre\/#\/schema\/person\/8b3e8100616d089049492ea4356f2bdb"},"headline":"CORONAVIRUS &#8211; COVID 19 ? Et l&#8217;\u00e9cole dans tout cela ?","datePublished":"2020-03-17T17:17:46+00:00","dateModified":"2020-03-22T21:25:30+00:00","mainEntityOfPage":{"@id":"https:\/\/site.ac-martinique.fr\/clg-edapierre\/?p=1063"},"wordCount":107,"articleSection":["Direction","Information","Vie scolaire"],"inLanguage":"fr-FR"},{"@type":"WebPage","@id":"https:\/\/site.ac-martinique.fr\/clg-edapierre\/?p=1063","url":"https:\/\/site.ac-martinique.fr\/clg-edapierre\/?p=1063","name":"CORONAVIRUS - COVID 19 ? Et l'\u00e9cole dans tout cela ? - \u2728 Coll\u00e8ge Christiane EDA-PIERRE \u2728","isPartOf":{"@id":"https:\/\/site.ac-martinique.fr\/clg-edapierre\/#website"},"datePublished":"2020-03-17T17:17:46+00:00","dateModified":"2020-03-22T21:25:30+00:00","author":{"@id":"https:\/\/site.ac-martinique.fr\/clg-edapierre\/#\/schema\/person\/8b3e8100616d089049492ea4356f2bdb"},"breadcrumb":{"@id":"https:\/\/site.ac-martinique.fr\/clg-edapierre\/?p=1063#breadcrumb"},"inLanguage":"fr-FR","potentialAction":[{"@type":"ReadAction","target":["https:\/\/site.ac-martinique.fr\/clg-edapierre\/?p=1063"]}]},{"@type":"BreadcrumbList","@id":"https:\/\/site.ac-martinique.fr\/clg-edapierre\/?p=1063#breadcrumb","itemListElement":[{"@type":"ListItem","position":1,"name":"Accueil","item":"https:\/\/site.ac-martinique.fr\/clg-edapierre"},{"@type":"ListItem","position":2,"name":"CORONAVIRUS &#8211; COVID 19 ? Et l&#8217;\u00e9cole dans tout cela ?"}]},{"@type":"WebSite","@id":"https:\/\/site.ac-martinique.fr\/clg-edapierre\/#website","url":"https:\/\/site.ac-martinique.fr\/clg-edapierre\/","name":"\u2728 Coll\u00e8ge Christiane EDA-PIERRE \u2728","description":"","potentialAction":[{"@type":"SearchAction","target":{"@type":"EntryPoint","urlTemplate":"https:\/\/site.ac-martinique.fr\/clg-edapierre\/?s={search_term_string}"},"query-input":{"@type":"PropertyValueSpecification","valueRequired":true,"valueName":"search_term_string"}}],"inLanguage":"fr-FR"},{"@type":"Person","@id":"https:\/\/site.ac-martinique.fr\/clg-edapierre\/#\/schema\/person\/8b3e8100616d089049492ea4356f2bdb","name":"webmestre","image":{"@type":"ImageObject","inLanguage":"fr-FR","@id":"https:\/\/secure.gravatar.com\/avatar\/?s=96&d=mm&r=g23494c9101089ad44ae88ce9d2f56aac","url":"https:\/\/secure.gravatar.com\/avatar\/?s=96&d=mm&r=g","contentUrl":"https:\/\/secure.gravatar.com\/avatar\/?s=96&d=mm&r=g","caption":"webmestre"},"url":"https:\/\/site.ac-martinique.fr\/clg-edapierre\/?author=127"}]}},"uagb_featured_image_src":{"full":false,"thumbnail":false,"medium":false,"medium_large":false,"large":false,"1536x1536":false,"2048x2048":false,"smart-post-landscape":false,"smart-post-portrait":false,"lambadalite-featured-image":false,"lambadalite-thumbnail-avatar":false,"mailpoet_newsletter_max":false},"uagb_author_info":{"display_name":"webmestre","author_link":"https:\/\/site.ac-martinique.fr\/clg-edapierre\/?author=127"},"uagb_comment_info":0,"uagb_excerpt":"Compte tenu des communiqu\u00e9s transmis par les autorit\u00e9s comp\u00e9tentes concernant le COVID-19 et aussi des restrictions en vigueur, le\u00a0Coll\u00e8ge Christiane &hellip; Lire la suite... \"CORONAVIRUS &#8211; COVID 19 ? Et l&#8217;\u00e9cole dans tout cela ?\"","publishpress_future_action":{"enabled":false,"date":"2026-05-09 06:19:09","action":"change-status","newStatus":"draft","terms":[],"taxonomy":"category","extraData":[]},"publishpress_future_workflow_manual_trigger":{"enabledWorkflows":[]},"authors":[{"term_id":42,"user_id":127,"is_guest":0,"slug":"web0016k","display_name":"webmestre","avatar_url":"https:\/\/secure.gravatar.com\/avatar\/?s=96&d=mm&r=g","0":null,"1":"","2":"","3":"","4":"","5":"","6":"","7":"","8":""}],"amp_enabled":true,"_links":{"self":[{"href":"https:\/\/site.ac-martinique.fr\/clg-edapierre\/index.php?rest_route=\/wp\/v2\/posts\/1063","targetHints":{"allow":["GET"]}}],"collection":[{"href":"https:\/\/site.ac-martinique.fr\/clg-edapierre\/index.php?rest_route=\/wp\/v2\/posts"}],"about":[{"href":"https:\/\/site.ac-martinique.fr\/clg-edapierre\/index.php?rest_route=\/wp\/v2\/types\/post"}],"author":[{"embeddable":true,"href":"https:\/\/site.ac-martinique.fr\/clg-edapierre\/index.php?rest_route=\/wp\/v2\/users\/127"}],"replies":[{"embeddable":true,"href":"https:\/\/site.ac-martinique.fr\/clg-edapierre\/index.php?rest_route=%2Fwp%2Fv2%2Fcomments&post=1063"}],"version-history":[{"count":12,"href":"https:\/\/site.ac-martinique.fr\/clg-edapierre\/index.php?rest_route=\/wp\/v2\/posts\/1063\/revisions"}],"predecessor-version":[{"id":1376,"href":"https:\/\/site.ac-martinique.fr\/clg-edapierre\/index.php?rest_route=\/wp\/v2\/posts\/1063\/revisions\/1376"}],"wp:attachment":[{"href":"https:\/\/site.ac-martinique.fr\/clg-edapierre\/index.php?rest_route=%2Fwp%2Fv2%2Fmedia&parent=1063"}],"wp:term":[{"taxonomy":"category","embeddable":true,"href":"https:\/\/site.ac-martinique.fr\/clg-edapierre\/index.php?rest_route=%2Fwp%2Fv2%2Fcategories&post=1063"},{"taxonomy":"post_tag","embeddable":true,"href":"https:\/\/site.ac-martinique.fr\/clg-edapierre\/index.php?rest_route=%2Fwp%2Fv2%2Ftags&post=1063"},{"taxonomy":"author","embeddable":true,"href":"https:\/\/site.ac-martinique.fr\/clg-edapierre\/index.php?rest_route=%2Fwp%2Fv2%2Fppma_author&post=1063"}],"curies":[{"name":"wp","href":"https:\/\/api.w.org\/{rel}","templated":true}]}}