{"id":2302,"date":"2023-10-17T17:20:12","date_gmt":"2023-10-17T18:20:12","guid":{"rendered":"https:\/\/site.ac-martinique.fr\/clg-edapierre\/?p=2302"},"modified":"2023-10-17T17:20:12","modified_gmt":"2023-10-17T18:20:12","slug":"24e-operation-pays-propre-laction-ecocitoyenne-de-60-eleves-du-college-eda-pierre","status":"publish","type":"post","link":"https:\/\/site.ac-martinique.fr\/clg-edapierre\/?p=2302","title":{"rendered":"24e Op\u00e9ration Pays Propre : L\u2019action \u00e9cocitoyenne de 60 \u00e9l\u00e8ves du coll\u00e8ge EDA-PIERRE"},"content":{"rendered":"\n<p>Vendredi 13 octobre 2023, les \u00e9l\u00e8ves de 6e et de 5e, ainsi que les \u00e9co d\u00e9l\u00e9gu\u00e9s de 4e et de 3e, ont particip\u00e9 \u00e0 cette action organis\u00e9e par l&#8217;association Entreprises &amp;Environnement.<\/p>\n\n\n\n<p><br><strong><u>Objectif de la matin\u00e9e<\/u>\u00a0<\/strong>:<\/p>\n\n\n\n<p>Sensibiliser les enfants \u00e0 la n\u00e9cessit\u00e9 de pr\u00e9server et prot\u00e9ger leur environnement naturel et les rendre acteurs par le nettoyage d&#8217;une plage : celle de l&#8217;anse Charpentier, lieu de ponte des tortues imbriqu\u00e9es et des tortues Luth.<\/p>\n\n\n\n<p><br>Patients et investis, ils ont ramass\u00e9 et tri\u00e9 plastiques, polystyr\u00e8ne, mais aussi ferrailles et verres et ont ainsi contribu\u00e9 \u00e0 rendre ce site magnifique plus propre et moins dangereux pour les tortues et leur prog\u00e9niture.<\/p>\n\n\n\n<p>Sandrine Spreder<\/p>\n\n\n\n<figure class=\"wp-block-image size-large\"><a href=\"https:\/\/site.ac-martinique.fr\/clg-edapierre\/wp-content\/uploads\/sites\/54\/2023\/10\/ZA.jpg\"><img fetchpriority=\"high\" decoding=\"async\" width=\"1024\" height=\"472\" src=\"https:\/\/site.ac-martinique.fr\/clg-edapierre\/wp-content\/uploads\/sites\/54\/2023\/10\/ZA-1024x472.jpg\" alt=\"\" class=\"wp-image-2303\" srcset=\"https:\/\/site.ac-martinique.fr\/clg-edapierre\/wp-content\/uploads\/sites\/54\/2023\/10\/ZA-1024x472.jpg 1024w, https:\/\/site.ac-martinique.fr\/clg-edapierre\/wp-content\/uploads\/sites\/54\/2023\/10\/ZA-300x138.jpg 300w, https:\/\/site.ac-martinique.fr\/clg-edapierre\/wp-content\/uploads\/sites\/54\/2023\/10\/ZA-768x354.jpg 768w, https:\/\/site.ac-martinique.fr\/clg-edapierre\/wp-content\/uploads\/sites\/54\/2023\/10\/ZA-624x288.jpg 624w, https:\/\/site.ac-martinique.fr\/clg-edapierre\/wp-content\/uploads\/sites\/54\/2023\/10\/ZA.jpg 1169w\" sizes=\"(max-width: 767px) 89vw, (max-width: 1000px) 54vw, (max-width: 1071px) 543px, 580px\" \/><\/a><\/figure>\n\n\n\n<figure class=\"wp-block-image size-large\"><a href=\"https:\/\/site.ac-martinique.fr\/clg-edapierre\/wp-content\/uploads\/sites\/54\/2023\/10\/DD.jpg\"><img decoding=\"async\" width=\"1024\" height=\"472\" src=\"https:\/\/site.ac-martinique.fr\/clg-edapierre\/wp-content\/uploads\/sites\/54\/2023\/10\/DD-1024x472.jpg\" alt=\"\" class=\"wp-image-2304\" srcset=\"https:\/\/site.ac-martinique.fr\/clg-edapierre\/wp-content\/uploads\/sites\/54\/2023\/10\/DD-1024x472.jpg 1024w, https:\/\/site.ac-martinique.fr\/clg-edapierre\/wp-content\/uploads\/sites\/54\/2023\/10\/DD-300x138.jpg 300w, https:\/\/site.ac-martinique.fr\/clg-edapierre\/wp-content\/uploads\/sites\/54\/2023\/10\/DD-768x354.jpg 768w, https:\/\/site.ac-martinique.fr\/clg-edapierre\/wp-content\/uploads\/sites\/54\/2023\/10\/DD-1536x708.jpg 1536w, https:\/\/site.ac-martinique.fr\/clg-edapierre\/wp-content\/uploads\/sites\/54\/2023\/10\/DD-624x287.jpg 624w, https:\/\/site.ac-martinique.fr\/clg-edapierre\/wp-content\/uploads\/sites\/54\/2023\/10\/DD.jpg 1600w\" sizes=\"(max-width: 767px) 89vw, (max-width: 1000px) 54vw, (max-width: 1071px) 543px, 580px\" \/><\/a><\/figure>\n\n\n\n<figure class=\"wp-block-image size-large\"><a href=\"https:\/\/site.ac-martinique.fr\/clg-edapierre\/wp-content\/uploads\/sites\/54\/2023\/10\/RH.jpg\"><img decoding=\"async\" width=\"472\" height=\"1024\" src=\"https:\/\/site.ac-martinique.fr\/clg-edapierre\/wp-content\/uploads\/sites\/54\/2023\/10\/RH-472x1024.jpg\" alt=\"\" class=\"wp-image-2305\" srcset=\"https:\/\/site.ac-martinique.fr\/clg-edapierre\/wp-content\/uploads\/sites\/54\/2023\/10\/RH-472x1024.jpg 472w, https:\/\/site.ac-martinique.fr\/clg-edapierre\/wp-content\/uploads\/sites\/54\/2023\/10\/RH-138x300.jpg 138w, https:\/\/site.ac-martinique.fr\/clg-edapierre\/wp-content\/uploads\/sites\/54\/2023\/10\/RH-708x1536.jpg 708w, https:\/\/site.ac-martinique.fr\/clg-edapierre\/wp-content\/uploads\/sites\/54\/2023\/10\/RH-624x1355.jpg 624w, https:\/\/site.ac-martinique.fr\/clg-edapierre\/wp-content\/uploads\/sites\/54\/2023\/10\/RH.jpg 737w\" sizes=\"(max-width: 472px) 100vw, 472px\" \/><\/a><\/figure>\n","protected":false},"excerpt":{"rendered":"<p>Vendredi 13 octobre 2023, les \u00e9l\u00e8ves de 6e et de 5e, ainsi que les \u00e9co d\u00e9l\u00e9gu\u00e9s de 4e et de &hellip; <\/p>\n<p class=\"link-more\"><a href=\"https:\/\/site.ac-martinique.fr\/clg-edapierre\/?p=2302\" class=\"more-link\">Lire la suite&#8230;<span class=\"screen-reader-text\"> &#8220;24e Op\u00e9ration Pays Propre : L\u2019action \u00e9cocitoyenne de 60 \u00e9l\u00e8ves du coll\u00e8ge EDA-PIERRE&#8221;<\/span><\/a><\/p>\n","protected":false},"author":127,"featured_media":0,"comment_status":"closed","ping_status":"open","sticky":false,"template":"","format":"standard","meta":{"pagelayer_contact_templates":[],"_pagelayer_content":"","_uag_custom_page_level_css":"","episode_type":"","audio_file":"","podmotor_file_id":"","podmotor_episode_id":"","cover_image":"","cover_image_id":"","duration":"","filesize":"","filesize_raw":"","date_recorded":"","explicit":"","block":"","itunes_episode_number":"","itunes_title":"","itunes_season_number":"","itunes_episode_type":"","_themeisle_gutenberg_block_has_review":false,"footnotes":"","_links_to":"","_links_to_target":""},"categories":[29],"tags":[],"ppma_author":[42],"class_list":["post-2302","post","type-post","status-publish","format-standard","hentry","category-information"],"yoast_head":"<!-- This site is optimized with the Yoast SEO plugin v27.5 - https:\/\/yoast.com\/product\/yoast-seo-wordpress\/ -->\n<title>24e Op\u00e9ration Pays Propre : L\u2019action \u00e9cocitoyenne de 60 \u00e9l\u00e8ves du coll\u00e8ge EDA-PIERRE - \u2728 Coll\u00e8ge Christiane EDA-PIERRE \u2728<\/title>\n<meta name=\"robots\" content=\"index, follow, max-snippet:-1, max-image-preview:large, max-video-preview:-1\" \/>\n<link rel=\"canonical\" href=\"https:\/\/site.ac-martinique.fr\/clg-edapierre\/?p=2302\" \/>\n<meta property=\"og:locale\" content=\"fr_FR\" \/>\n<meta property=\"og:type\" content=\"article\" \/>\n<meta property=\"og:title\" content=\"24e Op\u00e9ration Pays Propre : L\u2019action \u00e9cocitoyenne de 60 \u00e9l\u00e8ves du coll\u00e8ge EDA-PIERRE - \u2728 Coll\u00e8ge Christiane EDA-PIERRE \u2728\" \/>\n<meta property=\"og:description\" content=\"Vendredi 13 octobre 2023, les \u00e9l\u00e8ves de 6e et de 5e, ainsi que les \u00e9co d\u00e9l\u00e9gu\u00e9s de 4e et de &hellip; Lire la suite... &quot;24e Op\u00e9ration Pays Propre : L\u2019action \u00e9cocitoyenne de 60 \u00e9l\u00e8ves du coll\u00e8ge EDA-PIERRE&quot;\" \/>\n<meta property=\"og:url\" content=\"https:\/\/site.ac-martinique.fr\/clg-edapierre\/?p=2302\" \/>\n<meta property=\"og:site_name\" content=\"\u2728 Coll\u00e8ge Christiane EDA-PIERRE \u2728\" \/>\n<meta property=\"article:published_time\" content=\"2023-10-17T18:20:12+00:00\" \/>\n<meta property=\"og:image\" content=\"https:\/\/site.ac-martinique.fr\/clg-edapierre\/wp-content\/uploads\/sites\/54\/2023\/10\/ZA-1024x472.jpg\" \/>\n<meta name=\"author\" content=\"webmestre\" \/>\n<meta name=\"twitter:card\" content=\"summary_large_image\" \/>\n<meta name=\"twitter:label1\" content=\"\u00c9crit par\" \/>\n\t<meta name=\"twitter:data1\" content=\"webmestre\" \/>\n\t<meta name=\"twitter:label2\" content=\"Dur\u00e9e de lecture estim\u00e9e\" \/>\n\t<meta name=\"twitter:data2\" content=\"1 minute\" \/>\n<script type=\"application\/ld+json\" class=\"yoast-schema-graph\">{\"@context\":\"https:\\\/\\\/schema.org\",\"@graph\":[{\"@type\":\"Article\",\"@id\":\"https:\\\/\\\/site.ac-martinique.fr\\\/clg-edapierre\\\/?p=2302#article\",\"isPartOf\":{\"@id\":\"https:\\\/\\\/site.ac-martinique.fr\\\/clg-edapierre\\\/?p=2302\"},\"author\":{\"name\":\"webmestre\",\"@id\":\"https:\\\/\\\/site.ac-martinique.fr\\\/clg-edapierre\\\/#\\\/schema\\\/person\\\/8b3e8100616d089049492ea4356f2bdb\"},\"headline\":\"24e Op\u00e9ration Pays Propre : L\u2019action \u00e9cocitoyenne de 60 \u00e9l\u00e8ves du coll\u00e8ge EDA-PIERRE\",\"datePublished\":\"2023-10-17T18:20:12+00:00\",\"mainEntityOfPage\":{\"@id\":\"https:\\\/\\\/site.ac-martinique.fr\\\/clg-edapierre\\\/?p=2302\"},\"wordCount\":134,\"image\":{\"@id\":\"https:\\\/\\\/site.ac-martinique.fr\\\/clg-edapierre\\\/?p=2302#primaryimage\"},\"thumbnailUrl\":\"https:\\\/\\\/site.ac-martinique.fr\\\/clg-edapierre\\\/wp-content\\\/uploads\\\/sites\\\/54\\\/2023\\\/10\\\/ZA-1024x472.jpg\",\"articleSection\":[\"Information\"],\"inLanguage\":\"fr-FR\"},{\"@type\":\"WebPage\",\"@id\":\"https:\\\/\\\/site.ac-martinique.fr\\\/clg-edapierre\\\/?p=2302\",\"url\":\"https:\\\/\\\/site.ac-martinique.fr\\\/clg-edapierre\\\/?p=2302\",\"name\":\"24e Op\u00e9ration Pays Propre : L\u2019action \u00e9cocitoyenne de 60 \u00e9l\u00e8ves du coll\u00e8ge EDA-PIERRE - \u2728 Coll\u00e8ge Christiane EDA-PIERRE \u2728\",\"isPartOf\":{\"@id\":\"https:\\\/\\\/site.ac-martinique.fr\\\/clg-edapierre\\\/#website\"},\"primaryImageOfPage\":{\"@id\":\"https:\\\/\\\/site.ac-martinique.fr\\\/clg-edapierre\\\/?p=2302#primaryimage\"},\"image\":{\"@id\":\"https:\\\/\\\/site.ac-martinique.fr\\\/clg-edapierre\\\/?p=2302#primaryimage\"},\"thumbnailUrl\":\"https:\\\/\\\/site.ac-martinique.fr\\\/clg-edapierre\\\/wp-content\\\/uploads\\\/sites\\\/54\\\/2023\\\/10\\\/ZA-1024x472.jpg\",\"datePublished\":\"2023-10-17T18:20:12+00:00\",\"author\":{\"@id\":\"https:\\\/\\\/site.ac-martinique.fr\\\/clg-edapierre\\\/#\\\/schema\\\/person\\\/8b3e8100616d089049492ea4356f2bdb\"},\"breadcrumb\":{\"@id\":\"https:\\\/\\\/site.ac-martinique.fr\\\/clg-edapierre\\\/?p=2302#breadcrumb\"},\"inLanguage\":\"fr-FR\",\"potentialAction\":[{\"@type\":\"ReadAction\",\"target\":[\"https:\\\/\\\/site.ac-martinique.fr\\\/clg-edapierre\\\/?p=2302\"]}]},{\"@type\":\"ImageObject\",\"inLanguage\":\"fr-FR\",\"@id\":\"https:\\\/\\\/site.ac-martinique.fr\\\/clg-edapierre\\\/?p=2302#primaryimage\",\"url\":\"https:\\\/\\\/site.ac-martinique.fr\\\/clg-edapierre\\\/wp-content\\\/uploads\\\/sites\\\/54\\\/2023\\\/10\\\/ZA.jpg\",\"contentUrl\":\"https:\\\/\\\/site.ac-martinique.fr\\\/clg-edapierre\\\/wp-content\\\/uploads\\\/sites\\\/54\\\/2023\\\/10\\\/ZA.jpg\",\"width\":1169,\"height\":539},{\"@type\":\"BreadcrumbList\",\"@id\":\"https:\\\/\\\/site.ac-martinique.fr\\\/clg-edapierre\\\/?p=2302#breadcrumb\",\"itemListElement\":[{\"@type\":\"ListItem\",\"position\":1,\"name\":\"Accueil\",\"item\":\"https:\\\/\\\/site.ac-martinique.fr\\\/clg-edapierre\"},{\"@type\":\"ListItem\",\"position\":2,\"name\":\"24e Op\u00e9ration Pays Propre : L\u2019action \u00e9cocitoyenne de 60 \u00e9l\u00e8ves du coll\u00e8ge EDA-PIERRE\"}]},{\"@type\":\"WebSite\",\"@id\":\"https:\\\/\\\/site.ac-martinique.fr\\\/clg-edapierre\\\/#website\",\"url\":\"https:\\\/\\\/site.ac-martinique.fr\\\/clg-edapierre\\\/\",\"name\":\"\u2728 Coll\u00e8ge Christiane EDA-PIERRE \u2728\",\"description\":\"\",\"potentialAction\":[{\"@type\":\"SearchAction\",\"target\":{\"@type\":\"EntryPoint\",\"urlTemplate\":\"https:\\\/\\\/site.ac-martinique.fr\\\/clg-edapierre\\\/?s={search_term_string}\"},\"query-input\":{\"@type\":\"PropertyValueSpecification\",\"valueRequired\":true,\"valueName\":\"search_term_string\"}}],\"inLanguage\":\"fr-FR\"},{\"@type\":\"Person\",\"@id\":\"https:\\\/\\\/site.ac-martinique.fr\\\/clg-edapierre\\\/#\\\/schema\\\/person\\\/8b3e8100616d089049492ea4356f2bdb\",\"name\":\"webmestre\",\"image\":{\"@type\":\"ImageObject\",\"inLanguage\":\"fr-FR\",\"@id\":\"https:\\\/\\\/secure.gravatar.com\\\/avatar\\\/?s=96&d=mm&r=g23494c9101089ad44ae88ce9d2f56aac\",\"url\":\"https:\\\/\\\/secure.gravatar.com\\\/avatar\\\/?s=96&d=mm&r=g\",\"contentUrl\":\"https:\\\/\\\/secure.gravatar.com\\\/avatar\\\/?s=96&d=mm&r=g\",\"caption\":\"webmestre\"},\"url\":\"https:\\\/\\\/site.ac-martinique.fr\\\/clg-edapierre\\\/?author=127\"}]}<\/script>\n<!-- \/ Yoast SEO plugin. -->","yoast_head_json":{"title":"24e Op\u00e9ration Pays Propre : L\u2019action \u00e9cocitoyenne de 60 \u00e9l\u00e8ves du coll\u00e8ge EDA-PIERRE - \u2728 Coll\u00e8ge Christiane EDA-PIERRE \u2728","robots":{"index":"index","follow":"follow","max-snippet":"max-snippet:-1","max-image-preview":"max-image-preview:large","max-video-preview":"max-video-preview:-1"},"canonical":"https:\/\/site.ac-martinique.fr\/clg-edapierre\/?p=2302","og_locale":"fr_FR","og_type":"article","og_title":"24e Op\u00e9ration Pays Propre : L\u2019action \u00e9cocitoyenne de 60 \u00e9l\u00e8ves du coll\u00e8ge EDA-PIERRE - \u2728 Coll\u00e8ge Christiane EDA-PIERRE \u2728","og_description":"Vendredi 13 octobre 2023, les \u00e9l\u00e8ves de 6e et de 5e, ainsi que les \u00e9co d\u00e9l\u00e9gu\u00e9s de 4e et de &hellip; Lire la suite... \"24e Op\u00e9ration Pays Propre : L\u2019action \u00e9cocitoyenne de 60 \u00e9l\u00e8ves du coll\u00e8ge EDA-PIERRE\"","og_url":"https:\/\/site.ac-martinique.fr\/clg-edapierre\/?p=2302","og_site_name":"\u2728 Coll\u00e8ge Christiane EDA-PIERRE \u2728","article_published_time":"2023-10-17T18:20:12+00:00","og_image":[{"url":"https:\/\/site.ac-martinique.fr\/clg-edapierre\/wp-content\/uploads\/sites\/54\/2023\/10\/ZA-1024x472.jpg","type":"","width":"","height":""}],"author":"webmestre","twitter_card":"summary_large_image","twitter_misc":{"\u00c9crit par":"webmestre","Dur\u00e9e de lecture estim\u00e9e":"1 minute"},"schema":{"@context":"https:\/\/schema.org","@graph":[{"@type":"Article","@id":"https:\/\/site.ac-martinique.fr\/clg-edapierre\/?p=2302#article","isPartOf":{"@id":"https:\/\/site.ac-martinique.fr\/clg-edapierre\/?p=2302"},"author":{"name":"webmestre","@id":"https:\/\/site.ac-martinique.fr\/clg-edapierre\/#\/schema\/person\/8b3e8100616d089049492ea4356f2bdb"},"headline":"24e Op\u00e9ration Pays Propre : L\u2019action \u00e9cocitoyenne de 60 \u00e9l\u00e8ves du coll\u00e8ge EDA-PIERRE","datePublished":"2023-10-17T18:20:12+00:00","mainEntityOfPage":{"@id":"https:\/\/site.ac-martinique.fr\/clg-edapierre\/?p=2302"},"wordCount":134,"image":{"@id":"https:\/\/site.ac-martinique.fr\/clg-edapierre\/?p=2302#primaryimage"},"thumbnailUrl":"https:\/\/site.ac-martinique.fr\/clg-edapierre\/wp-content\/uploads\/sites\/54\/2023\/10\/ZA-1024x472.jpg","articleSection":["Information"],"inLanguage":"fr-FR"},{"@type":"WebPage","@id":"https:\/\/site.ac-martinique.fr\/clg-edapierre\/?p=2302","url":"https:\/\/site.ac-martinique.fr\/clg-edapierre\/?p=2302","name":"24e Op\u00e9ration Pays Propre : L\u2019action \u00e9cocitoyenne de 60 \u00e9l\u00e8ves du coll\u00e8ge EDA-PIERRE - \u2728 Coll\u00e8ge Christiane EDA-PIERRE \u2728","isPartOf":{"@id":"https:\/\/site.ac-martinique.fr\/clg-edapierre\/#website"},"primaryImageOfPage":{"@id":"https:\/\/site.ac-martinique.fr\/clg-edapierre\/?p=2302#primaryimage"},"image":{"@id":"https:\/\/site.ac-martinique.fr\/clg-edapierre\/?p=2302#primaryimage"},"thumbnailUrl":"https:\/\/site.ac-martinique.fr\/clg-edapierre\/wp-content\/uploads\/sites\/54\/2023\/10\/ZA-1024x472.jpg","datePublished":"2023-10-17T18:20:12+00:00","author":{"@id":"https:\/\/site.ac-martinique.fr\/clg-edapierre\/#\/schema\/person\/8b3e8100616d089049492ea4356f2bdb"},"breadcrumb":{"@id":"https:\/\/site.ac-martinique.fr\/clg-edapierre\/?p=2302#breadcrumb"},"inLanguage":"fr-FR","potentialAction":[{"@type":"ReadAction","target":["https:\/\/site.ac-martinique.fr\/clg-edapierre\/?p=2302"]}]},{"@type":"ImageObject","inLanguage":"fr-FR","@id":"https:\/\/site.ac-martinique.fr\/clg-edapierre\/?p=2302#primaryimage","url":"https:\/\/site.ac-martinique.fr\/clg-edapierre\/wp-content\/uploads\/sites\/54\/2023\/10\/ZA.jpg","contentUrl":"https:\/\/site.ac-martinique.fr\/clg-edapierre\/wp-content\/uploads\/sites\/54\/2023\/10\/ZA.jpg","width":1169,"height":539},{"@type":"BreadcrumbList","@id":"https:\/\/site.ac-martinique.fr\/clg-edapierre\/?p=2302#breadcrumb","itemListElement":[{"@type":"ListItem","position":1,"name":"Accueil","item":"https:\/\/site.ac-martinique.fr\/clg-edapierre"},{"@type":"ListItem","position":2,"name":"24e Op\u00e9ration Pays Propre : L\u2019action \u00e9cocitoyenne de 60 \u00e9l\u00e8ves du coll\u00e8ge EDA-PIERRE"}]},{"@type":"WebSite","@id":"https:\/\/site.ac-martinique.fr\/clg-edapierre\/#website","url":"https:\/\/site.ac-martinique.fr\/clg-edapierre\/","name":"\u2728 Coll\u00e8ge Christiane EDA-PIERRE \u2728","description":"","potentialAction":[{"@type":"SearchAction","target":{"@type":"EntryPoint","urlTemplate":"https:\/\/site.ac-martinique.fr\/clg-edapierre\/?s={search_term_string}"},"query-input":{"@type":"PropertyValueSpecification","valueRequired":true,"valueName":"search_term_string"}}],"inLanguage":"fr-FR"},{"@type":"Person","@id":"https:\/\/site.ac-martinique.fr\/clg-edapierre\/#\/schema\/person\/8b3e8100616d089049492ea4356f2bdb","name":"webmestre","image":{"@type":"ImageObject","inLanguage":"fr-FR","@id":"https:\/\/secure.gravatar.com\/avatar\/?s=96&d=mm&r=g23494c9101089ad44ae88ce9d2f56aac","url":"https:\/\/secure.gravatar.com\/avatar\/?s=96&d=mm&r=g","contentUrl":"https:\/\/secure.gravatar.com\/avatar\/?s=96&d=mm&r=g","caption":"webmestre"},"url":"https:\/\/site.ac-martinique.fr\/clg-edapierre\/?author=127"}]}},"uagb_featured_image_src":{"full":false,"thumbnail":false,"medium":false,"medium_large":false,"large":false,"1536x1536":false,"2048x2048":false,"smart-post-landscape":false,"smart-post-portrait":false,"lambadalite-featured-image":false,"lambadalite-thumbnail-avatar":false,"mailpoet_newsletter_max":false},"uagb_author_info":{"display_name":"webmestre","author_link":"https:\/\/site.ac-martinique.fr\/clg-edapierre\/?author=127"},"uagb_comment_info":0,"uagb_excerpt":"Vendredi 13 octobre 2023, les \u00e9l\u00e8ves de 6e et de 5e, ainsi que les \u00e9co d\u00e9l\u00e9gu\u00e9s de 4e et de &hellip; Lire la suite... \"24e Op\u00e9ration Pays Propre : L\u2019action \u00e9cocitoyenne de 60 \u00e9l\u00e8ves du coll\u00e8ge EDA-PIERRE\"","publishpress_future_action":{"enabled":false,"date":"2026-05-09 08:53:46","action":"change-status","newStatus":"draft","terms":[],"taxonomy":"category","extraData":[]},"publishpress_future_workflow_manual_trigger":{"enabledWorkflows":[]},"authors":[{"term_id":42,"user_id":127,"is_guest":0,"slug":"web0016k","display_name":"webmestre","avatar_url":"https:\/\/secure.gravatar.com\/avatar\/?s=96&d=mm&r=g","0":null,"1":"","2":"","3":"","4":"","5":"","6":"","7":"","8":""}],"amp_enabled":true,"_links":{"self":[{"href":"https:\/\/site.ac-martinique.fr\/clg-edapierre\/index.php?rest_route=\/wp\/v2\/posts\/2302","targetHints":{"allow":["GET"]}}],"collection":[{"href":"https:\/\/site.ac-martinique.fr\/clg-edapierre\/index.php?rest_route=\/wp\/v2\/posts"}],"about":[{"href":"https:\/\/site.ac-martinique.fr\/clg-edapierre\/index.php?rest_route=\/wp\/v2\/types\/post"}],"author":[{"embeddable":true,"href":"https:\/\/site.ac-martinique.fr\/clg-edapierre\/index.php?rest_route=\/wp\/v2\/users\/127"}],"replies":[{"embeddable":true,"href":"https:\/\/site.ac-martinique.fr\/clg-edapierre\/index.php?rest_route=%2Fwp%2Fv2%2Fcomments&post=2302"}],"version-history":[{"count":1,"href":"https:\/\/site.ac-martinique.fr\/clg-edapierre\/index.php?rest_route=\/wp\/v2\/posts\/2302\/revisions"}],"predecessor-version":[{"id":2306,"href":"https:\/\/site.ac-martinique.fr\/clg-edapierre\/index.php?rest_route=\/wp\/v2\/posts\/2302\/revisions\/2306"}],"wp:attachment":[{"href":"https:\/\/site.ac-martinique.fr\/clg-edapierre\/index.php?rest_route=%2Fwp%2Fv2%2Fmedia&parent=2302"}],"wp:term":[{"taxonomy":"category","embeddable":true,"href":"https:\/\/site.ac-martinique.fr\/clg-edapierre\/index.php?rest_route=%2Fwp%2Fv2%2Fcategories&post=2302"},{"taxonomy":"post_tag","embeddable":true,"href":"https:\/\/site.ac-martinique.fr\/clg-edapierre\/index.php?rest_route=%2Fwp%2Fv2%2Ftags&post=2302"},{"taxonomy":"author","embeddable":true,"href":"https:\/\/site.ac-martinique.fr\/clg-edapierre\/index.php?rest_route=%2Fwp%2Fv2%2Fppma_author&post=2302"}],"curies":[{"name":"wp","href":"https:\/\/api.w.org\/{rel}","templated":true}]}}