{"id":2307,"date":"2023-10-17T17:22:05","date_gmt":"2023-10-17T18:22:05","guid":{"rendered":"https:\/\/site.ac-martinique.fr\/clg-edapierre\/?p=2307"},"modified":"2023-10-17T17:22:05","modified_gmt":"2023-10-17T18:22:05","slug":"journee-dhommage-du-16-octobre-2023","status":"publish","type":"post","link":"https:\/\/site.ac-martinique.fr\/clg-edapierre\/?p=2307","title":{"rendered":"Journ\u00e9e d\u2019hommage du 16 octobre 2023\u00a0"},"content":{"rendered":"\n<p><strong><u>(Attentat du lyc\u00e9e Gambetta \u00e0 Arras)<\/u><\/strong><\/p>\n\n\n\n<p>Comme l\u2019avait pr\u00e9conis\u00e9 le ministre de l\u2019Education Nationale et de la jeunesse, un temps d\u2019\u00e9change a \u00e9t\u00e9 organis\u00e9 ce matin de 7h30 \u00e0 9h30 au coll\u00e8ge Christiane EDA-PIERRE.<\/p>\n\n\n\n<p>Les uns et les autres en ont profit\u00e9 pour exprimer leur ressenti au lendemain de ce nouvel assaut meurtrier contre l\u2019Ecole de la R\u00e9publique.<\/p>\n\n\n\n<p>\u00a0L\u2019accent a \u00e9t\u00e9 mis sur la pr\u00e9paration de la minute de silence pr\u00e9vue \u00e0 14 heures ainsi que sur les pistes d\u2019activit\u00e9s p\u00e9dagogiques visant \u00e0 garantir le \u00ab\u00a0Bien vivre ensemble\u00a0\u00bb \u00e0 l\u2019int\u00e9rieur de notre communaut\u00e9 \u00e9ducative.<\/p>\n\n\n\n<figure class=\"wp-block-image size-large\"><a href=\"https:\/\/site.ac-martinique.fr\/clg-edapierre\/wp-content\/uploads\/sites\/54\/2023\/10\/FE.jpg\"><img fetchpriority=\"high\" decoding=\"async\" width=\"1024\" height=\"771\" src=\"https:\/\/site.ac-martinique.fr\/clg-edapierre\/wp-content\/uploads\/sites\/54\/2023\/10\/FE-1024x771.jpg\" alt=\"\" class=\"wp-image-2308\" srcset=\"https:\/\/site.ac-martinique.fr\/clg-edapierre\/wp-content\/uploads\/sites\/54\/2023\/10\/FE-1024x771.jpg 1024w, https:\/\/site.ac-martinique.fr\/clg-edapierre\/wp-content\/uploads\/sites\/54\/2023\/10\/FE-300x226.jpg 300w, https:\/\/site.ac-martinique.fr\/clg-edapierre\/wp-content\/uploads\/sites\/54\/2023\/10\/FE-768x578.jpg 768w, https:\/\/site.ac-martinique.fr\/clg-edapierre\/wp-content\/uploads\/sites\/54\/2023\/10\/FE-624x470.jpg 624w, https:\/\/site.ac-martinique.fr\/clg-edapierre\/wp-content\/uploads\/sites\/54\/2023\/10\/FE.jpg 1130w\" sizes=\"(max-width: 767px) 89vw, (max-width: 1000px) 54vw, (max-width: 1071px) 543px, 580px\" \/><\/a><\/figure>\n\n\n\n<p>Seconde r\u00e9union de Mme Daniel, Chef d\u2019\u00e9tablissement, avec les coll\u00e8gues qui ont commenc\u00e9 \u00e0 8h30.<\/p>\n","protected":false},"excerpt":{"rendered":"<p>(Attentat du lyc\u00e9e Gambetta \u00e0 Arras) Comme l\u2019avait pr\u00e9conis\u00e9 le ministre de l\u2019Education Nationale et de la jeunesse, un temps &hellip; <\/p>\n<p class=\"link-more\"><a href=\"https:\/\/site.ac-martinique.fr\/clg-edapierre\/?p=2307\" class=\"more-link\">Lire la suite&#8230;<span class=\"screen-reader-text\"> &#8220;Journ\u00e9e d\u2019hommage du 16 octobre 2023\u00a0&#8220;<\/span><\/a><\/p>\n","protected":false},"author":127,"featured_media":0,"comment_status":"closed","ping_status":"open","sticky":false,"template":"","format":"standard","meta":{"pagelayer_contact_templates":[],"_pagelayer_content":"","_uag_custom_page_level_css":"","episode_type":"","audio_file":"","podmotor_file_id":"","podmotor_episode_id":"","cover_image":"","cover_image_id":"","duration":"","filesize":"","filesize_raw":"","date_recorded":"","explicit":"","block":"","itunes_episode_number":"","itunes_title":"","itunes_season_number":"","itunes_episode_type":"","_themeisle_gutenberg_block_has_review":false,"footnotes":"","_links_to":"","_links_to_target":""},"categories":[29],"tags":[],"ppma_author":[42],"class_list":["post-2307","post","type-post","status-publish","format-standard","hentry","category-information"],"yoast_head":"<!-- This site is optimized with the Yoast SEO plugin v27.5 - https:\/\/yoast.com\/product\/yoast-seo-wordpress\/ -->\n<title>Journ\u00e9e d\u2019hommage du 16 octobre 2023\u00a0 - \u2728 Coll\u00e8ge Christiane EDA-PIERRE \u2728<\/title>\n<meta name=\"robots\" content=\"index, follow, max-snippet:-1, max-image-preview:large, max-video-preview:-1\" \/>\n<link rel=\"canonical\" href=\"https:\/\/site.ac-martinique.fr\/clg-edapierre\/?p=2307\" \/>\n<meta property=\"og:locale\" content=\"fr_FR\" \/>\n<meta property=\"og:type\" content=\"article\" \/>\n<meta property=\"og:title\" content=\"Journ\u00e9e d\u2019hommage du 16 octobre 2023\u00a0 - \u2728 Coll\u00e8ge Christiane EDA-PIERRE \u2728\" \/>\n<meta property=\"og:description\" content=\"(Attentat du lyc\u00e9e Gambetta \u00e0 Arras) Comme l\u2019avait pr\u00e9conis\u00e9 le ministre de l\u2019Education Nationale et de la jeunesse, un temps &hellip; Lire la suite... &quot;Journ\u00e9e d\u2019hommage du 16 octobre 2023\u00a0&quot;\" \/>\n<meta property=\"og:url\" content=\"https:\/\/site.ac-martinique.fr\/clg-edapierre\/?p=2307\" \/>\n<meta property=\"og:site_name\" content=\"\u2728 Coll\u00e8ge Christiane EDA-PIERRE \u2728\" \/>\n<meta property=\"article:published_time\" content=\"2023-10-17T18:22:05+00:00\" \/>\n<meta property=\"og:image\" content=\"https:\/\/site.ac-martinique.fr\/clg-edapierre\/wp-content\/uploads\/sites\/54\/2023\/10\/FE-1024x771.jpg\" \/>\n<meta name=\"author\" content=\"webmestre\" \/>\n<meta name=\"twitter:card\" content=\"summary_large_image\" \/>\n<meta name=\"twitter:label1\" content=\"\u00c9crit par\" \/>\n\t<meta name=\"twitter:data1\" content=\"webmestre\" \/>\n\t<meta name=\"twitter:label2\" content=\"Dur\u00e9e de lecture estim\u00e9e\" \/>\n\t<meta name=\"twitter:data2\" content=\"1 minute\" \/>\n<script type=\"application\/ld+json\" class=\"yoast-schema-graph\">{\"@context\":\"https:\\\/\\\/schema.org\",\"@graph\":[{\"@type\":\"Article\",\"@id\":\"https:\\\/\\\/site.ac-martinique.fr\\\/clg-edapierre\\\/?p=2307#article\",\"isPartOf\":{\"@id\":\"https:\\\/\\\/site.ac-martinique.fr\\\/clg-edapierre\\\/?p=2307\"},\"author\":{\"name\":\"webmestre\",\"@id\":\"https:\\\/\\\/site.ac-martinique.fr\\\/clg-edapierre\\\/#\\\/schema\\\/person\\\/8b3e8100616d089049492ea4356f2bdb\"},\"headline\":\"Journ\u00e9e d\u2019hommage du 16 octobre 2023\u00a0\",\"datePublished\":\"2023-10-17T18:22:05+00:00\",\"mainEntityOfPage\":{\"@id\":\"https:\\\/\\\/site.ac-martinique.fr\\\/clg-edapierre\\\/?p=2307\"},\"wordCount\":127,\"image\":{\"@id\":\"https:\\\/\\\/site.ac-martinique.fr\\\/clg-edapierre\\\/?p=2307#primaryimage\"},\"thumbnailUrl\":\"https:\\\/\\\/site.ac-martinique.fr\\\/clg-edapierre\\\/wp-content\\\/uploads\\\/sites\\\/54\\\/2023\\\/10\\\/FE-1024x771.jpg\",\"articleSection\":[\"Information\"],\"inLanguage\":\"fr-FR\"},{\"@type\":\"WebPage\",\"@id\":\"https:\\\/\\\/site.ac-martinique.fr\\\/clg-edapierre\\\/?p=2307\",\"url\":\"https:\\\/\\\/site.ac-martinique.fr\\\/clg-edapierre\\\/?p=2307\",\"name\":\"Journ\u00e9e d\u2019hommage du 16 octobre 2023\u00a0 - \u2728 Coll\u00e8ge Christiane EDA-PIERRE \u2728\",\"isPartOf\":{\"@id\":\"https:\\\/\\\/site.ac-martinique.fr\\\/clg-edapierre\\\/#website\"},\"primaryImageOfPage\":{\"@id\":\"https:\\\/\\\/site.ac-martinique.fr\\\/clg-edapierre\\\/?p=2307#primaryimage\"},\"image\":{\"@id\":\"https:\\\/\\\/site.ac-martinique.fr\\\/clg-edapierre\\\/?p=2307#primaryimage\"},\"thumbnailUrl\":\"https:\\\/\\\/site.ac-martinique.fr\\\/clg-edapierre\\\/wp-content\\\/uploads\\\/sites\\\/54\\\/2023\\\/10\\\/FE-1024x771.jpg\",\"datePublished\":\"2023-10-17T18:22:05+00:00\",\"author\":{\"@id\":\"https:\\\/\\\/site.ac-martinique.fr\\\/clg-edapierre\\\/#\\\/schema\\\/person\\\/8b3e8100616d089049492ea4356f2bdb\"},\"breadcrumb\":{\"@id\":\"https:\\\/\\\/site.ac-martinique.fr\\\/clg-edapierre\\\/?p=2307#breadcrumb\"},\"inLanguage\":\"fr-FR\",\"potentialAction\":[{\"@type\":\"ReadAction\",\"target\":[\"https:\\\/\\\/site.ac-martinique.fr\\\/clg-edapierre\\\/?p=2307\"]}]},{\"@type\":\"ImageObject\",\"inLanguage\":\"fr-FR\",\"@id\":\"https:\\\/\\\/site.ac-martinique.fr\\\/clg-edapierre\\\/?p=2307#primaryimage\",\"url\":\"https:\\\/\\\/site.ac-martinique.fr\\\/clg-edapierre\\\/wp-content\\\/uploads\\\/sites\\\/54\\\/2023\\\/10\\\/FE.jpg\",\"contentUrl\":\"https:\\\/\\\/site.ac-martinique.fr\\\/clg-edapierre\\\/wp-content\\\/uploads\\\/sites\\\/54\\\/2023\\\/10\\\/FE.jpg\",\"width\":1130,\"height\":851},{\"@type\":\"BreadcrumbList\",\"@id\":\"https:\\\/\\\/site.ac-martinique.fr\\\/clg-edapierre\\\/?p=2307#breadcrumb\",\"itemListElement\":[{\"@type\":\"ListItem\",\"position\":1,\"name\":\"Accueil\",\"item\":\"https:\\\/\\\/site.ac-martinique.fr\\\/clg-edapierre\"},{\"@type\":\"ListItem\",\"position\":2,\"name\":\"Journ\u00e9e d\u2019hommage du 16 octobre 2023\u00a0\"}]},{\"@type\":\"WebSite\",\"@id\":\"https:\\\/\\\/site.ac-martinique.fr\\\/clg-edapierre\\\/#website\",\"url\":\"https:\\\/\\\/site.ac-martinique.fr\\\/clg-edapierre\\\/\",\"name\":\"\u2728 Coll\u00e8ge Christiane EDA-PIERRE \u2728\",\"description\":\"\",\"potentialAction\":[{\"@type\":\"SearchAction\",\"target\":{\"@type\":\"EntryPoint\",\"urlTemplate\":\"https:\\\/\\\/site.ac-martinique.fr\\\/clg-edapierre\\\/?s={search_term_string}\"},\"query-input\":{\"@type\":\"PropertyValueSpecification\",\"valueRequired\":true,\"valueName\":\"search_term_string\"}}],\"inLanguage\":\"fr-FR\"},{\"@type\":\"Person\",\"@id\":\"https:\\\/\\\/site.ac-martinique.fr\\\/clg-edapierre\\\/#\\\/schema\\\/person\\\/8b3e8100616d089049492ea4356f2bdb\",\"name\":\"webmestre\",\"image\":{\"@type\":\"ImageObject\",\"inLanguage\":\"fr-FR\",\"@id\":\"https:\\\/\\\/secure.gravatar.com\\\/avatar\\\/?s=96&d=mm&r=g23494c9101089ad44ae88ce9d2f56aac\",\"url\":\"https:\\\/\\\/secure.gravatar.com\\\/avatar\\\/?s=96&d=mm&r=g\",\"contentUrl\":\"https:\\\/\\\/secure.gravatar.com\\\/avatar\\\/?s=96&d=mm&r=g\",\"caption\":\"webmestre\"},\"url\":\"https:\\\/\\\/site.ac-martinique.fr\\\/clg-edapierre\\\/?author=127\"}]}<\/script>\n<!-- \/ Yoast SEO plugin. -->","yoast_head_json":{"title":"Journ\u00e9e d\u2019hommage du 16 octobre 2023\u00a0 - \u2728 Coll\u00e8ge Christiane EDA-PIERRE \u2728","robots":{"index":"index","follow":"follow","max-snippet":"max-snippet:-1","max-image-preview":"max-image-preview:large","max-video-preview":"max-video-preview:-1"},"canonical":"https:\/\/site.ac-martinique.fr\/clg-edapierre\/?p=2307","og_locale":"fr_FR","og_type":"article","og_title":"Journ\u00e9e d\u2019hommage du 16 octobre 2023\u00a0 - \u2728 Coll\u00e8ge Christiane EDA-PIERRE \u2728","og_description":"(Attentat du lyc\u00e9e Gambetta \u00e0 Arras) Comme l\u2019avait pr\u00e9conis\u00e9 le ministre de l\u2019Education Nationale et de la jeunesse, un temps &hellip; Lire la suite... \"Journ\u00e9e d\u2019hommage du 16 octobre 2023\u00a0\"","og_url":"https:\/\/site.ac-martinique.fr\/clg-edapierre\/?p=2307","og_site_name":"\u2728 Coll\u00e8ge Christiane EDA-PIERRE \u2728","article_published_time":"2023-10-17T18:22:05+00:00","og_image":[{"url":"https:\/\/site.ac-martinique.fr\/clg-edapierre\/wp-content\/uploads\/sites\/54\/2023\/10\/FE-1024x771.jpg","type":"","width":"","height":""}],"author":"webmestre","twitter_card":"summary_large_image","twitter_misc":{"\u00c9crit par":"webmestre","Dur\u00e9e de lecture estim\u00e9e":"1 minute"},"schema":{"@context":"https:\/\/schema.org","@graph":[{"@type":"Article","@id":"https:\/\/site.ac-martinique.fr\/clg-edapierre\/?p=2307#article","isPartOf":{"@id":"https:\/\/site.ac-martinique.fr\/clg-edapierre\/?p=2307"},"author":{"name":"webmestre","@id":"https:\/\/site.ac-martinique.fr\/clg-edapierre\/#\/schema\/person\/8b3e8100616d089049492ea4356f2bdb"},"headline":"Journ\u00e9e d\u2019hommage du 16 octobre 2023\u00a0","datePublished":"2023-10-17T18:22:05+00:00","mainEntityOfPage":{"@id":"https:\/\/site.ac-martinique.fr\/clg-edapierre\/?p=2307"},"wordCount":127,"image":{"@id":"https:\/\/site.ac-martinique.fr\/clg-edapierre\/?p=2307#primaryimage"},"thumbnailUrl":"https:\/\/site.ac-martinique.fr\/clg-edapierre\/wp-content\/uploads\/sites\/54\/2023\/10\/FE-1024x771.jpg","articleSection":["Information"],"inLanguage":"fr-FR"},{"@type":"WebPage","@id":"https:\/\/site.ac-martinique.fr\/clg-edapierre\/?p=2307","url":"https:\/\/site.ac-martinique.fr\/clg-edapierre\/?p=2307","name":"Journ\u00e9e d\u2019hommage du 16 octobre 2023\u00a0 - \u2728 Coll\u00e8ge Christiane EDA-PIERRE \u2728","isPartOf":{"@id":"https:\/\/site.ac-martinique.fr\/clg-edapierre\/#website"},"primaryImageOfPage":{"@id":"https:\/\/site.ac-martinique.fr\/clg-edapierre\/?p=2307#primaryimage"},"image":{"@id":"https:\/\/site.ac-martinique.fr\/clg-edapierre\/?p=2307#primaryimage"},"thumbnailUrl":"https:\/\/site.ac-martinique.fr\/clg-edapierre\/wp-content\/uploads\/sites\/54\/2023\/10\/FE-1024x771.jpg","datePublished":"2023-10-17T18:22:05+00:00","author":{"@id":"https:\/\/site.ac-martinique.fr\/clg-edapierre\/#\/schema\/person\/8b3e8100616d089049492ea4356f2bdb"},"breadcrumb":{"@id":"https:\/\/site.ac-martinique.fr\/clg-edapierre\/?p=2307#breadcrumb"},"inLanguage":"fr-FR","potentialAction":[{"@type":"ReadAction","target":["https:\/\/site.ac-martinique.fr\/clg-edapierre\/?p=2307"]}]},{"@type":"ImageObject","inLanguage":"fr-FR","@id":"https:\/\/site.ac-martinique.fr\/clg-edapierre\/?p=2307#primaryimage","url":"https:\/\/site.ac-martinique.fr\/clg-edapierre\/wp-content\/uploads\/sites\/54\/2023\/10\/FE.jpg","contentUrl":"https:\/\/site.ac-martinique.fr\/clg-edapierre\/wp-content\/uploads\/sites\/54\/2023\/10\/FE.jpg","width":1130,"height":851},{"@type":"BreadcrumbList","@id":"https:\/\/site.ac-martinique.fr\/clg-edapierre\/?p=2307#breadcrumb","itemListElement":[{"@type":"ListItem","position":1,"name":"Accueil","item":"https:\/\/site.ac-martinique.fr\/clg-edapierre"},{"@type":"ListItem","position":2,"name":"Journ\u00e9e d\u2019hommage du 16 octobre 2023\u00a0"}]},{"@type":"WebSite","@id":"https:\/\/site.ac-martinique.fr\/clg-edapierre\/#website","url":"https:\/\/site.ac-martinique.fr\/clg-edapierre\/","name":"\u2728 Coll\u00e8ge Christiane EDA-PIERRE \u2728","description":"","potentialAction":[{"@type":"SearchAction","target":{"@type":"EntryPoint","urlTemplate":"https:\/\/site.ac-martinique.fr\/clg-edapierre\/?s={search_term_string}"},"query-input":{"@type":"PropertyValueSpecification","valueRequired":true,"valueName":"search_term_string"}}],"inLanguage":"fr-FR"},{"@type":"Person","@id":"https:\/\/site.ac-martinique.fr\/clg-edapierre\/#\/schema\/person\/8b3e8100616d089049492ea4356f2bdb","name":"webmestre","image":{"@type":"ImageObject","inLanguage":"fr-FR","@id":"https:\/\/secure.gravatar.com\/avatar\/?s=96&d=mm&r=g23494c9101089ad44ae88ce9d2f56aac","url":"https:\/\/secure.gravatar.com\/avatar\/?s=96&d=mm&r=g","contentUrl":"https:\/\/secure.gravatar.com\/avatar\/?s=96&d=mm&r=g","caption":"webmestre"},"url":"https:\/\/site.ac-martinique.fr\/clg-edapierre\/?author=127"}]}},"uagb_featured_image_src":{"full":false,"thumbnail":false,"medium":false,"medium_large":false,"large":false,"1536x1536":false,"2048x2048":false,"smart-post-landscape":false,"smart-post-portrait":false,"lambadalite-featured-image":false,"lambadalite-thumbnail-avatar":false,"mailpoet_newsletter_max":false},"uagb_author_info":{"display_name":"webmestre","author_link":"https:\/\/site.ac-martinique.fr\/clg-edapierre\/?author=127"},"uagb_comment_info":0,"uagb_excerpt":"(Attentat du lyc\u00e9e Gambetta \u00e0 Arras) Comme l\u2019avait pr\u00e9conis\u00e9 le ministre de l\u2019Education Nationale et de la jeunesse, un temps &hellip; Lire la suite... \"Journ\u00e9e d\u2019hommage du 16 octobre 2023\u00a0\"","publishpress_future_action":{"enabled":false,"date":"2026-05-07 03:14:12","action":"change-status","newStatus":"draft","terms":[],"taxonomy":"category","extraData":[]},"publishpress_future_workflow_manual_trigger":{"enabledWorkflows":[]},"authors":[{"term_id":42,"user_id":127,"is_guest":0,"slug":"web0016k","display_name":"webmestre","avatar_url":"https:\/\/secure.gravatar.com\/avatar\/?s=96&d=mm&r=g","0":null,"1":"","2":"","3":"","4":"","5":"","6":"","7":"","8":""}],"amp_enabled":true,"_links":{"self":[{"href":"https:\/\/site.ac-martinique.fr\/clg-edapierre\/index.php?rest_route=\/wp\/v2\/posts\/2307","targetHints":{"allow":["GET"]}}],"collection":[{"href":"https:\/\/site.ac-martinique.fr\/clg-edapierre\/index.php?rest_route=\/wp\/v2\/posts"}],"about":[{"href":"https:\/\/site.ac-martinique.fr\/clg-edapierre\/index.php?rest_route=\/wp\/v2\/types\/post"}],"author":[{"embeddable":true,"href":"https:\/\/site.ac-martinique.fr\/clg-edapierre\/index.php?rest_route=\/wp\/v2\/users\/127"}],"replies":[{"embeddable":true,"href":"https:\/\/site.ac-martinique.fr\/clg-edapierre\/index.php?rest_route=%2Fwp%2Fv2%2Fcomments&post=2307"}],"version-history":[{"count":1,"href":"https:\/\/site.ac-martinique.fr\/clg-edapierre\/index.php?rest_route=\/wp\/v2\/posts\/2307\/revisions"}],"predecessor-version":[{"id":2309,"href":"https:\/\/site.ac-martinique.fr\/clg-edapierre\/index.php?rest_route=\/wp\/v2\/posts\/2307\/revisions\/2309"}],"wp:attachment":[{"href":"https:\/\/site.ac-martinique.fr\/clg-edapierre\/index.php?rest_route=%2Fwp%2Fv2%2Fmedia&parent=2307"}],"wp:term":[{"taxonomy":"category","embeddable":true,"href":"https:\/\/site.ac-martinique.fr\/clg-edapierre\/index.php?rest_route=%2Fwp%2Fv2%2Fcategories&post=2307"},{"taxonomy":"post_tag","embeddable":true,"href":"https:\/\/site.ac-martinique.fr\/clg-edapierre\/index.php?rest_route=%2Fwp%2Fv2%2Ftags&post=2307"},{"taxonomy":"author","embeddable":true,"href":"https:\/\/site.ac-martinique.fr\/clg-edapierre\/index.php?rest_route=%2Fwp%2Fv2%2Fppma_author&post=2307"}],"curies":[{"name":"wp","href":"https:\/\/api.w.org\/{rel}","templated":true}]}}