{"id":2367,"date":"2024-03-19T11:37:19","date_gmt":"2024-03-19T12:37:19","guid":{"rendered":"https:\/\/site.ac-martinique.fr\/clg-edapierre\/?p=2367"},"modified":"2024-03-19T11:37:20","modified_gmt":"2024-03-19T12:37:20","slug":"finale-du-rallye-mathematiques-de-lirem-martinique","status":"publish","type":"post","link":"https:\/\/site.ac-martinique.fr\/clg-edapierre\/?p=2367","title":{"rendered":"Finale du rallye Math\u00e9matiques de l&#8217;IREM Martinique\u00a0"},"content":{"rendered":"\n<p>Le Mercredi 13 Mars, trois \u00e9quipes du Coll\u00e8ge Christiane EDA-PIERRE ont particip\u00e9 \u00e0 la finale du rallye Math\u00e9matiques de l&#8217;IREM.<br>Les \u00e9l\u00e8ves ont fait de leur mieux, en essayant de g\u00e9rer leur stress. Ils \u00e9taient impressionn\u00e9s d&#8217;affronter autant de coll\u00e9giens et de lyc\u00e9\u00e9ns. Cela fut une belle exp\u00e9rience, pour eux.<\/p>\n\n\n\n<figure class=\"wp-block-gallery has-nested-images columns-default is-cropped wp-block-gallery-1 is-layout-flex wp-block-gallery-is-layout-flex\">\n<figure class=\"wp-block-image size-large\"><a href=\"https:\/\/site.ac-martinique.fr\/clg-edapierre\/wp-content\/uploads\/sites\/54\/2024\/03\/af344d4d-8a19-482c-8458-d7a734e937d51.jpg\"><img fetchpriority=\"high\" decoding=\"async\" width=\"800\" height=\"600\" data-id=\"2368\" src=\"https:\/\/site.ac-martinique.fr\/clg-edapierre\/wp-content\/uploads\/sites\/54\/2024\/03\/af344d4d-8a19-482c-8458-d7a734e937d51.jpg\" alt=\"\" class=\"wp-image-2368\" srcset=\"https:\/\/site.ac-martinique.fr\/clg-edapierre\/wp-content\/uploads\/sites\/54\/2024\/03\/af344d4d-8a19-482c-8458-d7a734e937d51.jpg 800w, https:\/\/site.ac-martinique.fr\/clg-edapierre\/wp-content\/uploads\/sites\/54\/2024\/03\/af344d4d-8a19-482c-8458-d7a734e937d51-300x225.jpg 300w, https:\/\/site.ac-martinique.fr\/clg-edapierre\/wp-content\/uploads\/sites\/54\/2024\/03\/af344d4d-8a19-482c-8458-d7a734e937d51-768x576.jpg 768w, https:\/\/site.ac-martinique.fr\/clg-edapierre\/wp-content\/uploads\/sites\/54\/2024\/03\/af344d4d-8a19-482c-8458-d7a734e937d51-624x468.jpg 624w\" sizes=\"(max-width: 767px) 89vw, (max-width: 1000px) 54vw, (max-width: 1071px) 543px, 580px\" \/><\/a><\/figure>\n\n\n\n<figure class=\"wp-block-image size-large\"><a href=\"https:\/\/site.ac-martinique.fr\/clg-edapierre\/wp-content\/uploads\/sites\/54\/2024\/03\/3b2d60f3-dfae-4905-b999-e80a8bc205b71.jpg\"><img decoding=\"async\" width=\"768\" height=\"1024\" data-id=\"2373\" src=\"https:\/\/site.ac-martinique.fr\/clg-edapierre\/wp-content\/uploads\/sites\/54\/2024\/03\/3b2d60f3-dfae-4905-b999-e80a8bc205b71-768x1024.jpg\" alt=\"\" class=\"wp-image-2373\" srcset=\"https:\/\/site.ac-martinique.fr\/clg-edapierre\/wp-content\/uploads\/sites\/54\/2024\/03\/3b2d60f3-dfae-4905-b999-e80a8bc205b71-768x1024.jpg 768w, https:\/\/site.ac-martinique.fr\/clg-edapierre\/wp-content\/uploads\/sites\/54\/2024\/03\/3b2d60f3-dfae-4905-b999-e80a8bc205b71-225x300.jpg 225w, https:\/\/site.ac-martinique.fr\/clg-edapierre\/wp-content\/uploads\/sites\/54\/2024\/03\/3b2d60f3-dfae-4905-b999-e80a8bc205b71-624x832.jpg 624w, https:\/\/site.ac-martinique.fr\/clg-edapierre\/wp-content\/uploads\/sites\/54\/2024\/03\/3b2d60f3-dfae-4905-b999-e80a8bc205b71.jpg 780w\" sizes=\"(max-width: 767px) 89vw, (max-width: 1000px) 54vw, (max-width: 1071px) 543px, 580px\" \/><\/a><\/figure>\n\n\n\n<figure class=\"wp-block-image size-large\"><a href=\"https:\/\/site.ac-martinique.fr\/clg-edapierre\/wp-content\/uploads\/sites\/54\/2024\/03\/f09976d4-8cc3-4e4f-a87b-fd2d2853fc461.jpg\"><img decoding=\"async\" width=\"800\" height=\"600\" data-id=\"2369\" src=\"https:\/\/site.ac-martinique.fr\/clg-edapierre\/wp-content\/uploads\/sites\/54\/2024\/03\/f09976d4-8cc3-4e4f-a87b-fd2d2853fc461.jpg\" alt=\"\" class=\"wp-image-2369\" srcset=\"https:\/\/site.ac-martinique.fr\/clg-edapierre\/wp-content\/uploads\/sites\/54\/2024\/03\/f09976d4-8cc3-4e4f-a87b-fd2d2853fc461.jpg 800w, https:\/\/site.ac-martinique.fr\/clg-edapierre\/wp-content\/uploads\/sites\/54\/2024\/03\/f09976d4-8cc3-4e4f-a87b-fd2d2853fc461-300x225.jpg 300w, https:\/\/site.ac-martinique.fr\/clg-edapierre\/wp-content\/uploads\/sites\/54\/2024\/03\/f09976d4-8cc3-4e4f-a87b-fd2d2853fc461-768x576.jpg 768w, https:\/\/site.ac-martinique.fr\/clg-edapierre\/wp-content\/uploads\/sites\/54\/2024\/03\/f09976d4-8cc3-4e4f-a87b-fd2d2853fc461-624x468.jpg 624w\" sizes=\"(max-width: 767px) 89vw, (max-width: 1000px) 54vw, (max-width: 1071px) 543px, 580px\" \/><\/a><\/figure>\n\n\n\n<figure class=\"wp-block-image size-large\"><a href=\"https:\/\/site.ac-martinique.fr\/clg-edapierre\/wp-content\/uploads\/sites\/54\/2024\/03\/5f2e285f-a2e3-421c-a2a4-196441affec31.jpg\"><img loading=\"lazy\" decoding=\"async\" width=\"800\" height=\"600\" data-id=\"2370\" src=\"https:\/\/site.ac-martinique.fr\/clg-edapierre\/wp-content\/uploads\/sites\/54\/2024\/03\/5f2e285f-a2e3-421c-a2a4-196441affec31.jpg\" alt=\"\" class=\"wp-image-2370\" srcset=\"https:\/\/site.ac-martinique.fr\/clg-edapierre\/wp-content\/uploads\/sites\/54\/2024\/03\/5f2e285f-a2e3-421c-a2a4-196441affec31.jpg 800w, https:\/\/site.ac-martinique.fr\/clg-edapierre\/wp-content\/uploads\/sites\/54\/2024\/03\/5f2e285f-a2e3-421c-a2a4-196441affec31-300x225.jpg 300w, https:\/\/site.ac-martinique.fr\/clg-edapierre\/wp-content\/uploads\/sites\/54\/2024\/03\/5f2e285f-a2e3-421c-a2a4-196441affec31-768x576.jpg 768w, https:\/\/site.ac-martinique.fr\/clg-edapierre\/wp-content\/uploads\/sites\/54\/2024\/03\/5f2e285f-a2e3-421c-a2a4-196441affec31-624x468.jpg 624w\" sizes=\"(max-width: 767px) 89vw, (max-width: 1000px) 54vw, (max-width: 1071px) 543px, 580px\" \/><\/a><\/figure>\n\n\n\n<figure class=\"wp-block-image size-large\"><a href=\"https:\/\/site.ac-martinique.fr\/clg-edapierre\/wp-content\/uploads\/sites\/54\/2024\/03\/32da6c6e-dac0-4d90-b268-5f6d66c876a91.jpg\"><img loading=\"lazy\" decoding=\"async\" width=\"768\" height=\"1024\" data-id=\"2372\" src=\"https:\/\/site.ac-martinique.fr\/clg-edapierre\/wp-content\/uploads\/sites\/54\/2024\/03\/32da6c6e-dac0-4d90-b268-5f6d66c876a91-768x1024.jpg\" alt=\"\" class=\"wp-image-2372\" srcset=\"https:\/\/site.ac-martinique.fr\/clg-edapierre\/wp-content\/uploads\/sites\/54\/2024\/03\/32da6c6e-dac0-4d90-b268-5f6d66c876a91-768x1024.jpg 768w, https:\/\/site.ac-martinique.fr\/clg-edapierre\/wp-content\/uploads\/sites\/54\/2024\/03\/32da6c6e-dac0-4d90-b268-5f6d66c876a91-225x300.jpg 225w, https:\/\/site.ac-martinique.fr\/clg-edapierre\/wp-content\/uploads\/sites\/54\/2024\/03\/32da6c6e-dac0-4d90-b268-5f6d66c876a91-624x832.jpg 624w, https:\/\/site.ac-martinique.fr\/clg-edapierre\/wp-content\/uploads\/sites\/54\/2024\/03\/32da6c6e-dac0-4d90-b268-5f6d66c876a91.jpg 780w\" sizes=\"(max-width: 767px) 89vw, (max-width: 1000px) 54vw, (max-width: 1071px) 543px, 580px\" \/><\/a><\/figure>\n\n\n\n<figure class=\"wp-block-image size-large\"><a href=\"https:\/\/site.ac-martinique.fr\/clg-edapierre\/wp-content\/uploads\/sites\/54\/2024\/03\/6be617a0-5f82-4f53-ae0b-1948670953301.jpg\"><img loading=\"lazy\" decoding=\"async\" width=\"768\" height=\"1024\" data-id=\"2371\" src=\"https:\/\/site.ac-martinique.fr\/clg-edapierre\/wp-content\/uploads\/sites\/54\/2024\/03\/6be617a0-5f82-4f53-ae0b-1948670953301-768x1024.jpg\" alt=\"\" class=\"wp-image-2371\" srcset=\"https:\/\/site.ac-martinique.fr\/clg-edapierre\/wp-content\/uploads\/sites\/54\/2024\/03\/6be617a0-5f82-4f53-ae0b-1948670953301-768x1024.jpg 768w, https:\/\/site.ac-martinique.fr\/clg-edapierre\/wp-content\/uploads\/sites\/54\/2024\/03\/6be617a0-5f82-4f53-ae0b-1948670953301-225x300.jpg 225w, https:\/\/site.ac-martinique.fr\/clg-edapierre\/wp-content\/uploads\/sites\/54\/2024\/03\/6be617a0-5f82-4f53-ae0b-1948670953301-624x832.jpg 624w, https:\/\/site.ac-martinique.fr\/clg-edapierre\/wp-content\/uploads\/sites\/54\/2024\/03\/6be617a0-5f82-4f53-ae0b-1948670953301.jpg 780w\" sizes=\"(max-width: 767px) 89vw, (max-width: 1000px) 54vw, (max-width: 1071px) 543px, 580px\" \/><\/a><\/figure>\n<\/figure>\n","protected":false},"excerpt":{"rendered":"<p>Le Mercredi 13 Mars, trois \u00e9quipes du Coll\u00e8ge Christiane EDA-PIERRE ont particip\u00e9 \u00e0 la finale du rallye Math\u00e9matiques de l&#8217;IREM.Les &hellip; <\/p>\n<p class=\"link-more\"><a href=\"https:\/\/site.ac-martinique.fr\/clg-edapierre\/?p=2367\" class=\"more-link\">Lire la suite&#8230;<span class=\"screen-reader-text\"> &#8220;Finale du rallye Math\u00e9matiques de l&#8217;IREM Martinique\u00a0&#8220;<\/span><\/a><\/p>\n","protected":false},"author":127,"featured_media":0,"comment_status":"closed","ping_status":"open","sticky":false,"template":"","format":"standard","meta":{"pagelayer_contact_templates":[],"_pagelayer_content":"","_uag_custom_page_level_css":"","episode_type":"","audio_file":"","podmotor_file_id":"","podmotor_episode_id":"","cover_image":"","cover_image_id":"","duration":"","filesize":"","filesize_raw":"","date_recorded":"","explicit":"","block":"","itunes_episode_number":"","itunes_title":"","itunes_season_number":"","itunes_episode_type":"","_themeisle_gutenberg_block_has_review":false,"footnotes":"","_links_to":"","_links_to_target":""},"categories":[29],"tags":[],"ppma_author":[42],"class_list":["post-2367","post","type-post","status-publish","format-standard","hentry","category-information"],"yoast_head":"<!-- This site is optimized with the Yoast SEO plugin v27.5 - https:\/\/yoast.com\/product\/yoast-seo-wordpress\/ -->\n<title>Finale du rallye Math\u00e9matiques de l&#039;IREM Martinique\u00a0 - \u2728 Coll\u00e8ge Christiane EDA-PIERRE \u2728<\/title>\n<meta name=\"robots\" content=\"index, follow, max-snippet:-1, max-image-preview:large, max-video-preview:-1\" \/>\n<link rel=\"canonical\" href=\"https:\/\/site.ac-martinique.fr\/clg-edapierre\/?p=2367\" \/>\n<meta property=\"og:locale\" content=\"fr_FR\" \/>\n<meta property=\"og:type\" content=\"article\" \/>\n<meta property=\"og:title\" content=\"Finale du rallye Math\u00e9matiques de l&#039;IREM Martinique\u00a0 - \u2728 Coll\u00e8ge Christiane EDA-PIERRE \u2728\" \/>\n<meta property=\"og:description\" content=\"Le Mercredi 13 Mars, trois \u00e9quipes du Coll\u00e8ge Christiane EDA-PIERRE ont particip\u00e9 \u00e0 la finale du rallye Math\u00e9matiques de l&#8217;IREM.Les &hellip; Lire la suite... &quot;Finale du rallye Math\u00e9matiques de l&#8217;IREM Martinique\u00a0&quot;\" \/>\n<meta property=\"og:url\" content=\"https:\/\/site.ac-martinique.fr\/clg-edapierre\/?p=2367\" \/>\n<meta property=\"og:site_name\" content=\"\u2728 Coll\u00e8ge Christiane EDA-PIERRE \u2728\" \/>\n<meta property=\"article:published_time\" content=\"2024-03-19T12:37:19+00:00\" \/>\n<meta property=\"article:modified_time\" content=\"2024-03-19T12:37:20+00:00\" \/>\n<meta property=\"og:image\" content=\"https:\/\/site.ac-martinique.fr\/clg-edapierre\/wp-content\/uploads\/sites\/54\/2024\/03\/af344d4d-8a19-482c-8458-d7a734e937d51.jpg\" \/>\n<meta name=\"author\" content=\"webmestre\" \/>\n<meta name=\"twitter:card\" content=\"summary_large_image\" \/>\n<meta name=\"twitter:label1\" content=\"\u00c9crit par\" \/>\n\t<meta name=\"twitter:data1\" content=\"webmestre\" \/>\n<script type=\"application\/ld+json\" class=\"yoast-schema-graph\">{\"@context\":\"https:\\\/\\\/schema.org\",\"@graph\":[{\"@type\":\"Article\",\"@id\":\"https:\\\/\\\/site.ac-martinique.fr\\\/clg-edapierre\\\/?p=2367#article\",\"isPartOf\":{\"@id\":\"https:\\\/\\\/site.ac-martinique.fr\\\/clg-edapierre\\\/?p=2367\"},\"author\":{\"name\":\"webmestre\",\"@id\":\"https:\\\/\\\/site.ac-martinique.fr\\\/clg-edapierre\\\/#\\\/schema\\\/person\\\/8b3e8100616d089049492ea4356f2bdb\"},\"headline\":\"Finale du rallye Math\u00e9matiques de l&#8217;IREM Martinique\u00a0\",\"datePublished\":\"2024-03-19T12:37:19+00:00\",\"dateModified\":\"2024-03-19T12:37:20+00:00\",\"mainEntityOfPage\":{\"@id\":\"https:\\\/\\\/site.ac-martinique.fr\\\/clg-edapierre\\\/?p=2367\"},\"wordCount\":67,\"image\":{\"@id\":\"https:\\\/\\\/site.ac-martinique.fr\\\/clg-edapierre\\\/?p=2367#primaryimage\"},\"thumbnailUrl\":\"https:\\\/\\\/site.ac-martinique.fr\\\/clg-edapierre\\\/wp-content\\\/uploads\\\/sites\\\/54\\\/2024\\\/03\\\/af344d4d-8a19-482c-8458-d7a734e937d51.jpg\",\"articleSection\":[\"Information\"],\"inLanguage\":\"fr-FR\"},{\"@type\":\"WebPage\",\"@id\":\"https:\\\/\\\/site.ac-martinique.fr\\\/clg-edapierre\\\/?p=2367\",\"url\":\"https:\\\/\\\/site.ac-martinique.fr\\\/clg-edapierre\\\/?p=2367\",\"name\":\"Finale du rallye Math\u00e9matiques de l'IREM Martinique\u00a0 - \u2728 Coll\u00e8ge Christiane EDA-PIERRE \u2728\",\"isPartOf\":{\"@id\":\"https:\\\/\\\/site.ac-martinique.fr\\\/clg-edapierre\\\/#website\"},\"primaryImageOfPage\":{\"@id\":\"https:\\\/\\\/site.ac-martinique.fr\\\/clg-edapierre\\\/?p=2367#primaryimage\"},\"image\":{\"@id\":\"https:\\\/\\\/site.ac-martinique.fr\\\/clg-edapierre\\\/?p=2367#primaryimage\"},\"thumbnailUrl\":\"https:\\\/\\\/site.ac-martinique.fr\\\/clg-edapierre\\\/wp-content\\\/uploads\\\/sites\\\/54\\\/2024\\\/03\\\/af344d4d-8a19-482c-8458-d7a734e937d51.jpg\",\"datePublished\":\"2024-03-19T12:37:19+00:00\",\"dateModified\":\"2024-03-19T12:37:20+00:00\",\"author\":{\"@id\":\"https:\\\/\\\/site.ac-martinique.fr\\\/clg-edapierre\\\/#\\\/schema\\\/person\\\/8b3e8100616d089049492ea4356f2bdb\"},\"breadcrumb\":{\"@id\":\"https:\\\/\\\/site.ac-martinique.fr\\\/clg-edapierre\\\/?p=2367#breadcrumb\"},\"inLanguage\":\"fr-FR\",\"potentialAction\":[{\"@type\":\"ReadAction\",\"target\":[\"https:\\\/\\\/site.ac-martinique.fr\\\/clg-edapierre\\\/?p=2367\"]}]},{\"@type\":\"ImageObject\",\"inLanguage\":\"fr-FR\",\"@id\":\"https:\\\/\\\/site.ac-martinique.fr\\\/clg-edapierre\\\/?p=2367#primaryimage\",\"url\":\"https:\\\/\\\/site.ac-martinique.fr\\\/clg-edapierre\\\/wp-content\\\/uploads\\\/sites\\\/54\\\/2024\\\/03\\\/af344d4d-8a19-482c-8458-d7a734e937d51.jpg\",\"contentUrl\":\"https:\\\/\\\/site.ac-martinique.fr\\\/clg-edapierre\\\/wp-content\\\/uploads\\\/sites\\\/54\\\/2024\\\/03\\\/af344d4d-8a19-482c-8458-d7a734e937d51.jpg\",\"width\":800,\"height\":600},{\"@type\":\"BreadcrumbList\",\"@id\":\"https:\\\/\\\/site.ac-martinique.fr\\\/clg-edapierre\\\/?p=2367#breadcrumb\",\"itemListElement\":[{\"@type\":\"ListItem\",\"position\":1,\"name\":\"Accueil\",\"item\":\"https:\\\/\\\/site.ac-martinique.fr\\\/clg-edapierre\"},{\"@type\":\"ListItem\",\"position\":2,\"name\":\"Finale du rallye Math\u00e9matiques de l&#8217;IREM Martinique\u00a0\"}]},{\"@type\":\"WebSite\",\"@id\":\"https:\\\/\\\/site.ac-martinique.fr\\\/clg-edapierre\\\/#website\",\"url\":\"https:\\\/\\\/site.ac-martinique.fr\\\/clg-edapierre\\\/\",\"name\":\"\u2728 Coll\u00e8ge Christiane EDA-PIERRE \u2728\",\"description\":\"\",\"potentialAction\":[{\"@type\":\"SearchAction\",\"target\":{\"@type\":\"EntryPoint\",\"urlTemplate\":\"https:\\\/\\\/site.ac-martinique.fr\\\/clg-edapierre\\\/?s={search_term_string}\"},\"query-input\":{\"@type\":\"PropertyValueSpecification\",\"valueRequired\":true,\"valueName\":\"search_term_string\"}}],\"inLanguage\":\"fr-FR\"},{\"@type\":\"Person\",\"@id\":\"https:\\\/\\\/site.ac-martinique.fr\\\/clg-edapierre\\\/#\\\/schema\\\/person\\\/8b3e8100616d089049492ea4356f2bdb\",\"name\":\"webmestre\",\"image\":{\"@type\":\"ImageObject\",\"inLanguage\":\"fr-FR\",\"@id\":\"https:\\\/\\\/secure.gravatar.com\\\/avatar\\\/?s=96&d=mm&r=g23494c9101089ad44ae88ce9d2f56aac\",\"url\":\"https:\\\/\\\/secure.gravatar.com\\\/avatar\\\/?s=96&d=mm&r=g\",\"contentUrl\":\"https:\\\/\\\/secure.gravatar.com\\\/avatar\\\/?s=96&d=mm&r=g\",\"caption\":\"webmestre\"},\"url\":\"https:\\\/\\\/site.ac-martinique.fr\\\/clg-edapierre\\\/?author=127\"}]}<\/script>\n<!-- \/ Yoast SEO plugin. -->","yoast_head_json":{"title":"Finale du rallye Math\u00e9matiques de l'IREM Martinique\u00a0 - \u2728 Coll\u00e8ge Christiane EDA-PIERRE \u2728","robots":{"index":"index","follow":"follow","max-snippet":"max-snippet:-1","max-image-preview":"max-image-preview:large","max-video-preview":"max-video-preview:-1"},"canonical":"https:\/\/site.ac-martinique.fr\/clg-edapierre\/?p=2367","og_locale":"fr_FR","og_type":"article","og_title":"Finale du rallye Math\u00e9matiques de l'IREM Martinique\u00a0 - \u2728 Coll\u00e8ge Christiane EDA-PIERRE \u2728","og_description":"Le Mercredi 13 Mars, trois \u00e9quipes du Coll\u00e8ge Christiane EDA-PIERRE ont particip\u00e9 \u00e0 la finale du rallye Math\u00e9matiques de l&#8217;IREM.Les &hellip; Lire la suite... \"Finale du rallye Math\u00e9matiques de l&#8217;IREM Martinique\u00a0\"","og_url":"https:\/\/site.ac-martinique.fr\/clg-edapierre\/?p=2367","og_site_name":"\u2728 Coll\u00e8ge Christiane EDA-PIERRE \u2728","article_published_time":"2024-03-19T12:37:19+00:00","article_modified_time":"2024-03-19T12:37:20+00:00","og_image":[{"url":"https:\/\/site.ac-martinique.fr\/clg-edapierre\/wp-content\/uploads\/sites\/54\/2024\/03\/af344d4d-8a19-482c-8458-d7a734e937d51.jpg","type":"","width":"","height":""}],"author":"webmestre","twitter_card":"summary_large_image","twitter_misc":{"\u00c9crit par":"webmestre"},"schema":{"@context":"https:\/\/schema.org","@graph":[{"@type":"Article","@id":"https:\/\/site.ac-martinique.fr\/clg-edapierre\/?p=2367#article","isPartOf":{"@id":"https:\/\/site.ac-martinique.fr\/clg-edapierre\/?p=2367"},"author":{"name":"webmestre","@id":"https:\/\/site.ac-martinique.fr\/clg-edapierre\/#\/schema\/person\/8b3e8100616d089049492ea4356f2bdb"},"headline":"Finale du rallye Math\u00e9matiques de l&#8217;IREM Martinique\u00a0","datePublished":"2024-03-19T12:37:19+00:00","dateModified":"2024-03-19T12:37:20+00:00","mainEntityOfPage":{"@id":"https:\/\/site.ac-martinique.fr\/clg-edapierre\/?p=2367"},"wordCount":67,"image":{"@id":"https:\/\/site.ac-martinique.fr\/clg-edapierre\/?p=2367#primaryimage"},"thumbnailUrl":"https:\/\/site.ac-martinique.fr\/clg-edapierre\/wp-content\/uploads\/sites\/54\/2024\/03\/af344d4d-8a19-482c-8458-d7a734e937d51.jpg","articleSection":["Information"],"inLanguage":"fr-FR"},{"@type":"WebPage","@id":"https:\/\/site.ac-martinique.fr\/clg-edapierre\/?p=2367","url":"https:\/\/site.ac-martinique.fr\/clg-edapierre\/?p=2367","name":"Finale du rallye Math\u00e9matiques de l'IREM Martinique\u00a0 - \u2728 Coll\u00e8ge Christiane EDA-PIERRE \u2728","isPartOf":{"@id":"https:\/\/site.ac-martinique.fr\/clg-edapierre\/#website"},"primaryImageOfPage":{"@id":"https:\/\/site.ac-martinique.fr\/clg-edapierre\/?p=2367#primaryimage"},"image":{"@id":"https:\/\/site.ac-martinique.fr\/clg-edapierre\/?p=2367#primaryimage"},"thumbnailUrl":"https:\/\/site.ac-martinique.fr\/clg-edapierre\/wp-content\/uploads\/sites\/54\/2024\/03\/af344d4d-8a19-482c-8458-d7a734e937d51.jpg","datePublished":"2024-03-19T12:37:19+00:00","dateModified":"2024-03-19T12:37:20+00:00","author":{"@id":"https:\/\/site.ac-martinique.fr\/clg-edapierre\/#\/schema\/person\/8b3e8100616d089049492ea4356f2bdb"},"breadcrumb":{"@id":"https:\/\/site.ac-martinique.fr\/clg-edapierre\/?p=2367#breadcrumb"},"inLanguage":"fr-FR","potentialAction":[{"@type":"ReadAction","target":["https:\/\/site.ac-martinique.fr\/clg-edapierre\/?p=2367"]}]},{"@type":"ImageObject","inLanguage":"fr-FR","@id":"https:\/\/site.ac-martinique.fr\/clg-edapierre\/?p=2367#primaryimage","url":"https:\/\/site.ac-martinique.fr\/clg-edapierre\/wp-content\/uploads\/sites\/54\/2024\/03\/af344d4d-8a19-482c-8458-d7a734e937d51.jpg","contentUrl":"https:\/\/site.ac-martinique.fr\/clg-edapierre\/wp-content\/uploads\/sites\/54\/2024\/03\/af344d4d-8a19-482c-8458-d7a734e937d51.jpg","width":800,"height":600},{"@type":"BreadcrumbList","@id":"https:\/\/site.ac-martinique.fr\/clg-edapierre\/?p=2367#breadcrumb","itemListElement":[{"@type":"ListItem","position":1,"name":"Accueil","item":"https:\/\/site.ac-martinique.fr\/clg-edapierre"},{"@type":"ListItem","position":2,"name":"Finale du rallye Math\u00e9matiques de l&#8217;IREM Martinique\u00a0"}]},{"@type":"WebSite","@id":"https:\/\/site.ac-martinique.fr\/clg-edapierre\/#website","url":"https:\/\/site.ac-martinique.fr\/clg-edapierre\/","name":"\u2728 Coll\u00e8ge Christiane EDA-PIERRE \u2728","description":"","potentialAction":[{"@type":"SearchAction","target":{"@type":"EntryPoint","urlTemplate":"https:\/\/site.ac-martinique.fr\/clg-edapierre\/?s={search_term_string}"},"query-input":{"@type":"PropertyValueSpecification","valueRequired":true,"valueName":"search_term_string"}}],"inLanguage":"fr-FR"},{"@type":"Person","@id":"https:\/\/site.ac-martinique.fr\/clg-edapierre\/#\/schema\/person\/8b3e8100616d089049492ea4356f2bdb","name":"webmestre","image":{"@type":"ImageObject","inLanguage":"fr-FR","@id":"https:\/\/secure.gravatar.com\/avatar\/?s=96&d=mm&r=g23494c9101089ad44ae88ce9d2f56aac","url":"https:\/\/secure.gravatar.com\/avatar\/?s=96&d=mm&r=g","contentUrl":"https:\/\/secure.gravatar.com\/avatar\/?s=96&d=mm&r=g","caption":"webmestre"},"url":"https:\/\/site.ac-martinique.fr\/clg-edapierre\/?author=127"}]}},"uagb_featured_image_src":{"full":false,"thumbnail":false,"medium":false,"medium_large":false,"large":false,"1536x1536":false,"2048x2048":false,"smart-post-landscape":false,"smart-post-portrait":false,"lambadalite-featured-image":false,"lambadalite-thumbnail-avatar":false,"mailpoet_newsletter_max":false},"uagb_author_info":{"display_name":"webmestre","author_link":"https:\/\/site.ac-martinique.fr\/clg-edapierre\/?author=127"},"uagb_comment_info":0,"uagb_excerpt":"Le Mercredi 13 Mars, trois \u00e9quipes du Coll\u00e8ge Christiane EDA-PIERRE ont particip\u00e9 \u00e0 la finale du rallye Math\u00e9matiques de l&#8217;IREM.Les &hellip; Lire la suite... \"Finale du rallye Math\u00e9matiques de l&#8217;IREM Martinique\u00a0\"","publishpress_future_action":{"enabled":false,"date":"2026-05-06 19:07:34","action":"change-status","newStatus":"draft","terms":[],"taxonomy":"category","extraData":[]},"publishpress_future_workflow_manual_trigger":{"enabledWorkflows":[]},"authors":[{"term_id":42,"user_id":127,"is_guest":0,"slug":"web0016k","display_name":"webmestre","avatar_url":"https:\/\/secure.gravatar.com\/avatar\/?s=96&d=mm&r=g","0":null,"1":"","2":"","3":"","4":"","5":"","6":"","7":"","8":""}],"amp_enabled":true,"_links":{"self":[{"href":"https:\/\/site.ac-martinique.fr\/clg-edapierre\/index.php?rest_route=\/wp\/v2\/posts\/2367","targetHints":{"allow":["GET"]}}],"collection":[{"href":"https:\/\/site.ac-martinique.fr\/clg-edapierre\/index.php?rest_route=\/wp\/v2\/posts"}],"about":[{"href":"https:\/\/site.ac-martinique.fr\/clg-edapierre\/index.php?rest_route=\/wp\/v2\/types\/post"}],"author":[{"embeddable":true,"href":"https:\/\/site.ac-martinique.fr\/clg-edapierre\/index.php?rest_route=\/wp\/v2\/users\/127"}],"replies":[{"embeddable":true,"href":"https:\/\/site.ac-martinique.fr\/clg-edapierre\/index.php?rest_route=%2Fwp%2Fv2%2Fcomments&post=2367"}],"version-history":[{"count":2,"href":"https:\/\/site.ac-martinique.fr\/clg-edapierre\/index.php?rest_route=\/wp\/v2\/posts\/2367\/revisions"}],"predecessor-version":[{"id":2375,"href":"https:\/\/site.ac-martinique.fr\/clg-edapierre\/index.php?rest_route=\/wp\/v2\/posts\/2367\/revisions\/2375"}],"wp:attachment":[{"href":"https:\/\/site.ac-martinique.fr\/clg-edapierre\/index.php?rest_route=%2Fwp%2Fv2%2Fmedia&parent=2367"}],"wp:term":[{"taxonomy":"category","embeddable":true,"href":"https:\/\/site.ac-martinique.fr\/clg-edapierre\/index.php?rest_route=%2Fwp%2Fv2%2Fcategories&post=2367"},{"taxonomy":"post_tag","embeddable":true,"href":"https:\/\/site.ac-martinique.fr\/clg-edapierre\/index.php?rest_route=%2Fwp%2Fv2%2Ftags&post=2367"},{"taxonomy":"author","embeddable":true,"href":"https:\/\/site.ac-martinique.fr\/clg-edapierre\/index.php?rest_route=%2Fwp%2Fv2%2Fppma_author&post=2367"}],"curies":[{"name":"wp","href":"https:\/\/api.w.org\/{rel}","templated":true}]}}