{"id":2948,"date":"2026-09-04T15:54:00","date_gmt":"2026-09-04T16:54:00","guid":{"rendered":"https:\/\/site.ac-martinique.fr\/clg-edapierre\/?p=2948"},"modified":"2026-09-04T15:54:00","modified_gmt":"2026-09-04T16:54:00","slug":"inscription-a-la-cantine-2026-2027","status":"publish","type":"post","link":"https:\/\/site.ac-martinique.fr\/clg-edapierre\/?p=2948","title":{"rendered":"INSCRIPTION \u00c0 LA CANTINE 2026-2027"},"content":{"rendered":"<p><a href=\"https:\/\/site.ac-martinique.fr\/clg-edapierre\/?attachment_id=2949\" rel=\"attachment wp-att-2949\"><img fetchpriority=\"high\" decoding=\"async\" class=\"alignnone size-full wp-image-2949\" src=\"https:\/\/site.ac-martinique.fr\/clg-edapierre\/wp-content\/uploads\/sites\/54\/2026\/09\/file_00000000185c81f5a039b24d0b97b734.png\" alt=\"\" width=\"1149\" height=\"1369\" srcset=\"https:\/\/site.ac-martinique.fr\/clg-edapierre\/wp-content\/uploads\/sites\/54\/2026\/09\/file_00000000185c81f5a039b24d0b97b734.png 1149w, https:\/\/site.ac-martinique.fr\/clg-edapierre\/wp-content\/uploads\/sites\/54\/2026\/09\/file_00000000185c81f5a039b24d0b97b734-252x300.png 252w, https:\/\/site.ac-martinique.fr\/clg-edapierre\/wp-content\/uploads\/sites\/54\/2026\/09\/file_00000000185c81f5a039b24d0b97b734-859x1024.png 859w, https:\/\/site.ac-martinique.fr\/clg-edapierre\/wp-content\/uploads\/sites\/54\/2026\/09\/file_00000000185c81f5a039b24d0b97b734-768x915.png 768w\" sizes=\"(max-width: 767px) 89vw, (max-width: 1000px) 54vw, (max-width: 1071px) 543px, 580px\" \/><\/a>&#8211;<\/p>\n","protected":false},"excerpt":{"rendered":"<p>&#8211;<\/p>\n","protected":false},"author":127,"featured_media":0,"comment_status":"closed","ping_status":"open","sticky":false,"template":"","format":"standard","meta":{"pagelayer_contact_templates":[],"_pagelayer_content":"","_uag_custom_page_level_css":"","episode_type":"","audio_file":"","podmotor_file_id":"","podmotor_episode_id":"","cover_image":"","cover_image_id":"","duration":"","filesize":"","filesize_raw":"","date_recorded":"","explicit":"","block":"","itunes_episode_number":"","itunes_title":"","itunes_season_number":"","itunes_episode_type":"","_themeisle_gutenberg_block_has_review":false,"footnotes":"","_members_access_role":[],"_members_access_error":"","_links_to":"","_links_to_target":""},"categories":[29],"tags":[],"ppma_author":[42],"class_list":["post-2948","post","type-post","status-publish","format-standard","hentry","category-information"],"yoast_head":"<!-- This site is optimized with the Yoast SEO plugin v28.4 - https:\/\/yoast.com\/product\/yoast-seo-wordpress\/ -->\n<title>INSCRIPTION \u00c0 LA CANTINE 2026-2027 - \u2728 Coll\u00e8ge Christiane EDA-PIERRE \u2728<\/title>\n<meta name=\"robots\" content=\"index, follow, max-snippet:-1, max-image-preview:large, max-video-preview:-1\" \/>\n<link rel=\"canonical\" href=\"https:\/\/site.ac-martinique.fr\/clg-edapierre\/?p=2948\" \/>\n<meta property=\"og:locale\" content=\"fr_FR\" \/>\n<meta property=\"og:type\" content=\"article\" \/>\n<meta property=\"og:title\" content=\"INSCRIPTION \u00c0 LA CANTINE 2026-2027 - \u2728 Coll\u00e8ge Christiane EDA-PIERRE \u2728\" \/>\n<meta property=\"og:description\" content=\"&#8211;\" \/>\n<meta property=\"og:url\" content=\"https:\/\/site.ac-martinique.fr\/clg-edapierre\/?p=2948\" \/>\n<meta property=\"og:site_name\" content=\"\u2728 Coll\u00e8ge Christiane EDA-PIERRE \u2728\" \/>\n<meta property=\"article:published_time\" content=\"2026-09-04T16:54:00+00:00\" \/>\n<meta property=\"og:image\" content=\"https:\/\/site.ac-martinique.fr\/clg-edapierre\/wp-content\/uploads\/sites\/54\/2026\/09\/file_00000000185c81f5a039b24d0b97b734.png\" \/>\n\t<meta property=\"og:image:width\" content=\"1149\" \/>\n\t<meta property=\"og:image:height\" content=\"1369\" \/>\n\t<meta property=\"og:image:type\" content=\"image\/png\" \/>\n<meta name=\"author\" content=\"webmestre\" \/>\n<meta name=\"twitter:card\" content=\"summary_large_image\" \/>\n<meta name=\"twitter:label1\" content=\"\u00c9crit par\" \/>\n\t<meta name=\"twitter:data1\" content=\"webmestre\" \/>\n\t<meta name=\"twitter:label2\" content=\"Dur\u00e9e de lecture estim\u00e9e\" \/>\n\t<meta name=\"twitter:data2\" content=\"1 minute\" \/>\n<script type=\"application\/ld+json\" class=\"yoast-schema-graph\">{\"@context\":\"https:\\\/\\\/schema.org\",\"@graph\":[{\"@type\":\"Article\",\"@id\":\"https:\\\/\\\/site.ac-martinique.fr\\\/clg-edapierre\\\/?p=2948#article\",\"isPartOf\":{\"@id\":\"https:\\\/\\\/site.ac-martinique.fr\\\/clg-edapierre\\\/?p=2948\"},\"author\":{\"name\":\"webmestre\",\"@id\":\"https:\\\/\\\/site.ac-martinique.fr\\\/clg-edapierre\\\/#\\\/schema\\\/person\\\/8b3e8100616d089049492ea4356f2bdb\"},\"headline\":\"INSCRIPTION \u00c0 LA CANTINE 2026-2027\",\"datePublished\":\"2026-09-04T16:54:00+00:00\",\"mainEntityOfPage\":{\"@id\":\"https:\\\/\\\/site.ac-martinique.fr\\\/clg-edapierre\\\/?p=2948\"},\"wordCount\":4,\"image\":{\"@id\":\"https:\\\/\\\/site.ac-martinique.fr\\\/clg-edapierre\\\/?p=2948#primaryimage\"},\"thumbnailUrl\":\"https:\\\/\\\/site.ac-martinique.fr\\\/clg-edapierre\\\/wp-content\\\/uploads\\\/sites\\\/54\\\/2026\\\/09\\\/file_00000000185c81f5a039b24d0b97b734.png\",\"articleSection\":[\"Information\"],\"inLanguage\":\"fr-FR\"},{\"@type\":\"WebPage\",\"@id\":\"https:\\\/\\\/site.ac-martinique.fr\\\/clg-edapierre\\\/?p=2948\",\"url\":\"https:\\\/\\\/site.ac-martinique.fr\\\/clg-edapierre\\\/?p=2948\",\"name\":\"INSCRIPTION \u00c0 LA CANTINE 2026-2027 - \u2728 Coll\u00e8ge Christiane EDA-PIERRE \u2728\",\"isPartOf\":{\"@id\":\"https:\\\/\\\/site.ac-martinique.fr\\\/clg-edapierre\\\/#website\"},\"primaryImageOfPage\":{\"@id\":\"https:\\\/\\\/site.ac-martinique.fr\\\/clg-edapierre\\\/?p=2948#primaryimage\"},\"image\":{\"@id\":\"https:\\\/\\\/site.ac-martinique.fr\\\/clg-edapierre\\\/?p=2948#primaryimage\"},\"thumbnailUrl\":\"https:\\\/\\\/site.ac-martinique.fr\\\/clg-edapierre\\\/wp-content\\\/uploads\\\/sites\\\/54\\\/2026\\\/09\\\/file_00000000185c81f5a039b24d0b97b734.png\",\"datePublished\":\"2026-09-04T16:54:00+00:00\",\"author\":{\"@id\":\"https:\\\/\\\/site.ac-martinique.fr\\\/clg-edapierre\\\/#\\\/schema\\\/person\\\/8b3e8100616d089049492ea4356f2bdb\"},\"breadcrumb\":{\"@id\":\"https:\\\/\\\/site.ac-martinique.fr\\\/clg-edapierre\\\/?p=2948#breadcrumb\"},\"inLanguage\":\"fr-FR\",\"potentialAction\":[{\"@type\":\"ReadAction\",\"target\":[\"https:\\\/\\\/site.ac-martinique.fr\\\/clg-edapierre\\\/?p=2948\"]}]},{\"@type\":\"ImageObject\",\"inLanguage\":\"fr-FR\",\"@id\":\"https:\\\/\\\/site.ac-martinique.fr\\\/clg-edapierre\\\/?p=2948#primaryimage\",\"url\":\"https:\\\/\\\/site.ac-martinique.fr\\\/clg-edapierre\\\/wp-content\\\/uploads\\\/sites\\\/54\\\/2026\\\/09\\\/file_00000000185c81f5a039b24d0b97b734.png\",\"contentUrl\":\"https:\\\/\\\/site.ac-martinique.fr\\\/clg-edapierre\\\/wp-content\\\/uploads\\\/sites\\\/54\\\/2026\\\/09\\\/file_00000000185c81f5a039b24d0b97b734.png\",\"width\":1149,\"height\":1369},{\"@type\":\"BreadcrumbList\",\"@id\":\"https:\\\/\\\/site.ac-martinique.fr\\\/clg-edapierre\\\/?p=2948#breadcrumb\",\"itemListElement\":[{\"@type\":\"ListItem\",\"position\":1,\"name\":\"Accueil\",\"item\":\"https:\\\/\\\/site.ac-martinique.fr\\\/clg-edapierre\"},{\"@type\":\"ListItem\",\"position\":2,\"name\":\"INSCRIPTION \u00c0 LA CANTINE 2026-2027\"}]},{\"@type\":\"WebSite\",\"@id\":\"https:\\\/\\\/site.ac-martinique.fr\\\/clg-edapierre\\\/#website\",\"url\":\"https:\\\/\\\/site.ac-martinique.fr\\\/clg-edapierre\\\/\",\"name\":\"\u2728 Coll\u00e8ge Christiane EDA-PIERRE \u2728\",\"description\":\"\",\"potentialAction\":[{\"@type\":\"SearchAction\",\"target\":{\"@type\":\"EntryPoint\",\"urlTemplate\":\"https:\\\/\\\/site.ac-martinique.fr\\\/clg-edapierre\\\/?s={search_term_string}\"},\"query-input\":{\"@type\":\"PropertyValueSpecification\",\"valueRequired\":true,\"valueName\":\"search_term_string\"}}],\"inLanguage\":\"fr-FR\"},{\"@type\":\"Person\",\"@id\":\"https:\\\/\\\/site.ac-martinique.fr\\\/clg-edapierre\\\/#\\\/schema\\\/person\\\/8b3e8100616d089049492ea4356f2bdb\",\"name\":\"webmestre\",\"image\":{\"@type\":\"ImageObject\",\"inLanguage\":\"fr-FR\",\"@id\":\"https:\\\/\\\/secure.gravatar.com\\\/avatar\\\/?s=96&d=mm&r=g23494c9101089ad44ae88ce9d2f56aac\",\"url\":\"https:\\\/\\\/secure.gravatar.com\\\/avatar\\\/?s=96&d=mm&r=g\",\"contentUrl\":\"https:\\\/\\\/secure.gravatar.com\\\/avatar\\\/?s=96&d=mm&r=g\",\"caption\":\"webmestre\"},\"url\":\"https:\\\/\\\/site.ac-martinique.fr\\\/clg-edapierre\\\/?author=127\"}]}<\/script>\n<!-- \/ Yoast SEO plugin. -->","yoast_head_json":{"title":"INSCRIPTION \u00c0 LA CANTINE 2026-2027 - \u2728 Coll\u00e8ge Christiane EDA-PIERRE \u2728","robots":{"index":"index","follow":"follow","max-snippet":"max-snippet:-1","max-image-preview":"max-image-preview:large","max-video-preview":"max-video-preview:-1"},"canonical":"https:\/\/site.ac-martinique.fr\/clg-edapierre\/?p=2948","og_locale":"fr_FR","og_type":"article","og_title":"INSCRIPTION \u00c0 LA CANTINE 2026-2027 - \u2728 Coll\u00e8ge Christiane EDA-PIERRE \u2728","og_description":"&#8211;","og_url":"https:\/\/site.ac-martinique.fr\/clg-edapierre\/?p=2948","og_site_name":"\u2728 Coll\u00e8ge Christiane EDA-PIERRE \u2728","article_published_time":"2026-09-04T16:54:00+00:00","og_image":[{"width":1149,"height":1369,"url":"https:\/\/site.ac-martinique.fr\/clg-edapierre\/wp-content\/uploads\/sites\/54\/2026\/09\/file_00000000185c81f5a039b24d0b97b734.png","type":"image\/png"}],"author":"webmestre","twitter_card":"summary_large_image","twitter_misc":{"\u00c9crit par":"webmestre","Dur\u00e9e de lecture estim\u00e9e":"1 minute"},"schema":{"@context":"https:\/\/schema.org","@graph":[{"@type":"Article","@id":"https:\/\/site.ac-martinique.fr\/clg-edapierre\/?p=2948#article","isPartOf":{"@id":"https:\/\/site.ac-martinique.fr\/clg-edapierre\/?p=2948"},"author":{"name":"webmestre","@id":"https:\/\/site.ac-martinique.fr\/clg-edapierre\/#\/schema\/person\/8b3e8100616d089049492ea4356f2bdb"},"headline":"INSCRIPTION \u00c0 LA CANTINE 2026-2027","datePublished":"2026-09-04T16:54:00+00:00","mainEntityOfPage":{"@id":"https:\/\/site.ac-martinique.fr\/clg-edapierre\/?p=2948"},"wordCount":4,"image":{"@id":"https:\/\/site.ac-martinique.fr\/clg-edapierre\/?p=2948#primaryimage"},"thumbnailUrl":"https:\/\/site.ac-martinique.fr\/clg-edapierre\/wp-content\/uploads\/sites\/54\/2026\/09\/file_00000000185c81f5a039b24d0b97b734.png","articleSection":["Information"],"inLanguage":"fr-FR"},{"@type":"WebPage","@id":"https:\/\/site.ac-martinique.fr\/clg-edapierre\/?p=2948","url":"https:\/\/site.ac-martinique.fr\/clg-edapierre\/?p=2948","name":"INSCRIPTION \u00c0 LA CANTINE 2026-2027 - \u2728 Coll\u00e8ge Christiane EDA-PIERRE \u2728","isPartOf":{"@id":"https:\/\/site.ac-martinique.fr\/clg-edapierre\/#website"},"primaryImageOfPage":{"@id":"https:\/\/site.ac-martinique.fr\/clg-edapierre\/?p=2948#primaryimage"},"image":{"@id":"https:\/\/site.ac-martinique.fr\/clg-edapierre\/?p=2948#primaryimage"},"thumbnailUrl":"https:\/\/site.ac-martinique.fr\/clg-edapierre\/wp-content\/uploads\/sites\/54\/2026\/09\/file_00000000185c81f5a039b24d0b97b734.png","datePublished":"2026-09-04T16:54:00+00:00","author":{"@id":"https:\/\/site.ac-martinique.fr\/clg-edapierre\/#\/schema\/person\/8b3e8100616d089049492ea4356f2bdb"},"breadcrumb":{"@id":"https:\/\/site.ac-martinique.fr\/clg-edapierre\/?p=2948#breadcrumb"},"inLanguage":"fr-FR","potentialAction":[{"@type":"ReadAction","target":["https:\/\/site.ac-martinique.fr\/clg-edapierre\/?p=2948"]}]},{"@type":"ImageObject","inLanguage":"fr-FR","@id":"https:\/\/site.ac-martinique.fr\/clg-edapierre\/?p=2948#primaryimage","url":"https:\/\/site.ac-martinique.fr\/clg-edapierre\/wp-content\/uploads\/sites\/54\/2026\/09\/file_00000000185c81f5a039b24d0b97b734.png","contentUrl":"https:\/\/site.ac-martinique.fr\/clg-edapierre\/wp-content\/uploads\/sites\/54\/2026\/09\/file_00000000185c81f5a039b24d0b97b734.png","width":1149,"height":1369},{"@type":"BreadcrumbList","@id":"https:\/\/site.ac-martinique.fr\/clg-edapierre\/?p=2948#breadcrumb","itemListElement":[{"@type":"ListItem","position":1,"name":"Accueil","item":"https:\/\/site.ac-martinique.fr\/clg-edapierre"},{"@type":"ListItem","position":2,"name":"INSCRIPTION \u00c0 LA CANTINE 2026-2027"}]},{"@type":"WebSite","@id":"https:\/\/site.ac-martinique.fr\/clg-edapierre\/#website","url":"https:\/\/site.ac-martinique.fr\/clg-edapierre\/","name":"\u2728 Coll\u00e8ge Christiane EDA-PIERRE \u2728","description":"","potentialAction":[{"@type":"SearchAction","target":{"@type":"EntryPoint","urlTemplate":"https:\/\/site.ac-martinique.fr\/clg-edapierre\/?s={search_term_string}"},"query-input":{"@type":"PropertyValueSpecification","valueRequired":true,"valueName":"search_term_string"}}],"inLanguage":"fr-FR"},{"@type":"Person","@id":"https:\/\/site.ac-martinique.fr\/clg-edapierre\/#\/schema\/person\/8b3e8100616d089049492ea4356f2bdb","name":"webmestre","image":{"@type":"ImageObject","inLanguage":"fr-FR","@id":"https:\/\/secure.gravatar.com\/avatar\/?s=96&d=mm&r=g23494c9101089ad44ae88ce9d2f56aac","url":"https:\/\/secure.gravatar.com\/avatar\/?s=96&d=mm&r=g","contentUrl":"https:\/\/secure.gravatar.com\/avatar\/?s=96&d=mm&r=g","caption":"webmestre"},"url":"https:\/\/site.ac-martinique.fr\/clg-edapierre\/?author=127"}]}},"uagb_featured_image_src":{"full":false,"thumbnail":false,"medium":false,"medium_large":false,"large":false,"1536x1536":false,"2048x2048":false,"smart-post-landscape":false,"smart-post-portrait":false,"lambadalite-featured-image":false,"lambadalite-thumbnail-avatar":false,"mailpoet_newsletter_max":false},"uagb_author_info":{"display_name":"webmestre","author_link":"https:\/\/site.ac-martinique.fr\/clg-edapierre\/?author=127"},"uagb_comment_info":0,"uagb_excerpt":"&#8211;","publishpress_future_action":{"enabled":false,"date":"2026-09-12 08:54:23","action":"change-status","newStatus":"draft","terms":[],"taxonomy":"category","extraData":[]},"publishpress_future_workflow_manual_trigger":{"enabledWorkflows":[]},"authors":[{"term_id":42,"user_id":127,"is_guest":0,"slug":"web0016k","display_name":"webmestre","avatar_url":"https:\/\/secure.gravatar.com\/avatar\/?s=96&d=mm&r=g","author_category":"1","first_name":"","last_name":"","user_url":"","job_title":"","description":""}],"amp_enabled":true,"_links":{"self":[{"href":"https:\/\/site.ac-martinique.fr\/clg-edapierre\/index.php?rest_route=\/wp\/v2\/posts\/2948","targetHints":{"allow":["GET"]}}],"collection":[{"href":"https:\/\/site.ac-martinique.fr\/clg-edapierre\/index.php?rest_route=\/wp\/v2\/posts"}],"about":[{"href":"https:\/\/site.ac-martinique.fr\/clg-edapierre\/index.php?rest_route=\/wp\/v2\/types\/post"}],"author":[{"embeddable":true,"href":"https:\/\/site.ac-martinique.fr\/clg-edapierre\/index.php?rest_route=\/wp\/v2\/users\/127"}],"replies":[{"embeddable":true,"href":"https:\/\/site.ac-martinique.fr\/clg-edapierre\/index.php?rest_route=%2Fwp%2Fv2%2Fcomments&post=2948"}],"version-history":[{"count":1,"href":"https:\/\/site.ac-martinique.fr\/clg-edapierre\/index.php?rest_route=\/wp\/v2\/posts\/2948\/revisions"}],"predecessor-version":[{"id":2950,"href":"https:\/\/site.ac-martinique.fr\/clg-edapierre\/index.php?rest_route=\/wp\/v2\/posts\/2948\/revisions\/2950"}],"wp:attachment":[{"href":"https:\/\/site.ac-martinique.fr\/clg-edapierre\/index.php?rest_route=%2Fwp%2Fv2%2Fmedia&parent=2948"}],"wp:term":[{"taxonomy":"category","embeddable":true,"href":"https:\/\/site.ac-martinique.fr\/clg-edapierre\/index.php?rest_route=%2Fwp%2Fv2%2Fcategories&post=2948"},{"taxonomy":"post_tag","embeddable":true,"href":"https:\/\/site.ac-martinique.fr\/clg-edapierre\/index.php?rest_route=%2Fwp%2Fv2%2Ftags&post=2948"},{"taxonomy":"author","embeddable":true,"href":"https:\/\/site.ac-martinique.fr\/clg-edapierre\/index.php?rest_route=%2Fwp%2Fv2%2Fppma_author&post=2948"}],"curies":[{"name":"wp","href":"https:\/\/api.w.org\/{rel}","templated":true}]}}