{"id":894,"date":"2018-08-29T14:55:19","date_gmt":"2018-08-29T13:55:19","guid":{"rendered":"\/clg-edapierre\/?p=894"},"modified":"2018-08-29T15:04:20","modified_gmt":"2018-08-29T14:04:20","slug":"calendrier-de-rentree-annee-scolaire-2018-2019","status":"publish","type":"post","link":"https:\/\/site.ac-martinique.fr\/clg-edapierre\/?p=894","title":{"rendered":"Calendrier De Rentr\u00e9e \/ Ann\u00e9e Scolaire 2018-2019"},"content":{"rendered":"<h4 style=\"text-align: left;\"><span style=\"color: #3366ff;\"><strong><span style=\"text-decoration: underline;\">MARDI 04 SEPTEMBRE 2018:<\/span><\/strong><\/span><\/h4>\n<ul>\n<li>8H00 &#8211; 12H00: Accueil des classes de 6\u00e8me<\/li>\n<li>14h00 &#8211; 16h00 : Accueil des classes de 5\u00e8me<\/li>\n<\/ul>\n<h4><span style=\"text-decoration: underline; color: #3366ff;\"><strong>MERCREDI 05 SEPTEMBRE 2018:<\/strong><\/span><\/h4>\n<ul>\n<li>8h00 &#8211; 10h30 : Accueil des classes de 6\u00e8me autour de la probl\u00e9matique &#8220;Apprendre \u00e0 apprendre&#8221;<\/li>\n<li>10h30 &#8211; 12h30: R\u00e9union Pl\u00e9ni\u00e8re<\/li>\n<\/ul>\n<h4><span style=\"text-decoration: underline; color: #3366ff;\"><strong>JEUDI 06 SEPTEMBRE 2018:<\/strong><\/span><\/h4>\n<ul>\n<li>8h00 &#8211; 10h30 : Accueil des classes de 3\u00e8me<\/li>\n<li>10h30 &#8211; 12h30 : Accueil des classes de 4\u00e8me<\/li>\n<\/ul>\n<p style=\"text-align: left;\"><span style=\"text-decoration: underline; color: #ff0000;\"><strong>Rentr\u00e9e G\u00e9n\u00e9rale le Vendredi 07 Septembre 2018:<\/strong><\/span><\/p>\n<p style=\"text-align: left;\">Selon l&#8217;emploi du temps en vigueur.<\/p>\n<h5 style=\"text-align: left;\"><span style=\"color: #ff6600;\"><strong><span style=\"text-decoration: underline;\">R\u00e9union g\u00e9n\u00e9rale de rentr\u00e9e de parents d&#8217;\u00e9l\u00e8ves le samedi 15 septembre 2018 de 8h30 \u00e0 11h30 au Mill\u00e9nium.<\/span><\/strong><\/span><\/h5>\n","protected":false},"excerpt":{"rendered":"<p>MARDI 04 SEPTEMBRE 2018: 8H00 &#8211; 12H00: Accueil des classes de 6\u00e8me 14h00 &#8211; 16h00 : Accueil des classes de &hellip; <\/p>\n<p class=\"link-more\"><a href=\"https:\/\/site.ac-martinique.fr\/clg-edapierre\/?p=894\" class=\"more-link\">Lire la suite&#8230;<span class=\"screen-reader-text\"> &#8220;Calendrier De Rentr\u00e9e \/ Ann\u00e9e Scolaire 2018-2019&#8221;<\/span><\/a><\/p>\n","protected":false},"author":127,"featured_media":0,"comment_status":"closed","ping_status":"open","sticky":false,"template":"","format":"standard","meta":{"pagelayer_contact_templates":[],"_pagelayer_content":"","_uag_custom_page_level_css":"","episode_type":"","audio_file":"","podmotor_file_id":"","podmotor_episode_id":"","cover_image":"","cover_image_id":"","duration":"","filesize":"","filesize_raw":"","date_recorded":"","explicit":"","block":"","itunes_episode_number":"","itunes_title":"","itunes_season_number":"","itunes_episode_type":"","_themeisle_gutenberg_block_has_review":false,"footnotes":"","_links_to":"","_links_to_target":""},"categories":[3],"tags":[],"ppma_author":[42],"class_list":["post-894","post","type-post","status-publish","format-standard","hentry","category-vie-scolaire"],"yoast_head":"<!-- This site is optimized with the Yoast SEO plugin v27.5 - https:\/\/yoast.com\/product\/yoast-seo-wordpress\/ -->\n<title>Calendrier De Rentr\u00e9e \/ Ann\u00e9e Scolaire 2018-2019 - \u2728 Coll\u00e8ge Christiane EDA-PIERRE \u2728<\/title>\n<meta name=\"robots\" content=\"index, follow, max-snippet:-1, max-image-preview:large, max-video-preview:-1\" \/>\n<link rel=\"canonical\" href=\"https:\/\/site.ac-martinique.fr\/clg-edapierre\/?p=894\" \/>\n<meta property=\"og:locale\" content=\"fr_FR\" \/>\n<meta property=\"og:type\" content=\"article\" \/>\n<meta property=\"og:title\" content=\"Calendrier De Rentr\u00e9e \/ Ann\u00e9e Scolaire 2018-2019 - \u2728 Coll\u00e8ge Christiane EDA-PIERRE \u2728\" \/>\n<meta property=\"og:description\" content=\"MARDI 04 SEPTEMBRE 2018: 8H00 &#8211; 12H00: Accueil des classes de 6\u00e8me 14h00 &#8211; 16h00 : Accueil des classes de &hellip; Lire la suite... &quot;Calendrier De Rentr\u00e9e \/ Ann\u00e9e Scolaire 2018-2019&quot;\" \/>\n<meta property=\"og:url\" content=\"https:\/\/site.ac-martinique.fr\/clg-edapierre\/?p=894\" \/>\n<meta property=\"og:site_name\" content=\"\u2728 Coll\u00e8ge Christiane EDA-PIERRE \u2728\" \/>\n<meta property=\"article:published_time\" content=\"2018-08-29T13:55:19+00:00\" \/>\n<meta property=\"article:modified_time\" content=\"2018-08-29T14:04:20+00:00\" \/>\n<meta name=\"author\" content=\"webmestre\" \/>\n<meta name=\"twitter:card\" content=\"summary_large_image\" \/>\n<meta name=\"twitter:label1\" content=\"\u00c9crit par\" \/>\n\t<meta name=\"twitter:data1\" content=\"webmestre\" \/>\n<script type=\"application\/ld+json\" class=\"yoast-schema-graph\">{\"@context\":\"https:\\\/\\\/schema.org\",\"@graph\":[{\"@type\":\"Article\",\"@id\":\"https:\\\/\\\/site.ac-martinique.fr\\\/clg-edapierre\\\/?p=894#article\",\"isPartOf\":{\"@id\":\"https:\\\/\\\/site.ac-martinique.fr\\\/clg-edapierre\\\/?p=894\"},\"author\":{\"name\":\"webmestre\",\"@id\":\"https:\\\/\\\/site.ac-martinique.fr\\\/clg-edapierre\\\/#\\\/schema\\\/person\\\/8b3e8100616d089049492ea4356f2bdb\"},\"headline\":\"Calendrier De Rentr\u00e9e \\\/ Ann\u00e9e Scolaire 2018-2019\",\"datePublished\":\"2018-08-29T13:55:19+00:00\",\"dateModified\":\"2018-08-29T14:04:20+00:00\",\"mainEntityOfPage\":{\"@id\":\"https:\\\/\\\/site.ac-martinique.fr\\\/clg-edapierre\\\/?p=894\"},\"wordCount\":106,\"articleSection\":[\"Vie scolaire\"],\"inLanguage\":\"fr-FR\"},{\"@type\":\"WebPage\",\"@id\":\"https:\\\/\\\/site.ac-martinique.fr\\\/clg-edapierre\\\/?p=894\",\"url\":\"https:\\\/\\\/site.ac-martinique.fr\\\/clg-edapierre\\\/?p=894\",\"name\":\"Calendrier De Rentr\u00e9e \\\/ Ann\u00e9e Scolaire 2018-2019 - \u2728 Coll\u00e8ge Christiane EDA-PIERRE \u2728\",\"isPartOf\":{\"@id\":\"https:\\\/\\\/site.ac-martinique.fr\\\/clg-edapierre\\\/#website\"},\"datePublished\":\"2018-08-29T13:55:19+00:00\",\"dateModified\":\"2018-08-29T14:04:20+00:00\",\"author\":{\"@id\":\"https:\\\/\\\/site.ac-martinique.fr\\\/clg-edapierre\\\/#\\\/schema\\\/person\\\/8b3e8100616d089049492ea4356f2bdb\"},\"breadcrumb\":{\"@id\":\"https:\\\/\\\/site.ac-martinique.fr\\\/clg-edapierre\\\/?p=894#breadcrumb\"},\"inLanguage\":\"fr-FR\",\"potentialAction\":[{\"@type\":\"ReadAction\",\"target\":[\"https:\\\/\\\/site.ac-martinique.fr\\\/clg-edapierre\\\/?p=894\"]}]},{\"@type\":\"BreadcrumbList\",\"@id\":\"https:\\\/\\\/site.ac-martinique.fr\\\/clg-edapierre\\\/?p=894#breadcrumb\",\"itemListElement\":[{\"@type\":\"ListItem\",\"position\":1,\"name\":\"Accueil\",\"item\":\"https:\\\/\\\/site.ac-martinique.fr\\\/clg-edapierre\"},{\"@type\":\"ListItem\",\"position\":2,\"name\":\"Calendrier De Rentr\u00e9e \\\/ Ann\u00e9e Scolaire 2018-2019\"}]},{\"@type\":\"WebSite\",\"@id\":\"https:\\\/\\\/site.ac-martinique.fr\\\/clg-edapierre\\\/#website\",\"url\":\"https:\\\/\\\/site.ac-martinique.fr\\\/clg-edapierre\\\/\",\"name\":\"\u2728 Coll\u00e8ge Christiane EDA-PIERRE \u2728\",\"description\":\"\",\"potentialAction\":[{\"@type\":\"SearchAction\",\"target\":{\"@type\":\"EntryPoint\",\"urlTemplate\":\"https:\\\/\\\/site.ac-martinique.fr\\\/clg-edapierre\\\/?s={search_term_string}\"},\"query-input\":{\"@type\":\"PropertyValueSpecification\",\"valueRequired\":true,\"valueName\":\"search_term_string\"}}],\"inLanguage\":\"fr-FR\"},{\"@type\":\"Person\",\"@id\":\"https:\\\/\\\/site.ac-martinique.fr\\\/clg-edapierre\\\/#\\\/schema\\\/person\\\/8b3e8100616d089049492ea4356f2bdb\",\"name\":\"webmestre\",\"image\":{\"@type\":\"ImageObject\",\"inLanguage\":\"fr-FR\",\"@id\":\"https:\\\/\\\/secure.gravatar.com\\\/avatar\\\/?s=96&d=mm&r=g23494c9101089ad44ae88ce9d2f56aac\",\"url\":\"https:\\\/\\\/secure.gravatar.com\\\/avatar\\\/?s=96&d=mm&r=g\",\"contentUrl\":\"https:\\\/\\\/secure.gravatar.com\\\/avatar\\\/?s=96&d=mm&r=g\",\"caption\":\"webmestre\"},\"url\":\"https:\\\/\\\/site.ac-martinique.fr\\\/clg-edapierre\\\/?author=127\"}]}<\/script>\n<!-- \/ Yoast SEO plugin. -->","yoast_head_json":{"title":"Calendrier De Rentr\u00e9e \/ Ann\u00e9e Scolaire 2018-2019 - \u2728 Coll\u00e8ge Christiane EDA-PIERRE \u2728","robots":{"index":"index","follow":"follow","max-snippet":"max-snippet:-1","max-image-preview":"max-image-preview:large","max-video-preview":"max-video-preview:-1"},"canonical":"https:\/\/site.ac-martinique.fr\/clg-edapierre\/?p=894","og_locale":"fr_FR","og_type":"article","og_title":"Calendrier De Rentr\u00e9e \/ Ann\u00e9e Scolaire 2018-2019 - \u2728 Coll\u00e8ge Christiane EDA-PIERRE \u2728","og_description":"MARDI 04 SEPTEMBRE 2018: 8H00 &#8211; 12H00: Accueil des classes de 6\u00e8me 14h00 &#8211; 16h00 : Accueil des classes de &hellip; Lire la suite... \"Calendrier De Rentr\u00e9e \/ Ann\u00e9e Scolaire 2018-2019\"","og_url":"https:\/\/site.ac-martinique.fr\/clg-edapierre\/?p=894","og_site_name":"\u2728 Coll\u00e8ge Christiane EDA-PIERRE \u2728","article_published_time":"2018-08-29T13:55:19+00:00","article_modified_time":"2018-08-29T14:04:20+00:00","author":"webmestre","twitter_card":"summary_large_image","twitter_misc":{"\u00c9crit par":"webmestre"},"schema":{"@context":"https:\/\/schema.org","@graph":[{"@type":"Article","@id":"https:\/\/site.ac-martinique.fr\/clg-edapierre\/?p=894#article","isPartOf":{"@id":"https:\/\/site.ac-martinique.fr\/clg-edapierre\/?p=894"},"author":{"name":"webmestre","@id":"https:\/\/site.ac-martinique.fr\/clg-edapierre\/#\/schema\/person\/8b3e8100616d089049492ea4356f2bdb"},"headline":"Calendrier De Rentr\u00e9e \/ Ann\u00e9e Scolaire 2018-2019","datePublished":"2018-08-29T13:55:19+00:00","dateModified":"2018-08-29T14:04:20+00:00","mainEntityOfPage":{"@id":"https:\/\/site.ac-martinique.fr\/clg-edapierre\/?p=894"},"wordCount":106,"articleSection":["Vie scolaire"],"inLanguage":"fr-FR"},{"@type":"WebPage","@id":"https:\/\/site.ac-martinique.fr\/clg-edapierre\/?p=894","url":"https:\/\/site.ac-martinique.fr\/clg-edapierre\/?p=894","name":"Calendrier De Rentr\u00e9e \/ Ann\u00e9e Scolaire 2018-2019 - \u2728 Coll\u00e8ge Christiane EDA-PIERRE \u2728","isPartOf":{"@id":"https:\/\/site.ac-martinique.fr\/clg-edapierre\/#website"},"datePublished":"2018-08-29T13:55:19+00:00","dateModified":"2018-08-29T14:04:20+00:00","author":{"@id":"https:\/\/site.ac-martinique.fr\/clg-edapierre\/#\/schema\/person\/8b3e8100616d089049492ea4356f2bdb"},"breadcrumb":{"@id":"https:\/\/site.ac-martinique.fr\/clg-edapierre\/?p=894#breadcrumb"},"inLanguage":"fr-FR","potentialAction":[{"@type":"ReadAction","target":["https:\/\/site.ac-martinique.fr\/clg-edapierre\/?p=894"]}]},{"@type":"BreadcrumbList","@id":"https:\/\/site.ac-martinique.fr\/clg-edapierre\/?p=894#breadcrumb","itemListElement":[{"@type":"ListItem","position":1,"name":"Accueil","item":"https:\/\/site.ac-martinique.fr\/clg-edapierre"},{"@type":"ListItem","position":2,"name":"Calendrier De Rentr\u00e9e \/ Ann\u00e9e Scolaire 2018-2019"}]},{"@type":"WebSite","@id":"https:\/\/site.ac-martinique.fr\/clg-edapierre\/#website","url":"https:\/\/site.ac-martinique.fr\/clg-edapierre\/","name":"\u2728 Coll\u00e8ge Christiane EDA-PIERRE \u2728","description":"","potentialAction":[{"@type":"SearchAction","target":{"@type":"EntryPoint","urlTemplate":"https:\/\/site.ac-martinique.fr\/clg-edapierre\/?s={search_term_string}"},"query-input":{"@type":"PropertyValueSpecification","valueRequired":true,"valueName":"search_term_string"}}],"inLanguage":"fr-FR"},{"@type":"Person","@id":"https:\/\/site.ac-martinique.fr\/clg-edapierre\/#\/schema\/person\/8b3e8100616d089049492ea4356f2bdb","name":"webmestre","image":{"@type":"ImageObject","inLanguage":"fr-FR","@id":"https:\/\/secure.gravatar.com\/avatar\/?s=96&d=mm&r=g23494c9101089ad44ae88ce9d2f56aac","url":"https:\/\/secure.gravatar.com\/avatar\/?s=96&d=mm&r=g","contentUrl":"https:\/\/secure.gravatar.com\/avatar\/?s=96&d=mm&r=g","caption":"webmestre"},"url":"https:\/\/site.ac-martinique.fr\/clg-edapierre\/?author=127"}]}},"uagb_featured_image_src":{"full":false,"thumbnail":false,"medium":false,"medium_large":false,"large":false,"1536x1536":false,"2048x2048":false,"smart-post-landscape":false,"smart-post-portrait":false,"lambadalite-featured-image":false,"lambadalite-thumbnail-avatar":false,"mailpoet_newsletter_max":false},"uagb_author_info":{"display_name":"webmestre","author_link":"https:\/\/site.ac-martinique.fr\/clg-edapierre\/?author=127"},"uagb_comment_info":0,"uagb_excerpt":"MARDI 04 SEPTEMBRE 2018: 8H00 &#8211; 12H00: Accueil des classes de 6\u00e8me 14h00 &#8211; 16h00 : Accueil des classes de &hellip; Lire la suite... \"Calendrier De Rentr\u00e9e \/ Ann\u00e9e Scolaire 2018-2019\"","publishpress_future_action":{"enabled":false,"date":"2026-05-06 12:10:22","action":"change-status","newStatus":"draft","terms":[],"taxonomy":"category","extraData":[]},"publishpress_future_workflow_manual_trigger":{"enabledWorkflows":[]},"authors":[{"term_id":42,"user_id":127,"is_guest":0,"slug":"web0016k","display_name":"webmestre","avatar_url":"https:\/\/secure.gravatar.com\/avatar\/?s=96&d=mm&r=g","0":null,"1":"","2":"","3":"","4":"","5":"","6":"","7":"","8":""}],"amp_enabled":true,"_links":{"self":[{"href":"https:\/\/site.ac-martinique.fr\/clg-edapierre\/index.php?rest_route=\/wp\/v2\/posts\/894","targetHints":{"allow":["GET"]}}],"collection":[{"href":"https:\/\/site.ac-martinique.fr\/clg-edapierre\/index.php?rest_route=\/wp\/v2\/posts"}],"about":[{"href":"https:\/\/site.ac-martinique.fr\/clg-edapierre\/index.php?rest_route=\/wp\/v2\/types\/post"}],"author":[{"embeddable":true,"href":"https:\/\/site.ac-martinique.fr\/clg-edapierre\/index.php?rest_route=\/wp\/v2\/users\/127"}],"replies":[{"embeddable":true,"href":"https:\/\/site.ac-martinique.fr\/clg-edapierre\/index.php?rest_route=%2Fwp%2Fv2%2Fcomments&post=894"}],"version-history":[{"count":19,"href":"https:\/\/site.ac-martinique.fr\/clg-edapierre\/index.php?rest_route=\/wp\/v2\/posts\/894\/revisions"}],"predecessor-version":[{"id":911,"href":"https:\/\/site.ac-martinique.fr\/clg-edapierre\/index.php?rest_route=\/wp\/v2\/posts\/894\/revisions\/911"}],"wp:attachment":[{"href":"https:\/\/site.ac-martinique.fr\/clg-edapierre\/index.php?rest_route=%2Fwp%2Fv2%2Fmedia&parent=894"}],"wp:term":[{"taxonomy":"category","embeddable":true,"href":"https:\/\/site.ac-martinique.fr\/clg-edapierre\/index.php?rest_route=%2Fwp%2Fv2%2Fcategories&post=894"},{"taxonomy":"post_tag","embeddable":true,"href":"https:\/\/site.ac-martinique.fr\/clg-edapierre\/index.php?rest_route=%2Fwp%2Fv2%2Ftags&post=894"},{"taxonomy":"author","embeddable":true,"href":"https:\/\/site.ac-martinique.fr\/clg-edapierre\/index.php?rest_route=%2Fwp%2Fv2%2Fppma_author&post=894"}],"curies":[{"name":"wp","href":"https:\/\/api.w.org\/{rel}","templated":true}]}}