{"id":1802,"date":"2017-11-20T13:14:31","date_gmt":"2017-11-20T17:14:31","guid":{"rendered":"\/clg-edmondlucienvalard\/?p=1802"},"modified":"2017-11-23T11:49:54","modified_gmt":"2017-11-23T15:49:54","slug":"lorientation-en-classe-de-5eme","status":"publish","type":"post","link":"https:\/\/site.ac-martinique.fr\/clg-edmondlucienvalard\/?p=1802","title":{"rendered":"L&rsquo;orientation en classe de 5\u00e8me"},"content":{"rendered":"<p>Parents,<\/p>\n<p style=\"text-align: justify;\">\u00a0\u00a0\u00a0\u00a0 Le parcours individuel, d\u2019information, d\u2019orie<a href=\"\/clg-edmondlucienvalard\/wp-content\/uploads\/sites\/57\/2017\/11\/Orientation-5\u00e8me.jpg\"><img loading=\"lazy\" decoding=\"async\" class=\"alignright wp-image-1803\" src=\"\/clg-edmondlucienvalard\/wp-content\/uploads\/sites\/57\/2017\/11\/Orientation-5\u00e8me.jpg\" alt=\"\" width=\"167\" height=\"134\" \/><\/a>ntation et de d\u00e9couverte du monde \u00e9conomique et professionnel, appel\u00e9 \u00a0\u00ab\u00a0Parcours Avenir \u00a0\u00bb doit permettre \u00e0 tous les \u00e9l\u00e8ves de la 6e \u00e0 la terminale de choisir leur orientation de fa\u00e7on \u00e9clair\u00e9e.<\/p>\n<p style=\"text-align: justify;\">1)\u00a0\u00a0\u00a0\u00a0 Pour ce faire, l\u2019\u00c9ducation Nationale met \u00e0 la disposition des \u00e9l\u00e8ves une application appel\u00e9e \u00ab\u00a0FOLIOS\u00a0\u00bb. <!--more-->Cet outil num\u00e9rique\u00a0 a pour objectif de favoriser la mise en \u0153uvre des 4 parcours \u00e9ducatifs (\u00ab\u00a0Avenir\u00a0\u00bb, \u00ab\u00a0Artistique et Culturel\u00a0\u00bb, \u00ab\u00a0Citoyen\u00a0\u00bb et \u00ab\u00a0Sant\u00e9\u00a0\u00bb) en proposant un support structurant pour valoriser les exp\u00e9riences et comp\u00e9tences scolaires et extrascolaires des \u00e9l\u00e8ves. Aussi, les \u00e9l\u00e8ves de 5\u00e8 d\u00e9couvriront cette application \u00ab\u00a0FOLIOS\u00a0\u00bb dans le cadre des cours de Technologie en groupe d\u00e8s la semaine du 20 novembre et pourront, \u00e0 compter du 27 novembre, se familiariser davantage et \u00e0 leur guise avec cet outil lors des pauses m\u00e9ridiennes\u00a0:<\/p>\n<p style=\"text-align: justify;\">&#8211;\u00a0\u00a0\u00a0\u00a0\u00a0\u00a0 Du lundi et mardi (avec M. Hontarr\u00e8de) de 12h15 \u00e0 13h15 en salle J10<br \/>\n&#8211;\u00a0 \u00a0\u00a0\u00a0 Du mardi et du jeudi (avec Mme Sorbon) de 12h15 \u00e0 13h15 en salle I11 ou multim\u00e9dia.<\/p>\n<p style=\"text-align: justify;\">Et ce, jusqu\u2019au 14 d\u00e9cembre 2017.<\/p>\n<p style=\"text-align: justify;\">2)\u00a0\u00a0\u00a0\u00a0 Par ailleurs, l\u2019Onisep Occitanie et ses partenaires proposent le jeu concours en ligne \u00ab L\u2019avenir s\u2019imagine ! \u00bb. Ce concours de textes, vid\u00e9os, blogs et autres petits objets multim\u00e9dias (pom) sur la vision d\u2019un m\u00e9tier dans vingt ans invite \u00e0 imaginer autrement son avenir et l\u2019\u00e9galit\u00e9 entre les femmes et les hommes dans la soci\u00e9t\u00e9. \u00c9galement jeu s\u00e9rieux, \u00ab L\u2019avenir s\u2019imagine ! \u00bb est ouvert \u00e0 tout public en individuel sans limite d\u2019\u00e2ge ou en groupe classe avec un enseignant ou un animateur. L\u2019objectif du jeu accompagnant le concours est d\u2019\u00e9veiller la curiosit\u00e9 pour pr\u00e9parer son orientation scolaire et professionnelle. Il aide \u00e0 se poser certaines questions utiles comme par exemple :<\/p>\n<p style=\"text-align: justify;\">&#8211;\u00a0\u00a0\u00a0\u00a0\u00a0\u00a0\u00a0 Comment d\u00e9couvrir un m\u00e9tier ?<br \/>\n&#8211;\u00a0\u00a0\u00a0\u00a0\u00a0\u00a0\u00a0 Les filles et les gar\u00e7ons ont-ils les m\u00eames chances de l\u2019exercer ?<br \/>\n&#8211;\u00a0\u00a0\u00a0\u00a0\u00a0\u00a0\u00a0 Que faire si aujourd\u2019hui on ne se sent pas bien \u00e0 l\u2019\u00e9cole ?<\/p>\n<p style=\"text-align: justify;\">\u00a0\u00a0\u00a0\u00a0\u00a0\u00a0 Pour cela, le jeu est con\u00e7u comme un parcours de rencontres de personnages qui font d\u00e9couvrir leur m\u00e9tier ou leur parcours \u00e0 l\u2019aide de quiz. Aussi le coll\u00e8ge Edmond-Lucien VALARD propose aux \u00e9l\u00e8ves de 5\u00e8 d\u2019y participer afin de se lancer de mani\u00e8re ludique et attractive sur leur parcours avenir \u00e0 compter du mois de janvier.<br \/>\nMme Sorbon, aid\u00e9 de M. Hontarr\u00e8de, sera le R\u00e9f\u00e9rent de ce projet.<\/p>\n","protected":false},"excerpt":{"rendered":"<p>Parents, \u00a0\u00a0\u00a0\u00a0 Le parcours individuel, d\u2019information, d\u2019orientation et de d\u00e9couverte du monde \u00e9conomique et professionnel, appel\u00e9 \u00a0\u00ab\u00a0Parcours Avenir \u00a0\u00bb doit permettre \u00e0 tous les \u00e9l\u00e8ves de la 6e \u00e0 la terminale de choisir leur orientation de fa\u00e7on \u00e9clair\u00e9e. 1)\u00a0\u00a0\u00a0\u00a0 Pour &hellip; <a href=\"https:\/\/site.ac-martinique.fr\/clg-edmondlucienvalard\/?p=1802\">Continuer la lecture <span class=\"meta-nav\">&rarr;<\/span><\/a><\/p>\n","protected":false},"author":136,"featured_media":0,"comment_status":"closed","ping_status":"open","sticky":false,"template":"","format":"standard","meta":{"footnotes":""},"categories":[71,14,21,66,54],"tags":[],"class_list":["post-1802","post","type-post","status-publish","format-standard","hentry","category-5eme","category-actions-projets","category-conseillere-dorientation-psychologue","category-parcours-avenir","category-parents"],"_links":{"self":[{"href":"https:\/\/site.ac-martinique.fr\/clg-edmondlucienvalard\/index.php?rest_route=\/wp\/v2\/posts\/1802","targetHints":{"allow":["GET"]}}],"collection":[{"href":"https:\/\/site.ac-martinique.fr\/clg-edmondlucienvalard\/index.php?rest_route=\/wp\/v2\/posts"}],"about":[{"href":"https:\/\/site.ac-martinique.fr\/clg-edmondlucienvalard\/index.php?rest_route=\/wp\/v2\/types\/post"}],"author":[{"embeddable":true,"href":"https:\/\/site.ac-martinique.fr\/clg-edmondlucienvalard\/index.php?rest_route=\/wp\/v2\/users\/136"}],"replies":[{"embeddable":true,"href":"https:\/\/site.ac-martinique.fr\/clg-edmondlucienvalard\/index.php?rest_route=%2Fwp%2Fv2%2Fcomments&post=1802"}],"version-history":[{"count":5,"href":"https:\/\/site.ac-martinique.fr\/clg-edmondlucienvalard\/index.php?rest_route=\/wp\/v2\/posts\/1802\/revisions"}],"predecessor-version":[{"id":1808,"href":"https:\/\/site.ac-martinique.fr\/clg-edmondlucienvalard\/index.php?rest_route=\/wp\/v2\/posts\/1802\/revisions\/1808"}],"wp:attachment":[{"href":"https:\/\/site.ac-martinique.fr\/clg-edmondlucienvalard\/index.php?rest_route=%2Fwp%2Fv2%2Fmedia&parent=1802"}],"wp:term":[{"taxonomy":"category","embeddable":true,"href":"https:\/\/site.ac-martinique.fr\/clg-edmondlucienvalard\/index.php?rest_route=%2Fwp%2Fv2%2Fcategories&post=1802"},{"taxonomy":"post_tag","embeddable":true,"href":"https:\/\/site.ac-martinique.fr\/clg-edmondlucienvalard\/index.php?rest_route=%2Fwp%2Fv2%2Ftags&post=1802"}],"curies":[{"name":"wp","href":"https:\/\/api.w.org\/{rel}","templated":true}]}}