{"id":1809,"date":"2017-11-20T21:29:26","date_gmt":"2017-11-21T01:29:26","guid":{"rendered":"\/clg-edmondlucienvalard\/?p=1809"},"modified":"2017-11-20T21:38:41","modified_gmt":"2017-11-21T01:38:41","slug":"ceremonie-de-commemoration-du-11-novembre","status":"publish","type":"post","link":"https:\/\/site.ac-martinique.fr\/clg-edmondlucienvalard\/?p=1809","title":{"rendered":"C\u00e9r\u00e9monie de comm\u00e9moration du 11 novembre"},"content":{"rendered":"<p style=\"text-align: justify;\">Lors de la c\u00e9r\u00e9monie de comm\u00e9moration du 11 novembre, on a pu compter, parmi les personnalit\u00e9s pr\u00e9sentes, une d\u00e9l\u00e9ga<a href=\"\/clg-edmondlucienvalard\/wp-content\/uploads\/sites\/57\/2017\/11\/11-nov-2017-1-e1511227178325.jpg\" target=\"_blank\"><img loading=\"lazy\" decoding=\"async\" class=\"alignleft wp-image-1811\" src=\"\/clg-edmondlucienvalard\/wp-content\/uploads\/sites\/57\/2017\/11\/11-nov-2017-1-300x169.jpg\" alt=\"\" width=\"241\" height=\"140\" \/><\/a>tion d\u2019\u00e9l\u00e8ves des coll\u00e8ges de Dillon 2 et Edmond-Lucien VALARD de Saint-Esprit.<\/p>\n<p style=\"text-align: justify;\">Notre pr\u00e9sence s\u2019explique par l\u2019invitation du colonel TISSIER pour la mise \u00e0 l\u2019honneur d\u2019un spiritain.<!--more--><\/p>\n<p style=\"text-align: justify;\">Une quinzaine d\u2019\u00e9l\u00e8ve du coll\u00e8ge, encadr\u00e9e par leur professeur de fran\u00e7ais et une volontaire du service civique, a particip\u00e9 \u00e0 la comm\u00e9moration de l\u2019armistice de la Premi\u00e8re guerre qui se d\u00e9roulait au pied du monument aux morts \u00e0 Fort-de-France.<\/p>\n<p style=\"text-align: justify;\">Ils ont jou\u00e9 un r\u00f4le pr\u00e9pond\u00e9rant au cours de la manifestation. Certains se tenaient debout aux c\u00f4t\u00e9s des chefs d\u2019\u00e9tablissement et des porteurs de drapeau pendant que les autres officiaient au micro.<\/p>\n<p style=\"text-align: justify;\">En effet, une \u00e9l\u00e8ve a lu une lettre dans laquelle le Caporal BANAR\u00c9 (poilu martiniquais) d\u00e9crivait l\u2019horreur de la guerre.<\/p>\n<p style=\"text-align: justify;\">Une autre avait la charge de pr\u00e9senter le pan\u00e9gyrique de l\u2019ancien combattant spiritain\u00a0: Nestor P\u00c9RINA.<\/p>\n<p style=\"text-align: justify;\">Ce dernier a \u00e9t\u00e9 mis \u00e0 l\u2019honneur lors de la c\u00e9r\u00e9monie. Afin de lui rendre hommage, les coll\u00e9giens sous la houlette de leurs professeurs d\u2019histoire-g\u00e9ographie, \u00a0ont r\u00e9alis\u00e9 des recherches en amont et l\u2019ont rencontr\u00e9 pour ensuite r\u00e9diger le pan\u00e9gyrique.<\/p>\n<p style=\"text-align: justify;\">Enfin, tous les \u00e9l\u00e8ves ont entonn\u00e9 la Marseillaise pour cl\u00f4turer la c\u00e9r\u00e9monie.<\/p>\n<p style=\"text-align: justify;\">Face aux compliments de M. P\u00c9RINA, des militaires et des \u00e9lus martiniquais, les \u00e9l\u00e8ves \u00e9taient tr\u00e8s \u00e9mus. Ils ont particuli\u00e8rement appr\u00e9ci\u00e9 de rencontrer le Pr\u00e9fet, le Chef de corps du RSMA et le Maire de Fort-de-France.<\/p>\n\n\t\t<style type=\"text\/css\">\n\t\t\t#gallery-1 {\n\t\t\t\tmargin: auto;\n\t\t\t}\n\t\t\t#gallery-1 .gallery-item {\n\t\t\t\tfloat: left;\n\t\t\t\tmargin-top: 10px;\n\t\t\t\ttext-align: center;\n\t\t\t\twidth: 25%;\n\t\t\t}\n\t\t\t#gallery-1 img {\n\t\t\t\tborder: 2px solid #cfcfcf;\n\t\t\t}\n\t\t\t#gallery-1 .gallery-caption {\n\t\t\t\tmargin-left: 0;\n\t\t\t}\n\t\t\t\/* see gallery_shortcode() in wp-includes\/media.php *\/\n\t\t<\/style>\n\t\t<div id='gallery-1' class='gallery galleryid-1809 gallery-columns-4 gallery-size-thumbnail'><dl class='gallery-item'>\n\t\t\t<dt class='gallery-icon landscape'>\n\t\t\t\t<a href='https:\/\/site.ac-martinique.fr\/clg-edmondlucienvalard\/?attachment_id=1813'><img loading=\"lazy\" decoding=\"async\" width=\"150\" height=\"150\" src=\"https:\/\/site.ac-martinique.fr\/clg-edmondlucienvalard\/wp-content\/uploads\/sites\/57\/2017\/11\/11-nov-2017-2-150x150.jpg\" class=\"attachment-thumbnail size-thumbnail\" alt=\"\" \/><\/a>\n\t\t\t<\/dt><\/dl><dl class='gallery-item'>\n\t\t\t<dt class='gallery-icon landscape'>\n\t\t\t\t<a href='https:\/\/site.ac-martinique.fr\/clg-edmondlucienvalard\/?attachment_id=1814'><img loading=\"lazy\" decoding=\"async\" width=\"150\" height=\"150\" src=\"https:\/\/site.ac-martinique.fr\/clg-edmondlucienvalard\/wp-content\/uploads\/sites\/57\/2017\/11\/11-nov-2017-3-150x150.jpg\" class=\"attachment-thumbnail size-thumbnail\" alt=\"\" \/><\/a>\n\t\t\t<\/dt><\/dl><dl class='gallery-item'>\n\t\t\t<dt class='gallery-icon landscape'>\n\t\t\t\t<a href='https:\/\/site.ac-martinique.fr\/clg-edmondlucienvalard\/?attachment_id=1815'><img loading=\"lazy\" decoding=\"async\" width=\"150\" height=\"150\" src=\"https:\/\/site.ac-martinique.fr\/clg-edmondlucienvalard\/wp-content\/uploads\/sites\/57\/2017\/11\/11-nov-2017-4-150x150.jpg\" class=\"attachment-thumbnail size-thumbnail\" alt=\"\" \/><\/a>\n\t\t\t<\/dt><\/dl><dl class='gallery-item'>\n\t\t\t<dt class='gallery-icon landscape'>\n\t\t\t\t<a href='https:\/\/site.ac-martinique.fr\/clg-edmondlucienvalard\/?attachment_id=1812'><img loading=\"lazy\" decoding=\"async\" width=\"150\" height=\"150\" src=\"https:\/\/site.ac-martinique.fr\/clg-edmondlucienvalard\/wp-content\/uploads\/sites\/57\/2017\/11\/11-nov-2017-5-150x150.jpg\" class=\"attachment-thumbnail size-thumbnail\" alt=\"\" \/><\/a>\n\t\t\t<\/dt><\/dl><br style=\"clear: both\" \/>\n\t\t<\/div>\n\n<p style=\"text-align: justify;\">Ils ont \u00e9t\u00e9 subjugu\u00e9s par la salle de d\u00e9lib\u00e9ration de la mairie de Fort-de-France o\u00f9 Aim\u00e9 C\u00e9saire a conduit les affaires de la ville pendant 40 ans et ont \u00e9t\u00e9 tr\u00e8s fiers d\u2019avoir particip\u00e9 pour la premi\u00e8re fois \u00e0 la c\u00e9r\u00e9monie du 11 novembre.<\/p>\n<p style=\"text-align: justify;\">Les \u00e9l\u00e8ves sont repartis grandis et fiers d\u2019avoir particip\u00e9 \u00e0 cette comm\u00e9moration et d\u2019avoir re\u00e7u tant de consid\u00e9ration. Ils ont dignement repr\u00e9sent\u00e9 leur \u00e9tablissement scolaire et leur ville.<\/p>\n<p style=\"text-align: justify;\">Les \u00e9l\u00e8ves ayant particip\u00e9 sont\u00a0: MORITZ-WARIN Noah, PLATON S\u00e9phora, VAUDRAN Rachelle, VALOISE-RODRIDE M\u00e9lissa, ALHIM Kethleen, MONTLOUIS-PRIVAT Ambre, ARNOLIN C\u00e9lia, CAUCHIE Emilie, MARIE-LOUISE Doryan, BERISSON Stellinda, LISE Sonnely, PARTY Camille et LECURIEUX-BELLEFOND\u00a0 Erika.<\/p>\n","protected":false},"excerpt":{"rendered":"<p>Lors de la c\u00e9r\u00e9monie de comm\u00e9moration du 11 novembre, on a pu compter, parmi les personnalit\u00e9s pr\u00e9sentes, une d\u00e9l\u00e9gation d\u2019\u00e9l\u00e8ves des coll\u00e8ges de Dillon 2 et Edmond-Lucien VALARD de Saint-Esprit. Notre pr\u00e9sence s\u2019explique par l\u2019invitation du colonel TISSIER pour la &hellip; <a href=\"https:\/\/site.ac-martinique.fr\/clg-edmondlucienvalard\/?p=1809\">Continuer la lecture <span class=\"meta-nav\">&rarr;<\/span><\/a><\/p>\n","protected":false},"author":136,"featured_media":0,"comment_status":"closed","ping_status":"open","sticky":false,"template":"","format":"standard","meta":{"footnotes":""},"categories":[14,39,53,68,54,12],"tags":[],"class_list":["post-1809","post","type-post","status-publish","format-standard","hentry","category-actions-projets","category-histoire-geographie","category-municipalite","category-parcours-citoyen","category-parents","category-sorties"],"_links":{"self":[{"href":"https:\/\/site.ac-martinique.fr\/clg-edmondlucienvalard\/index.php?rest_route=\/wp\/v2\/posts\/1809","targetHints":{"allow":["GET"]}}],"collection":[{"href":"https:\/\/site.ac-martinique.fr\/clg-edmondlucienvalard\/index.php?rest_route=\/wp\/v2\/posts"}],"about":[{"href":"https:\/\/site.ac-martinique.fr\/clg-edmondlucienvalard\/index.php?rest_route=\/wp\/v2\/types\/post"}],"author":[{"embeddable":true,"href":"https:\/\/site.ac-martinique.fr\/clg-edmondlucienvalard\/index.php?rest_route=\/wp\/v2\/users\/136"}],"replies":[{"embeddable":true,"href":"https:\/\/site.ac-martinique.fr\/clg-edmondlucienvalard\/index.php?rest_route=%2Fwp%2Fv2%2Fcomments&post=1809"}],"version-history":[{"count":4,"href":"https:\/\/site.ac-martinique.fr\/clg-edmondlucienvalard\/index.php?rest_route=\/wp\/v2\/posts\/1809\/revisions"}],"predecessor-version":[{"id":1819,"href":"https:\/\/site.ac-martinique.fr\/clg-edmondlucienvalard\/index.php?rest_route=\/wp\/v2\/posts\/1809\/revisions\/1819"}],"wp:attachment":[{"href":"https:\/\/site.ac-martinique.fr\/clg-edmondlucienvalard\/index.php?rest_route=%2Fwp%2Fv2%2Fmedia&parent=1809"}],"wp:term":[{"taxonomy":"category","embeddable":true,"href":"https:\/\/site.ac-martinique.fr\/clg-edmondlucienvalard\/index.php?rest_route=%2Fwp%2Fv2%2Fcategories&post=1809"},{"taxonomy":"post_tag","embeddable":true,"href":"https:\/\/site.ac-martinique.fr\/clg-edmondlucienvalard\/index.php?rest_route=%2Fwp%2Fv2%2Ftags&post=1809"}],"curies":[{"name":"wp","href":"https:\/\/api.w.org\/{rel}","templated":true}]}}