{"id":1820,"date":"2017-12-03T21:48:44","date_gmt":"2017-12-04T01:48:44","guid":{"rendered":"\/clg-edmondlucienvalard\/?p=1820"},"modified":"2017-12-03T22:24:36","modified_gmt":"2017-12-04T02:24:36","slug":"laicite-laffaire-de-tous","status":"publish","type":"post","link":"https:\/\/site.ac-martinique.fr\/clg-edmondlucienvalard\/?p=1820","title":{"rendered":"La\u00efcit\u00e9 : l&rsquo;affaire de tous"},"content":{"rendered":"<p style=\"text-align: justify;\">\u00a0\u00a0\u00a0\u00a0\u00a0\u00a0 Dans le cadre de l\u2019EMC les \u00e9l\u00e8ves de 3\u00b0A et 3\u00b0B ont mis en \u0153uvre \u00e0 leurs mani\u00e8res un mur de la la\u00efcit\u00e9 de fa\u00e7on \u00e0\u00a0 rappeler la charte mise en place par le gouvernement pour les \u00e9tablissements scolaires, <em>la <a href=\"\/clg-edmondlucienvalard\/wp-content\/uploads\/sites\/57\/2017\/12\/Charte-laicite-2017.pdf\" target=\"_blank\">Charte de la la\u00efcit\u00e9 \u00e0 l&rsquo;\u00e9cole<\/a> a \u00e9t\u00e9 \u00e9labor\u00e9e \u00e0 l&rsquo;intention des personnels, des \u00e9l\u00e8ves et de l&rsquo;ensemble de la communaut\u00e9 \u00e9ducativ<\/em>e, ce qui entre dans notre mission d\u2019\u00e9ducation \u00e0 la citoyennet\u00e9.<\/p>\n<p style=\"text-align: justify;\">\u00a0\u00a0\u00a0\u00a0\u00a0\u00a0 Un mur de la parole va \u00eatre expos\u00e9 au sein du hall du CDI \u00e0 partir du Jeudi 07 D\u00e9cembre 2017.<\/p>\n<p style=\"text-align: justify;\">\u00a0\u00a0\u00a0\u00a0\u00a0\u00a0 Nous sommes TOUS concern\u00e9s par la sensibilisation \u00e0 la la\u00efcit\u00e9 au sein de l\u2019\u00e9cole, c\u2019est pourquoi, nous vous invitons, si vous le souhaitez, \u00e0 participer avec nous \u00e0 l\u2019\u00e9laboration de ce mur en y apportant des mots, vos mots qu, pour vous, repr\u00e9sentent la \u00ab\u00a0 <strong><em>LA\u00cfCITE AU SEIN DE L\u2019ECOLE<\/em><\/strong>\u00a0\u00bb ou m\u00eame des illustrations.<\/p>\n<p>Pour ce, \u00a0nous mettons \u00e0 votre disposition affiches et feutres.<\/p>\n<p>Toutes participations et id\u00e9es sont les bienvenues veuillez vous adresser \u00e0 Laury (volontaire du\u00a0 Service Civique) ou Mme Fran\u00e7ois.<\/p>\n","protected":false},"excerpt":{"rendered":"<p>\u00a0\u00a0\u00a0\u00a0\u00a0\u00a0 Dans le cadre de l\u2019EMC les \u00e9l\u00e8ves de 3\u00b0A et 3\u00b0B ont mis en \u0153uvre \u00e0 leurs mani\u00e8res un mur de la la\u00efcit\u00e9 de fa\u00e7on \u00e0\u00a0 rappeler la charte mise en place par le gouvernement pour les \u00e9tablissements scolaires, &hellip; <a href=\"https:\/\/site.ac-martinique.fr\/clg-edmondlucienvalard\/?p=1820\">Continuer la lecture <span class=\"meta-nav\">&rarr;<\/span><\/a><\/p>\n","protected":false},"author":136,"featured_media":0,"comment_status":"closed","ping_status":"open","sticky":false,"template":"","format":"standard","meta":{"footnotes":""},"categories":[14,40,1,68,23],"tags":[],"class_list":["post-1820","post","type-post","status-publish","format-standard","hentry","category-actions-projets","category-education-civique-et-morale","category-non-classe","category-parcours-citoyen","category-personnels"],"_links":{"self":[{"href":"https:\/\/site.ac-martinique.fr\/clg-edmondlucienvalard\/index.php?rest_route=\/wp\/v2\/posts\/1820","targetHints":{"allow":["GET"]}}],"collection":[{"href":"https:\/\/site.ac-martinique.fr\/clg-edmondlucienvalard\/index.php?rest_route=\/wp\/v2\/posts"}],"about":[{"href":"https:\/\/site.ac-martinique.fr\/clg-edmondlucienvalard\/index.php?rest_route=\/wp\/v2\/types\/post"}],"author":[{"embeddable":true,"href":"https:\/\/site.ac-martinique.fr\/clg-edmondlucienvalard\/index.php?rest_route=\/wp\/v2\/users\/136"}],"replies":[{"embeddable":true,"href":"https:\/\/site.ac-martinique.fr\/clg-edmondlucienvalard\/index.php?rest_route=%2Fwp%2Fv2%2Fcomments&post=1820"}],"version-history":[{"count":2,"href":"https:\/\/site.ac-martinique.fr\/clg-edmondlucienvalard\/index.php?rest_route=\/wp\/v2\/posts\/1820\/revisions"}],"predecessor-version":[{"id":1825,"href":"https:\/\/site.ac-martinique.fr\/clg-edmondlucienvalard\/index.php?rest_route=\/wp\/v2\/posts\/1820\/revisions\/1825"}],"wp:attachment":[{"href":"https:\/\/site.ac-martinique.fr\/clg-edmondlucienvalard\/index.php?rest_route=%2Fwp%2Fv2%2Fmedia&parent=1820"}],"wp:term":[{"taxonomy":"category","embeddable":true,"href":"https:\/\/site.ac-martinique.fr\/clg-edmondlucienvalard\/index.php?rest_route=%2Fwp%2Fv2%2Fcategories&post=1820"},{"taxonomy":"post_tag","embeddable":true,"href":"https:\/\/site.ac-martinique.fr\/clg-edmondlucienvalard\/index.php?rest_route=%2Fwp%2Fv2%2Ftags&post=1820"}],"curies":[{"name":"wp","href":"https:\/\/api.w.org\/{rel}","templated":true}]}}