{"id":2288,"date":"2018-09-16T22:58:53","date_gmt":"2018-09-17T02:58:53","guid":{"rendered":"\/clg-edmondlucienvalard\/?p=2288"},"modified":"2018-09-16T23:00:25","modified_gmt":"2018-09-17T03:00:25","slug":"information-aux-parents-deleves-de-6eme-et-de-5eme","status":"publish","type":"post","link":"https:\/\/site.ac-martinique.fr\/clg-edmondlucienvalard\/?p=2288","title":{"rendered":"Information aux parents d&rsquo;\u00e9l\u00e8ves de 6\u00e8me et de 5\u00e8me"},"content":{"rendered":"<p>La randonn\u00e9e de coh\u00e9sion des \u00e9l\u00e8ves de 5\u00e8me, \u00e0 Sainte-Anne, est report\u00e9e au jeudi 20 Septembre et celle des \u00e9l\u00e8ves de 6\u00e8me, au vendredi 12 Octobre 2018.<\/p>\n","protected":false},"excerpt":{"rendered":"<p>La randonn\u00e9e de coh\u00e9sion des \u00e9l\u00e8ves de 5\u00e8me, \u00e0 Sainte-Anne, est report\u00e9e au jeudi 20 Septembre et celle des \u00e9l\u00e8ves de 6\u00e8me, au vendredi 12 Octobre 2018.<\/p>\n","protected":false},"author":136,"featured_media":0,"comment_status":"closed","ping_status":"open","sticky":false,"template":"","format":"standard","meta":{"footnotes":""},"categories":[34,62,54,12],"tags":[],"class_list":["post-2288","post","type-post","status-publish","format-standard","hentry","category-e-p-s","category-infos-pratiques","category-parents","category-sorties"],"_links":{"self":[{"href":"https:\/\/site.ac-martinique.fr\/clg-edmondlucienvalard\/index.php?rest_route=\/wp\/v2\/posts\/2288","targetHints":{"allow":["GET"]}}],"collection":[{"href":"https:\/\/site.ac-martinique.fr\/clg-edmondlucienvalard\/index.php?rest_route=\/wp\/v2\/posts"}],"about":[{"href":"https:\/\/site.ac-martinique.fr\/clg-edmondlucienvalard\/index.php?rest_route=\/wp\/v2\/types\/post"}],"author":[{"embeddable":true,"href":"https:\/\/site.ac-martinique.fr\/clg-edmondlucienvalard\/index.php?rest_route=\/wp\/v2\/users\/136"}],"replies":[{"embeddable":true,"href":"https:\/\/site.ac-martinique.fr\/clg-edmondlucienvalard\/index.php?rest_route=%2Fwp%2Fv2%2Fcomments&post=2288"}],"version-history":[{"count":3,"href":"https:\/\/site.ac-martinique.fr\/clg-edmondlucienvalard\/index.php?rest_route=\/wp\/v2\/posts\/2288\/revisions"}],"predecessor-version":[{"id":2291,"href":"https:\/\/site.ac-martinique.fr\/clg-edmondlucienvalard\/index.php?rest_route=\/wp\/v2\/posts\/2288\/revisions\/2291"}],"wp:attachment":[{"href":"https:\/\/site.ac-martinique.fr\/clg-edmondlucienvalard\/index.php?rest_route=%2Fwp%2Fv2%2Fmedia&parent=2288"}],"wp:term":[{"taxonomy":"category","embeddable":true,"href":"https:\/\/site.ac-martinique.fr\/clg-edmondlucienvalard\/index.php?rest_route=%2Fwp%2Fv2%2Fcategories&post=2288"},{"taxonomy":"post_tag","embeddable":true,"href":"https:\/\/site.ac-martinique.fr\/clg-edmondlucienvalard\/index.php?rest_route=%2Fwp%2Fv2%2Ftags&post=2288"}],"curies":[{"name":"wp","href":"https:\/\/api.w.org\/{rel}","templated":true}]}}