{"id":2335,"date":"2018-10-01T10:50:49","date_gmt":"2018-10-01T14:50:49","guid":{"rendered":"\/clg-edmondlucienvalard\/?p=2335"},"modified":"2018-10-01T10:52:13","modified_gmt":"2018-10-01T14:52:13","slug":"avis-aux-parents-reunion","status":"publish","type":"post","link":"https:\/\/site.ac-martinique.fr\/clg-edmondlucienvalard\/?p=2335","title":{"rendered":"Avis aux parents- R\u00e9union du 04-10-2018"},"content":{"rendered":"<p>Suite \u00e0 la d\u00e9cision pr\u00e9fectorale du jeudi 27 octobre de la fermeture des \u00e9tablissements scolaires, la r\u00e9union qui \u00e9tait pr\u00e9vue pour le vendredi 28 septembre est report\u00e9e le\u00a0:<\/p>\n<p style=\"text-align: center;\"><strong>JEUDI 4 OCTOBRE\u00a0 A 17H00<\/strong><\/p>\n<p>Pr\u00e9alablement \u00e0 cette rencontre les diff\u00e9rents codes seront remis aux parents de 16h00 \u00e0 17h00.<br \/>\nCordialement<\/p>\n<p style=\"text-align: right;\">La Principale T. GREVINET-GRANDU<\/p>\n","protected":false},"excerpt":{"rendered":"<p>Suite \u00e0 la d\u00e9cision pr\u00e9fectorale du jeudi 27 octobre de la fermeture des \u00e9tablissements scolaires, la r\u00e9union qui \u00e9tait pr\u00e9vue pour le vendredi 28 septembre est report\u00e9e le\u00a0: JEUDI 4 OCTOBRE\u00a0 A 17H00 Pr\u00e9alablement \u00e0 cette rencontre les diff\u00e9rents codes &hellip; <a href=\"https:\/\/site.ac-martinique.fr\/clg-edmondlucienvalard\/?p=2335\">Continuer la lecture <span class=\"meta-nav\">&rarr;<\/span><\/a><\/p>\n","protected":false},"author":136,"featured_media":0,"comment_status":"closed","ping_status":"open","sticky":false,"template":"","format":"standard","meta":{"footnotes":""},"categories":[62,54],"tags":[],"class_list":["post-2335","post","type-post","status-publish","format-standard","hentry","category-infos-pratiques","category-parents"],"_links":{"self":[{"href":"https:\/\/site.ac-martinique.fr\/clg-edmondlucienvalard\/index.php?rest_route=\/wp\/v2\/posts\/2335","targetHints":{"allow":["GET"]}}],"collection":[{"href":"https:\/\/site.ac-martinique.fr\/clg-edmondlucienvalard\/index.php?rest_route=\/wp\/v2\/posts"}],"about":[{"href":"https:\/\/site.ac-martinique.fr\/clg-edmondlucienvalard\/index.php?rest_route=\/wp\/v2\/types\/post"}],"author":[{"embeddable":true,"href":"https:\/\/site.ac-martinique.fr\/clg-edmondlucienvalard\/index.php?rest_route=\/wp\/v2\/users\/136"}],"replies":[{"embeddable":true,"href":"https:\/\/site.ac-martinique.fr\/clg-edmondlucienvalard\/index.php?rest_route=%2Fwp%2Fv2%2Fcomments&post=2335"}],"version-history":[{"count":2,"href":"https:\/\/site.ac-martinique.fr\/clg-edmondlucienvalard\/index.php?rest_route=\/wp\/v2\/posts\/2335\/revisions"}],"predecessor-version":[{"id":2337,"href":"https:\/\/site.ac-martinique.fr\/clg-edmondlucienvalard\/index.php?rest_route=\/wp\/v2\/posts\/2335\/revisions\/2337"}],"wp:attachment":[{"href":"https:\/\/site.ac-martinique.fr\/clg-edmondlucienvalard\/index.php?rest_route=%2Fwp%2Fv2%2Fmedia&parent=2335"}],"wp:term":[{"taxonomy":"category","embeddable":true,"href":"https:\/\/site.ac-martinique.fr\/clg-edmondlucienvalard\/index.php?rest_route=%2Fwp%2Fv2%2Fcategories&post=2335"},{"taxonomy":"post_tag","embeddable":true,"href":"https:\/\/site.ac-martinique.fr\/clg-edmondlucienvalard\/index.php?rest_route=%2Fwp%2Fv2%2Ftags&post=2335"}],"curies":[{"name":"wp","href":"https:\/\/api.w.org\/{rel}","templated":true}]}}