{"id":2347,"date":"2018-10-15T20:51:42","date_gmt":"2018-10-16T00:51:42","guid":{"rendered":"\/clg-edmondlucienvalard\/?p=2347"},"modified":"2018-10-15T20:53:01","modified_gmt":"2018-10-16T00:53:01","slug":"cross-du-19-octobre-2018","status":"publish","type":"post","link":"https:\/\/site.ac-martinique.fr\/clg-edmondlucienvalard\/?p=2347","title":{"rendered":"Cross du 19 octobre 2018"},"content":{"rendered":"<p style=\"text-align: justify;\">Le cross du coll\u00e8ge pour l\u2019ensemble des \u00e9l\u00e8ves aura lieu cette ann\u00e9e \u00a0le <strong>Vendredi 19 octobre 2018<\/strong>. Les objectifs du CROSS sont\u00a0:<br \/>\n&#8211; Permettre \u00e0 nos jeunes de participer \u00e0 une activit\u00e9 <a href=\"\/clg-edmondlucienvalard\/wp-content\/uploads\/sites\/57\/2017\/10\/Cross-Coll\u00e8ge-Valard.jpg\" target=\"_blank\"><img loading=\"lazy\" decoding=\"async\" class=\"alignleft wp-image-1717\" src=\"\/clg-edmondlucienvalard\/wp-content\/uploads\/sites\/57\/2017\/10\/Cross-Coll\u00e8ge-Valard-300x253.jpg\" alt=\"\" width=\"167\" height=\"142\" srcset=\"https:\/\/site.ac-martinique.fr\/clg-edmondlucienvalard\/wp-content\/uploads\/sites\/57\/2017\/10\/Cross-Coll\u00e8ge-Valard-300x253.jpg 300w, https:\/\/site.ac-martinique.fr\/clg-edmondlucienvalard\/wp-content\/uploads\/sites\/57\/2017\/10\/Cross-Coll\u00e8ge-Valard-768x648.jpg 768w, https:\/\/site.ac-martinique.fr\/clg-edmondlucienvalard\/wp-content\/uploads\/sites\/57\/2017\/10\/Cross-Coll\u00e8ge-Valard-1024x864.jpg 1024w, https:\/\/site.ac-martinique.fr\/clg-edmondlucienvalard\/wp-content\/uploads\/sites\/57\/2017\/10\/Cross-Coll\u00e8ge-Valard-355x300.jpg 355w, https:\/\/site.ac-martinique.fr\/clg-edmondlucienvalard\/wp-content\/uploads\/sites\/57\/2017\/10\/Cross-Coll\u00e8ge-Valard.jpg 2000w\" sizes=\"auto, (max-width: 167px) 100vw, 167px\" \/><\/a>sportive \u00e0 travers le centre ville du Saint-Esprit<br \/>\n&#8211; De leur donner l\u2019opportunit\u00e9 de mettre en pratique les valeurs que nous leur inculquons\u00a0: go\u00fbt de l\u2019effort, entraide, solidarit\u00e9 respect des autres et des r\u00e8gles en vigueur<br \/>\n&#8211; De donner une image positive du coll\u00e8ge et des coll\u00e9giens. <a href=\"\/clg-edmondlucienvalard\/wp-content\/uploads\/sites\/57\/2018\/10\/Avis-aux-parents-Cross-18-19.pdf\" target=\"_blank\">Lire la suite<\/a><a href=\"\/clg-edmondlucienvalard\/wp-content\/uploads\/sites\/57\/2017\/10\/Parcours-Cross-20-10-17-e1508071621115.jpg\" target=\"_blank\"><img loading=\"lazy\" decoding=\"async\" class=\"alignright wp-image-1723 size-medium\" src=\"\/clg-edmondlucienvalard\/wp-content\/uploads\/sites\/57\/2017\/10\/Parcours-Cross-20-10-17-300x200.jpg\" alt=\"\" width=\"300\" height=\"200\" \/><\/a><\/p>\n<p style=\"text-align: justify;\">Vous pouvez prendre connaissance du parcours, sur la photo ci-contre, l&rsquo;<a href=\"\/clg-edmondlucienvalard\/wp-content\/uploads\/sites\/57\/2018\/10\/Organisation-du-Cross-17-18.pdf\" target=\"_blank\">Organisation du Cross 17-18<\/a><br \/>\net de l\u2019<a href=\"\/clg-edmondlucienvalard\/wp-content\/uploads\/sites\/57\/2018\/10\/Organisation-de-la-matin\u00e9e-19-10-18.pdf\" target=\"_blank\">Organisation de la matin\u00e9e 19-10-18<\/a><\/p>\n","protected":false},"excerpt":{"rendered":"<p>Le cross du coll\u00e8ge pour l\u2019ensemble des \u00e9l\u00e8ves aura lieu cette ann\u00e9e \u00a0le Vendredi 19 octobre 2018. Les objectifs du CROSS sont\u00a0: &#8211; Permettre \u00e0 nos jeunes de participer \u00e0 une activit\u00e9 sportive \u00e0 travers le centre ville du Saint-Esprit &hellip; <a href=\"https:\/\/site.ac-martinique.fr\/clg-edmondlucienvalard\/?p=2347\">Continuer la lecture <span class=\"meta-nav\">&rarr;<\/span><\/a><\/p>\n","protected":false},"author":136,"featured_media":0,"comment_status":"closed","ping_status":"open","sticky":false,"template":"","format":"standard","meta":{"footnotes":""},"categories":[14,28,62,53,54,15],"tags":[],"class_list":["post-2347","post","type-post","status-publish","format-standard","hentry","category-actions-projets","category-enseignements","category-infos-pratiques","category-municipalite","category-parents","category-unss"],"_links":{"self":[{"href":"https:\/\/site.ac-martinique.fr\/clg-edmondlucienvalard\/index.php?rest_route=\/wp\/v2\/posts\/2347","targetHints":{"allow":["GET"]}}],"collection":[{"href":"https:\/\/site.ac-martinique.fr\/clg-edmondlucienvalard\/index.php?rest_route=\/wp\/v2\/posts"}],"about":[{"href":"https:\/\/site.ac-martinique.fr\/clg-edmondlucienvalard\/index.php?rest_route=\/wp\/v2\/types\/post"}],"author":[{"embeddable":true,"href":"https:\/\/site.ac-martinique.fr\/clg-edmondlucienvalard\/index.php?rest_route=\/wp\/v2\/users\/136"}],"replies":[{"embeddable":true,"href":"https:\/\/site.ac-martinique.fr\/clg-edmondlucienvalard\/index.php?rest_route=%2Fwp%2Fv2%2Fcomments&post=2347"}],"version-history":[{"count":2,"href":"https:\/\/site.ac-martinique.fr\/clg-edmondlucienvalard\/index.php?rest_route=\/wp\/v2\/posts\/2347\/revisions"}],"predecessor-version":[{"id":2352,"href":"https:\/\/site.ac-martinique.fr\/clg-edmondlucienvalard\/index.php?rest_route=\/wp\/v2\/posts\/2347\/revisions\/2352"}],"wp:attachment":[{"href":"https:\/\/site.ac-martinique.fr\/clg-edmondlucienvalard\/index.php?rest_route=%2Fwp%2Fv2%2Fmedia&parent=2347"}],"wp:term":[{"taxonomy":"category","embeddable":true,"href":"https:\/\/site.ac-martinique.fr\/clg-edmondlucienvalard\/index.php?rest_route=%2Fwp%2Fv2%2Fcategories&post=2347"},{"taxonomy":"post_tag","embeddable":true,"href":"https:\/\/site.ac-martinique.fr\/clg-edmondlucienvalard\/index.php?rest_route=%2Fwp%2Fv2%2Ftags&post=2347"}],"curies":[{"name":"wp","href":"https:\/\/api.w.org\/{rel}","templated":true}]}}