{"id":2382,"date":"2018-11-11T19:18:14","date_gmt":"2018-11-11T23:18:14","guid":{"rendered":"\/clg-edmondlucienvalard\/?p=2382"},"modified":"2018-11-11T19:42:17","modified_gmt":"2018-11-11T23:42:17","slug":"cross-9eme-edition-19-octobre-2018","status":"publish","type":"post","link":"https:\/\/site.ac-martinique.fr\/clg-edmondlucienvalard\/?p=2382","title":{"rendered":"CROSS 9\u00e8me \u00e9dition 19 octobre 2018"},"content":{"rendered":"<p style=\"text-align: justify;\"><a href=\"\/clg-edmondlucienvalard\/wp-content\/uploads\/sites\/57\/2018\/11\/Cross-2018.jpg\" target=\"_blank\"><img loading=\"lazy\" decoding=\"async\" class=\"alignright wp-image-2384\" src=\"\/clg-edmondlucienvalard\/wp-content\/uploads\/sites\/57\/2018\/11\/Cross-2018-300x267.jpg\" alt=\"\" width=\"148\" height=\"133\" srcset=\"https:\/\/site.ac-martinique.fr\/clg-edmondlucienvalard\/wp-content\/uploads\/sites\/57\/2018\/11\/Cross-2018-300x267.jpg 300w, https:\/\/site.ac-martinique.fr\/clg-edmondlucienvalard\/wp-content\/uploads\/sites\/57\/2018\/11\/Cross-2018-337x300.jpg 337w, https:\/\/site.ac-martinique.fr\/clg-edmondlucienvalard\/wp-content\/uploads\/sites\/57\/2018\/11\/Cross-2018.jpg 441w\" sizes=\"auto, (max-width: 148px) 100vw, 148px\" \/><\/a>\u00a0\u00a0\u00a0\u00a0\u00a0\u00a0 La neuvi\u00e8me \u00e9dition du cross de notre coll\u00e8ge a eu lieu le vendredi 19 Octobre 2018. Axe fort de notre liaison 1<sup>er<\/sup> et second degr\u00e9, ce cross a \u00a0l\u2019ambition de mettre en \u00ab\u00a0action\u00a0\u00bb les valeurs travaill\u00e9es par notre communaut\u00e9 scolaire\u00a0: le go\u00fbt de l\u2019effort, la pers\u00e9v\u00e9rance, la solidarit\u00e9, le respect, l\u2019entraide. <!--more-->Sous un temps cl\u00e9ment,\u00a0 les \u00e9l\u00e8ves ont donn\u00e9 le meilleur d\u2019eux-m\u00eames, devant un public conquis (2km pour les plus jeunes et 2km 750 pour les 4\u00b0\/3\u00b0). <a href=\"\/clg-edmondlucienvalard\/wp-content\/uploads\/sites\/57\/2018\/11\/LE-CROSS-2018.pdf\" target=\"_blank\">Lire la suite<\/a><\/p>\n<p style=\"text-align: justify;\">Tous les r\u00e9sultats :<br \/>\n<a href=\"\/clg-edmondlucienvalard\/wp-content\/uploads\/sites\/57\/2018\/11\/RESULTATS-CM1-FILLES-2018.pdf\" target=\"_blank\">RESULTATS CM1 FILLES 2018<\/a>\u00a0\u00a0\u00a0\u00a0\u00a0\u00a0\u00a0\u00a0\u00a0 <a href=\"\/clg-edmondlucienvalard\/wp-content\/uploads\/sites\/57\/2018\/11\/RESULTATS-CM1-GARCONS-2018.pdf\" target=\"_blank\">RESULTATS CM1 GARCONS 2018<\/a><br \/>\n<a href=\"\/clg-edmondlucienvalard\/wp-content\/uploads\/sites\/57\/2018\/11\/RESULTATS-CM2-FILLES-2018.pdf\" target=\"_blank\">RESULTATS CM2 FILLES 2018<\/a>\u00a0\u00a0\u00a0\u00a0\u00a0\u00a0\u00a0\u00a0\u00a0 <a href=\"\/clg-edmondlucienvalard\/wp-content\/uploads\/sites\/57\/2018\/11\/RESULTATS-CM2-GARCONS-2018.pdf\" target=\"_blank\">RESULTATS CM2 GARCONS 2018<br \/>\n<\/a><a href=\"\/clg-edmondlucienvalard\/wp-content\/uploads\/sites\/57\/2018\/11\/RESULTATS-6EME-FILLES-2018.pdf\" target=\"_blank\">RESULTATS 6EME FILLES 2018<\/a>\u00a0\u00a0\u00a0\u00a0\u00a0\u00a0\u00a0\u00a0\u00a0 <a href=\"\/clg-edmondlucienvalard\/wp-content\/uploads\/sites\/57\/2018\/11\/RESULTATS-6EME-GARCONS-2018.pdf\" target=\"_blank\">RESULTATS 6EME GARCONS 2018<\/a><br \/>\n<a href=\"\/clg-edmondlucienvalard\/wp-content\/uploads\/sites\/57\/2018\/11\/RESULTATS-5EME-FILLES-2018.pdf\" target=\"_blank\">RESULTATS 5EME FILLES 2018<\/a>\u00a0\u00a0\u00a0\u00a0\u00a0\u00a0\u00a0\u00a0\u00a0 <a href=\"\/clg-edmondlucienvalard\/wp-content\/uploads\/sites\/57\/2018\/11\/RESULTATS-5EME-GARCONS-2018.pdf\" target=\"_blank\">RESULTATS 5EME GARCONS 2018<\/a><br \/>\n<a href=\"\/clg-edmondlucienvalard\/wp-content\/uploads\/sites\/57\/2018\/11\/RESULTATS-4EME-FILLES-2018.pdf\" target=\"_blank\">RESULTATS 4EME FILLES 2018<\/a>\u00a0\u00a0\u00a0\u00a0\u00a0\u00a0\u00a0\u00a0\u00a0 <a href=\"\/clg-edmondlucienvalard\/wp-content\/uploads\/sites\/57\/2018\/11\/RESULTATS-4EME-GARCONS-2018.pdf\" target=\"_blank\">RESULTATS 4EME GARCONS 2018<\/a><br \/>\n<a href=\"\/clg-edmondlucienvalard\/wp-content\/uploads\/sites\/57\/2018\/11\/RESULTATS-3EME-FILLES-2018.pdf\" target=\"_blank\">RESULTATS 3EME FILLES 2018<\/a>\u00a0\u00a0\u00a0\u00a0\u00a0\u00a0\u00a0\u00a0\u00a0 <a href=\"\/clg-edmondlucienvalard\/wp-content\/uploads\/sites\/57\/2018\/11\/RESULTATS-3EME-GARCONS-2018.pdf\" target=\"_blank\">RESULTATS 3EME GARCONS 2018<\/a><br \/>\n<a href=\"\/clg-edmondlucienvalard\/wp-content\/uploads\/sites\/57\/2018\/11\/RESULTATS-COURSE-ADAPTEE-PRIMAIRES-FILLES-2018.pdf\" target=\"_blank\">RESULTATS COURSE ADAPTEE PRIMAIRES FILLES 2018<\/a><br \/>\n<a href=\"\/clg-edmondlucienvalard\/wp-content\/uploads\/sites\/57\/2018\/11\/RESULTATS-COURSE-ADAPTEE-PRIMAIRES-GARCONS-2018.pdf\" target=\"_blank\">RESULTATS COURSE ADAPTEE PRIMAIRES GARCONS 2018<br \/>\n<\/a><a href=\"\/clg-edmondlucienvalard\/wp-content\/uploads\/sites\/57\/2018\/11\/RESULTATS-COURSE-ADAPTEE-COLLEGE-FILLES-2018.pdf\" target=\"_blank\">RESULTATS COURSE ADAPTEE COLLEGE FILLES 2018<\/a><br \/>\n<a href=\"\/clg-edmondlucienvalard\/wp-content\/uploads\/sites\/57\/2018\/11\/RESULTATS-COURSE-ADAPTEE-COLLEGE-GARCONS-2018.pdf\" target=\"_blank\">RESULTATS COURSE ADAPTEE COLLEGE GARCONS 2018<\/a><\/p>\n","protected":false},"excerpt":{"rendered":"<p>\u00a0\u00a0\u00a0\u00a0\u00a0\u00a0 La neuvi\u00e8me \u00e9dition du cross de notre coll\u00e8ge a eu lieu le vendredi 19 Octobre 2018. Axe fort de notre liaison 1er et second degr\u00e9, ce cross a \u00a0l\u2019ambition de mettre en \u00ab\u00a0action\u00a0\u00bb les valeurs travaill\u00e9es par notre communaut\u00e9 &hellip; <a href=\"https:\/\/site.ac-martinique.fr\/clg-edmondlucienvalard\/?p=2382\">Continuer la lecture <span class=\"meta-nav\">&rarr;<\/span><\/a><\/p>\n","protected":false},"author":136,"featured_media":0,"comment_status":"closed","ping_status":"open","sticky":false,"template":"","format":"standard","meta":{"footnotes":""},"categories":[14,34,53,69,54],"tags":[],"class_list":["post-2382","post","type-post","status-publish","format-standard","hentry","category-actions-projets","category-e-p-s","category-municipalite","category-parcours-sante","category-parents"],"_links":{"self":[{"href":"https:\/\/site.ac-martinique.fr\/clg-edmondlucienvalard\/index.php?rest_route=\/wp\/v2\/posts\/2382","targetHints":{"allow":["GET"]}}],"collection":[{"href":"https:\/\/site.ac-martinique.fr\/clg-edmondlucienvalard\/index.php?rest_route=\/wp\/v2\/posts"}],"about":[{"href":"https:\/\/site.ac-martinique.fr\/clg-edmondlucienvalard\/index.php?rest_route=\/wp\/v2\/types\/post"}],"author":[{"embeddable":true,"href":"https:\/\/site.ac-martinique.fr\/clg-edmondlucienvalard\/index.php?rest_route=\/wp\/v2\/users\/136"}],"replies":[{"embeddable":true,"href":"https:\/\/site.ac-martinique.fr\/clg-edmondlucienvalard\/index.php?rest_route=%2Fwp%2Fv2%2Fcomments&post=2382"}],"version-history":[{"count":9,"href":"https:\/\/site.ac-martinique.fr\/clg-edmondlucienvalard\/index.php?rest_route=\/wp\/v2\/posts\/2382\/revisions"}],"predecessor-version":[{"id":2410,"href":"https:\/\/site.ac-martinique.fr\/clg-edmondlucienvalard\/index.php?rest_route=\/wp\/v2\/posts\/2382\/revisions\/2410"}],"wp:attachment":[{"href":"https:\/\/site.ac-martinique.fr\/clg-edmondlucienvalard\/index.php?rest_route=%2Fwp%2Fv2%2Fmedia&parent=2382"}],"wp:term":[{"taxonomy":"category","embeddable":true,"href":"https:\/\/site.ac-martinique.fr\/clg-edmondlucienvalard\/index.php?rest_route=%2Fwp%2Fv2%2Fcategories&post=2382"},{"taxonomy":"post_tag","embeddable":true,"href":"https:\/\/site.ac-martinique.fr\/clg-edmondlucienvalard\/index.php?rest_route=%2Fwp%2Fv2%2Ftags&post=2382"}],"curies":[{"name":"wp","href":"https:\/\/api.w.org\/{rel}","templated":true}]}}