{"id":2760,"date":"2019-11-06T21:34:17","date_gmt":"2019-11-07T01:34:17","guid":{"rendered":"\/clg-edmondlucienvalard\/?p=2760"},"modified":"2019-11-06T21:34:17","modified_gmt":"2019-11-07T01:34:17","slug":"3eme-ceremonie-republicaine-de-remise-des-diplomes","status":"publish","type":"post","link":"https:\/\/site.ac-martinique.fr\/clg-edmondlucienvalard\/?p=2760","title":{"rendered":"3\u00e8me C\u00e9r\u00e9monie R\u00e9publicaine de remise des Dipl\u00f4mes"},"content":{"rendered":"<p style=\"text-align: justify;\">La 3<sup>\u00e8me<\/sup> \u00e9dition de la C\u00e9r\u00e9monie R\u00e9publicaine \u00e0 destination des anciens \u00e9l\u00e8ves de 3<sup>\u00e8me<\/sup> de la promotion 2018-2019 s\u2019est tenue le vendredi 18 octobre \u00e0 la salle du r\u00e9fectoire. Cette c\u00e9r\u00e9monie institu\u00e9e depuis 2017 a pour but de remettre de fa\u00e7on officielle le tout premier dipl\u00f4me sanctionnant les apprentissages du coll\u00e8ge c\u2019est-\u00e0-dire le Dipl\u00f4me\u00a0National du Brevet mais aussi le Certificat de Formation G\u00e9n\u00e9rale. <a href=\"\/clg-edmondlucienvalard\/wp-content\/uploads\/sites\/57\/2019\/11\/3\u00e8me-Journ\u00e9e-r\u00e9publicaine-18-10-19.pdf\" target=\"_blank\">Lire la suite.<\/a><\/p>\n","protected":false},"excerpt":{"rendered":"<p>La 3\u00e8me \u00e9dition de la C\u00e9r\u00e9monie R\u00e9publicaine \u00e0 destination des anciens \u00e9l\u00e8ves de 3\u00e8me de la promotion 2018-2019 s\u2019est tenue le vendredi 18 octobre \u00e0 la salle du r\u00e9fectoire. Cette c\u00e9r\u00e9monie institu\u00e9e depuis 2017 a pour but de remettre de &hellip; <a href=\"https:\/\/site.ac-martinique.fr\/clg-edmondlucienvalard\/?p=2760\">Continuer la lecture <span class=\"meta-nav\">&rarr;<\/span><\/a><\/p>\n","protected":false},"author":136,"featured_media":0,"comment_status":"closed","ping_status":"open","sticky":false,"template":"","format":"standard","meta":{"footnotes":""},"categories":[14,52,53,54,11],"tags":[],"class_list":["post-2760","post","type-post","status-publish","format-standard","hentry","category-actions-projets","category-ctm","category-municipalite","category-parents","category-vie-du-college"],"_links":{"self":[{"href":"https:\/\/site.ac-martinique.fr\/clg-edmondlucienvalard\/index.php?rest_route=\/wp\/v2\/posts\/2760","targetHints":{"allow":["GET"]}}],"collection":[{"href":"https:\/\/site.ac-martinique.fr\/clg-edmondlucienvalard\/index.php?rest_route=\/wp\/v2\/posts"}],"about":[{"href":"https:\/\/site.ac-martinique.fr\/clg-edmondlucienvalard\/index.php?rest_route=\/wp\/v2\/types\/post"}],"author":[{"embeddable":true,"href":"https:\/\/site.ac-martinique.fr\/clg-edmondlucienvalard\/index.php?rest_route=\/wp\/v2\/users\/136"}],"replies":[{"embeddable":true,"href":"https:\/\/site.ac-martinique.fr\/clg-edmondlucienvalard\/index.php?rest_route=%2Fwp%2Fv2%2Fcomments&post=2760"}],"version-history":[{"count":1,"href":"https:\/\/site.ac-martinique.fr\/clg-edmondlucienvalard\/index.php?rest_route=\/wp\/v2\/posts\/2760\/revisions"}],"predecessor-version":[{"id":2762,"href":"https:\/\/site.ac-martinique.fr\/clg-edmondlucienvalard\/index.php?rest_route=\/wp\/v2\/posts\/2760\/revisions\/2762"}],"wp:attachment":[{"href":"https:\/\/site.ac-martinique.fr\/clg-edmondlucienvalard\/index.php?rest_route=%2Fwp%2Fv2%2Fmedia&parent=2760"}],"wp:term":[{"taxonomy":"category","embeddable":true,"href":"https:\/\/site.ac-martinique.fr\/clg-edmondlucienvalard\/index.php?rest_route=%2Fwp%2Fv2%2Fcategories&post=2760"},{"taxonomy":"post_tag","embeddable":true,"href":"https:\/\/site.ac-martinique.fr\/clg-edmondlucienvalard\/index.php?rest_route=%2Fwp%2Fv2%2Ftags&post=2760"}],"curies":[{"name":"wp","href":"https:\/\/api.w.org\/{rel}","templated":true}]}}