{"id":3080,"date":"2021-03-18T12:32:37","date_gmt":"2021-03-18T16:32:37","guid":{"rendered":"\/clg-edmondlucienvalard\/?p=3080"},"modified":"2021-03-23T15:01:17","modified_gmt":"2021-03-23T19:01:17","slug":"competition-de-basket-du-10-mars-au-vauclin","status":"publish","type":"post","link":"https:\/\/site.ac-martinique.fr\/clg-edmondlucienvalard\/?p=3080","title":{"rendered":"Comp\u00e9tition de basket du 10 mars au Vauclin"},"content":{"rendered":"<p><a href=\"\/clg-edmondlucienvalard\/wp-content\/uploads\/sites\/57\/2021\/03\/Logo-UNSS.png\"><img loading=\"lazy\" decoding=\"async\" class=\" wp-image-3082 alignleft\" src=\"\/clg-edmondlucienvalard\/wp-content\/uploads\/sites\/57\/2021\/03\/Logo-UNSS.png\" alt=\"\" width=\"77\" height=\"51\" \/><\/a>Dans le cadre de l&rsquo;UNSS, les coll\u00e8ges Lizette MOUTACHY, du Vauclin et Edmond-Lucien VALARD de Saint-Esprit se sont livr\u00e9s \u00e0 une comp\u00e9tition de basket mercredi 10 mars 2021. <a href=\"\/clg-edmondlucienvalard\/wp-content\/uploads\/sites\/57\/2021\/03\/Comp\u00e9tition-du-mercredi-10-Mars-2021-Basket.pdf\" target=\"_blank\" rel=\"noopener\">Lire la suite.<\/a><\/p>\n","protected":false},"excerpt":{"rendered":"<p>Dans le cadre de l&rsquo;UNSS, les coll\u00e8ges Lizette MOUTACHY, du Vauclin et Edmond-Lucien VALARD de Saint-Esprit se sont livr\u00e9s \u00e0 une comp\u00e9tition de basket mercredi 10 mars 2021. Lire la suite.<\/p>\n","protected":false},"author":136,"featured_media":0,"comment_status":"closed","ping_status":"open","sticky":false,"template":"","format":"standard","meta":{"footnotes":""},"categories":[1],"tags":[],"class_list":["post-3080","post","type-post","status-publish","format-standard","hentry","category-non-classe"],"_links":{"self":[{"href":"https:\/\/site.ac-martinique.fr\/clg-edmondlucienvalard\/index.php?rest_route=\/wp\/v2\/posts\/3080","targetHints":{"allow":["GET"]}}],"collection":[{"href":"https:\/\/site.ac-martinique.fr\/clg-edmondlucienvalard\/index.php?rest_route=\/wp\/v2\/posts"}],"about":[{"href":"https:\/\/site.ac-martinique.fr\/clg-edmondlucienvalard\/index.php?rest_route=\/wp\/v2\/types\/post"}],"author":[{"embeddable":true,"href":"https:\/\/site.ac-martinique.fr\/clg-edmondlucienvalard\/index.php?rest_route=\/wp\/v2\/users\/136"}],"replies":[{"embeddable":true,"href":"https:\/\/site.ac-martinique.fr\/clg-edmondlucienvalard\/index.php?rest_route=%2Fwp%2Fv2%2Fcomments&post=3080"}],"version-history":[{"count":1,"href":"https:\/\/site.ac-martinique.fr\/clg-edmondlucienvalard\/index.php?rest_route=\/wp\/v2\/posts\/3080\/revisions"}],"predecessor-version":[{"id":3094,"href":"https:\/\/site.ac-martinique.fr\/clg-edmondlucienvalard\/index.php?rest_route=\/wp\/v2\/posts\/3080\/revisions\/3094"}],"wp:attachment":[{"href":"https:\/\/site.ac-martinique.fr\/clg-edmondlucienvalard\/index.php?rest_route=%2Fwp%2Fv2%2Fmedia&parent=3080"}],"wp:term":[{"taxonomy":"category","embeddable":true,"href":"https:\/\/site.ac-martinique.fr\/clg-edmondlucienvalard\/index.php?rest_route=%2Fwp%2Fv2%2Fcategories&post=3080"},{"taxonomy":"post_tag","embeddable":true,"href":"https:\/\/site.ac-martinique.fr\/clg-edmondlucienvalard\/index.php?rest_route=%2Fwp%2Fv2%2Ftags&post=3080"}],"curies":[{"name":"wp","href":"https:\/\/api.w.org\/{rel}","templated":true}]}}