{"id":3348,"date":"2021-10-14T18:45:09","date_gmt":"2021-10-14T22:45:09","guid":{"rendered":"https:\/\/site.ac-martinique.fr\/clg-edmondlucienvalard\/?p=3348"},"modified":"2021-10-14T18:46:57","modified_gmt":"2021-10-14T22:46:57","slug":"assemblee-generale-de-lassociation-sportive-sphynx","status":"publish","type":"post","link":"https:\/\/site.ac-martinique.fr\/clg-edmondlucienvalard\/?p=3348","title":{"rendered":"Assembl\u00e9e G\u00e9n\u00e9rale de l&rsquo;association sportive \u00ab\u00a0Sphynx\u00a0\u00bb"},"content":{"rendered":"<p><a href=\"https:\/\/site.ac-martinique.fr\/clg-edmondlucienvalard\/wp-content\/uploads\/sites\/57\/2021\/10\/Logo-UNSS.jpg\"><img loading=\"lazy\" decoding=\"async\" class=\"size-full wp-image-3351 alignright\" src=\"https:\/\/site.ac-martinique.fr\/clg-edmondlucienvalard\/wp-content\/uploads\/sites\/57\/2021\/10\/Logo-UNSS.jpg\" alt=\"\" width=\"131\" height=\"104\" \/> <\/a><\/p>\n<p>Nous vous invitons <strong><u>parents et \u00e9l\u00e8ves<\/u><\/strong> \u00e0 venir \u00e0 l\u2019Assembl\u00e9e g\u00e9n\u00e9rale de l\u2019association sportive\u00a0\u00ab\u00a0Sphinx\u00a0\u00bb : <strong><u>le vendredi 22 octobre 2021 \u00e0 12h<\/u><\/strong> dans la <u>salle du b\u00e2timent K<\/u><\/p>\n<p>(salle de tennis de table). Nous distribuerons les papiers d\u2019inscription apr\u00e8s avoir pr\u00e9sent\u00e9 le bilan de l\u2019ann\u00e9e, les objectifs pour cette nouvelle rentr\u00e9e et proc\u00e9d\u00e9 \u00e0 l\u2019\u00e9lection du bureau.<\/p>\n<p>L&rsquo;\u00e9quipe d&rsquo;EPS<\/p>\n<p><a href=\"https:\/\/site.ac-martinique.fr\/clg-edmondlucienvalard\/wp-content\/uploads\/sites\/57\/2021\/10\/Logo-asso-sportive-Sphynx.jpg\"><img loading=\"lazy\" decoding=\"async\" class=\"alignnone wp-image-3349 size-thumbnail\" src=\"https:\/\/site.ac-martinique.fr\/clg-edmondlucienvalard\/wp-content\/uploads\/sites\/57\/2021\/10\/Logo-asso-sportive-Sphynx-150x150.jpg\" alt=\"\" width=\"150\" height=\"150\" \/>\u00a0\u00a0\u00a0 <\/a><a href=\"https:\/\/site.ac-martinique.fr\/clg-edmondlucienvalard\/wp-content\/uploads\/sites\/57\/2021\/10\/Logo-du-college.jpeg.jpg\"><img loading=\"lazy\" decoding=\"async\" class=\"wp-image-3350 size-thumbnail alignright\" src=\"https:\/\/site.ac-martinique.fr\/clg-edmondlucienvalard\/wp-content\/uploads\/sites\/57\/2021\/10\/Logo-du-college.jpeg-150x150.jpg\" alt=\"\" width=\"150\" height=\"150\" srcset=\"https:\/\/site.ac-martinique.fr\/clg-edmondlucienvalard\/wp-content\/uploads\/sites\/57\/2021\/10\/Logo-du-college.jpeg-150x150.jpg 150w, https:\/\/site.ac-martinique.fr\/clg-edmondlucienvalard\/wp-content\/uploads\/sites\/57\/2021\/10\/Logo-du-college.jpeg-300x300.jpg 300w, https:\/\/site.ac-martinique.fr\/clg-edmondlucienvalard\/wp-content\/uploads\/sites\/57\/2021\/10\/Logo-du-college.jpeg-1024x1024.jpg 1024w, https:\/\/site.ac-martinique.fr\/clg-edmondlucienvalard\/wp-content\/uploads\/sites\/57\/2021\/10\/Logo-du-college.jpeg-768x768.jpg 768w, https:\/\/site.ac-martinique.fr\/clg-edmondlucienvalard\/wp-content\/uploads\/sites\/57\/2021\/10\/Logo-du-college.jpeg.jpg 1191w\" sizes=\"auto, (max-width: 150px) 100vw, 150px\" \/><\/a><\/p>\n<p>&nbsp;<\/p>\n","protected":false},"excerpt":{"rendered":"<p>Nous vous invitons parents et \u00e9l\u00e8ves \u00e0 venir \u00e0 l\u2019Assembl\u00e9e g\u00e9n\u00e9rale de l\u2019association sportive\u00a0\u00ab\u00a0Sphinx\u00a0\u00bb : le vendredi 22 octobre 2021 \u00e0 12h dans la salle du b\u00e2timent K (salle de tennis de table). Nous distribuerons les papiers d\u2019inscription apr\u00e8s avoir &hellip; <a href=\"https:\/\/site.ac-martinique.fr\/clg-edmondlucienvalard\/?p=3348\">Continuer la lecture <span class=\"meta-nav\">&rarr;<\/span><\/a><\/p>\n","protected":false},"author":136,"featured_media":0,"comment_status":"closed","ping_status":"open","sticky":false,"template":"","format":"standard","meta":{"footnotes":""},"categories":[34,69,54,15],"tags":[113,112],"class_list":["post-3348","post","type-post","status-publish","format-standard","hentry","category-e-p-s","category-parcours-sante","category-parents","category-unss","tag-ag-de-lassociation-du-sphynx","tag-assemble-generale-de-lassociation-sportive"],"_links":{"self":[{"href":"https:\/\/site.ac-martinique.fr\/clg-edmondlucienvalard\/index.php?rest_route=\/wp\/v2\/posts\/3348","targetHints":{"allow":["GET"]}}],"collection":[{"href":"https:\/\/site.ac-martinique.fr\/clg-edmondlucienvalard\/index.php?rest_route=\/wp\/v2\/posts"}],"about":[{"href":"https:\/\/site.ac-martinique.fr\/clg-edmondlucienvalard\/index.php?rest_route=\/wp\/v2\/types\/post"}],"author":[{"embeddable":true,"href":"https:\/\/site.ac-martinique.fr\/clg-edmondlucienvalard\/index.php?rest_route=\/wp\/v2\/users\/136"}],"replies":[{"embeddable":true,"href":"https:\/\/site.ac-martinique.fr\/clg-edmondlucienvalard\/index.php?rest_route=%2Fwp%2Fv2%2Fcomments&post=3348"}],"version-history":[{"count":3,"href":"https:\/\/site.ac-martinique.fr\/clg-edmondlucienvalard\/index.php?rest_route=\/wp\/v2\/posts\/3348\/revisions"}],"predecessor-version":[{"id":3354,"href":"https:\/\/site.ac-martinique.fr\/clg-edmondlucienvalard\/index.php?rest_route=\/wp\/v2\/posts\/3348\/revisions\/3354"}],"wp:attachment":[{"href":"https:\/\/site.ac-martinique.fr\/clg-edmondlucienvalard\/index.php?rest_route=%2Fwp%2Fv2%2Fmedia&parent=3348"}],"wp:term":[{"taxonomy":"category","embeddable":true,"href":"https:\/\/site.ac-martinique.fr\/clg-edmondlucienvalard\/index.php?rest_route=%2Fwp%2Fv2%2Fcategories&post=3348"},{"taxonomy":"post_tag","embeddable":true,"href":"https:\/\/site.ac-martinique.fr\/clg-edmondlucienvalard\/index.php?rest_route=%2Fwp%2Fv2%2Ftags&post=3348"}],"curies":[{"name":"wp","href":"https:\/\/api.w.org\/{rel}","templated":true}]}}