{"id":3663,"date":"2022-07-09T15:00:07","date_gmt":"2022-07-09T19:00:07","guid":{"rendered":"https:\/\/site.ac-martinique.fr\/clg-edmondlucienvalard\/?p=3663"},"modified":"2022-07-09T15:00:07","modified_gmt":"2022-07-09T19:00:07","slug":"sortie-pirogue-et-kayak-des-eleves-dulis","status":"publish","type":"post","link":"https:\/\/site.ac-martinique.fr\/clg-edmondlucienvalard\/?p=3663","title":{"rendered":"Sortie pirogue et kayak des \u00e9l\u00e8ves d&rsquo;ULIS"},"content":{"rendered":"<p><a href=\"https:\/\/site.ac-martinique.fr\/clg-edmondlucienvalard\/wp-content\/uploads\/sites\/57\/2022\/07\/Sortie-pirogue-kayak-ULIS-juin-2022-1.jpg\"><img loading=\"lazy\" decoding=\"async\" class=\"size-medium wp-image-3665 aligncenter\" src=\"https:\/\/site.ac-martinique.fr\/clg-edmondlucienvalard\/wp-content\/uploads\/sites\/57\/2022\/07\/Sortie-pirogue-kayak-ULIS-juin-2022-1-245x300.jpg\" alt=\"\" width=\"245\" height=\"300\" srcset=\"https:\/\/site.ac-martinique.fr\/clg-edmondlucienvalard\/wp-content\/uploads\/sites\/57\/2022\/07\/Sortie-pirogue-kayak-ULIS-juin-2022-1-245x300.jpg 245w, https:\/\/site.ac-martinique.fr\/clg-edmondlucienvalard\/wp-content\/uploads\/sites\/57\/2022\/07\/Sortie-pirogue-kayak-ULIS-juin-2022-1.jpg 500w\" sizes=\"auto, (max-width: 245px) 100vw, 245px\" \/><\/a>Nous avons organis\u00e9 la journ\u00e9e du 20 juin une sortie pour les \u00e9l\u00e8ves de l\u2019Ulis. 9 \u00e9l\u00e8ves du dispositif ont pu d\u00e9couvrir ou red\u00e9couvrir une partie de la mangrove et de la mer de Sainte-Luce ainsi qu\u2019une embarcation am\u00e9rindienne : la pirogue. <a href=\"https:\/\/site.ac-martinique.fr\/clg-edmondlucienvalard\/wp-content\/uploads\/sites\/57\/2022\/07\/Sortie-pirogue-et-kayak-pour-les-eleves-dULIS.pdf\" target=\"_blank\" rel=\"noopener\">Lire la suite.<\/a><\/p>\n<p><a style=\"text-decoration-line: underline;\" href=\"https:\/\/site.ac-martinique.fr\/clg-edmondlucienvalard\/wp-content\/uploads\/sites\/57\/2022\/07\/Sortie-pirogue-kayak-ULIS-juin-2022-2.png\"><img loading=\"lazy\" decoding=\"async\" class=\"size-medium wp-image-3664 aligncenter\" style=\"border-color: #bbbbbb; background: #eeeeee;\" src=\"https:\/\/site.ac-martinique.fr\/clg-edmondlucienvalard\/wp-content\/uploads\/sites\/57\/2022\/07\/Sortie-pirogue-kayak-ULIS-juin-2022-2-300x225.png\" alt=\"\" width=\"300\" height=\"225\" srcset=\"https:\/\/site.ac-martinique.fr\/clg-edmondlucienvalard\/wp-content\/uploads\/sites\/57\/2022\/07\/Sortie-pirogue-kayak-ULIS-juin-2022-2-300x225.png 300w, https:\/\/site.ac-martinique.fr\/clg-edmondlucienvalard\/wp-content\/uploads\/sites\/57\/2022\/07\/Sortie-pirogue-kayak-ULIS-juin-2022-2-768x577.png 768w, https:\/\/site.ac-martinique.fr\/clg-edmondlucienvalard\/wp-content\/uploads\/sites\/57\/2022\/07\/Sortie-pirogue-kayak-ULIS-juin-2022-2-400x300.png 400w, https:\/\/site.ac-martinique.fr\/clg-edmondlucienvalard\/wp-content\/uploads\/sites\/57\/2022\/07\/Sortie-pirogue-kayak-ULIS-juin-2022-2.png 951w\" sizes=\"auto, (max-width: 300px) 100vw, 300px\" \/><\/a><\/p>\n","protected":false},"excerpt":{"rendered":"<p>Nous avons organis\u00e9 la journ\u00e9e du 20 juin une sortie pour les \u00e9l\u00e8ves de l\u2019Ulis. 9 \u00e9l\u00e8ves du dispositif ont pu d\u00e9couvrir ou red\u00e9couvrir une partie de la mangrove et de la mer de Sainte-Luce ainsi qu\u2019une embarcation am\u00e9rindienne : &hellip; <a href=\"https:\/\/site.ac-martinique.fr\/clg-edmondlucienvalard\/?p=3663\">Continuer la lecture <span class=\"meta-nav\">&rarr;<\/span><\/a><\/p>\n","protected":false},"author":136,"featured_media":0,"comment_status":"closed","ping_status":"open","sticky":false,"template":"","format":"standard","meta":{"footnotes":""},"categories":[14,34,69,12,36],"tags":[183,184,182],"class_list":["post-3663","post","type-post","status-publish","format-standard","hentry","category-actions-projets","category-e-p-s","category-parcours-sante","category-sorties","category-ulis","tag-sortie-kayak","tag-sortie-pirogue","tag-ulis"],"_links":{"self":[{"href":"https:\/\/site.ac-martinique.fr\/clg-edmondlucienvalard\/index.php?rest_route=\/wp\/v2\/posts\/3663","targetHints":{"allow":["GET"]}}],"collection":[{"href":"https:\/\/site.ac-martinique.fr\/clg-edmondlucienvalard\/index.php?rest_route=\/wp\/v2\/posts"}],"about":[{"href":"https:\/\/site.ac-martinique.fr\/clg-edmondlucienvalard\/index.php?rest_route=\/wp\/v2\/types\/post"}],"author":[{"embeddable":true,"href":"https:\/\/site.ac-martinique.fr\/clg-edmondlucienvalard\/index.php?rest_route=\/wp\/v2\/users\/136"}],"replies":[{"embeddable":true,"href":"https:\/\/site.ac-martinique.fr\/clg-edmondlucienvalard\/index.php?rest_route=%2Fwp%2Fv2%2Fcomments&post=3663"}],"version-history":[{"count":1,"href":"https:\/\/site.ac-martinique.fr\/clg-edmondlucienvalard\/index.php?rest_route=\/wp\/v2\/posts\/3663\/revisions"}],"predecessor-version":[{"id":3667,"href":"https:\/\/site.ac-martinique.fr\/clg-edmondlucienvalard\/index.php?rest_route=\/wp\/v2\/posts\/3663\/revisions\/3667"}],"wp:attachment":[{"href":"https:\/\/site.ac-martinique.fr\/clg-edmondlucienvalard\/index.php?rest_route=%2Fwp%2Fv2%2Fmedia&parent=3663"}],"wp:term":[{"taxonomy":"category","embeddable":true,"href":"https:\/\/site.ac-martinique.fr\/clg-edmondlucienvalard\/index.php?rest_route=%2Fwp%2Fv2%2Fcategories&post=3663"},{"taxonomy":"post_tag","embeddable":true,"href":"https:\/\/site.ac-martinique.fr\/clg-edmondlucienvalard\/index.php?rest_route=%2Fwp%2Fv2%2Ftags&post=3663"}],"curies":[{"name":"wp","href":"https:\/\/api.w.org\/{rel}","templated":true}]}}